{"id":4923,"date":"2024-09-27T06:00:00","date_gmt":"2024-09-27T04:00:00","guid":{"rendered":"https:\/\/invest-in-niederrhein.de\/?p=4923"},"modified":"2024-09-24T11:08:46","modified_gmt":"2024-09-24T09:08:46","slug":"ein-blick-in-die-zukunft-der-innenstaedte","status":"publish","type":"post","link":"https:\/\/standort-niederrhein.de\/en\/2024\/09\/27\/ein-blick-in-die-zukunft-der-innenstaedte\/","title":{"rendered":"Ein Blick in die Zukunft der Innenst\u00e4dte \u00a0"},"content":{"rendered":"\n<p><strong>Kreis Kleve\/ Kevelaer. <\/strong>Die H\u00e4ndler in den Innenst\u00e4dten stehen vor gro\u00dfen Herausforderungen \u2013 hier macht der Kreis Kleve keine Ausnahme. Denn die Verlockung, Waren im Internet mit nur wenigen Klicks zu bestellen, ist gro\u00df. W\u00e4hrend der Corona-Pandemie haben sich zudem viele Mitarbeitende neue Jobs gesucht und es ist schwer, neues Personal zu finden. Und steigende Preise allerorten sorgen daf\u00fcr, dass die Konsumfreudigkeit zur\u00fcckgeht. Dies alles sorgt f\u00fcr Umsatzr\u00fcckg\u00e4nge und in der Konsequenz f\u00fcr Gesch\u00e4ftsaufgaben und Leerst\u00e4nde in den Innenst\u00e4dten. Nicht nur die lokalen H\u00e4ndler sind daran interessiert, dass sich das wieder \u00e4ndert, auch die B\u00fcrger freuen sich \u00fcber lebendige Innenst\u00e4dte und ein vielf\u00e4ltiges Angebot vor Ort. Welche Perspektiven bieten sich? Welche Ideen gibt es, den lokalen Einzelhandel zu st\u00e4rken? Dar\u00fcber diskutierten nun Expertinnen und Experten auf Einladung von Wirtschaftsf\u00f6rderung Kreis Kleve und Handelsverband Nordrhein-Westfalen \u2013 Kreis Kleve e.V. in der Wallfahrtsstadt Kevelaer.<\/p>\n\n\n\n<p>Im Konzert und B\u00fchnenhaus zeigte zun\u00e4chst Jens Nu\u00dfbaum von der Stadt + Handel Beckmann und F\u00f6hrer Stadtplaner GmbH \u201eL\u00f6sungen f\u00fcr die Innenstadt von morgen\u201c \u2013 so der Titel seines Vortrags \u2013 auf. \u201eVitalit\u00e4t, Individualit\u00e4t, Mentalit\u00e4t\u201c, dies, so Nu\u00dfbaum, sei ein Erfolg versprechender Dreiklang. Attraktiv seien St\u00e4dte, so der Experte, wenn sie viele Besuchsanl\u00e4sse bieten, gut erreichbar sind und einen ansprechenden Nutzungsmix vorweisen k\u00f6nnen. \u201eUm es auf einen Nenner zu bringen: Es muss etwas los sein!\u201c, fasste Nu\u00dfbaum zusammen. Mit Individualit\u00e4t punkte eine Stadt, wenn sie eine hohe Raum- und Erlebnisqualit\u00e4t schafft und G\u00e4ste dort auf viele Gesch\u00e4fte treffen, die nicht an jeder Ecke zu finden sind. Der Experte hatte einige Beispiele f\u00fcr individuelle Angebote in Zentren mitgebracht, etwa Handy-Ladem\u00f6glichkeiten an Sitzb\u00e4nken, einen digitalen Spieleverleih, ein Urban-Gardening-Projekt und eine Lesebox. Stichwort Mentalit\u00e4t: Ein gutes Stadtmarketing sei, so Nu\u00dfbaum, ebenfalls wichtig, um Besucherinnen und Besucher anzuziehen. Vielf\u00e4ltige Aktivit\u00e4ten, auch abseits des Handels, beziehungsweise innovative Kooperationsveranstaltungen t\u00e4ten ihr \u00dcbriges.<\/p>\n\n\n\n<p>In einer moderierten Gespr\u00e4chsrunde tauschte sich Nussbaum anschlie\u00dfend mit H\u00e4ndlerinnen aus dem Kreis Kleve dar\u00fcber aus, welche Ans\u00e4tze f\u00fcr den lokalen Einzelhandel vielversprechend sind. Annegret Welbers, Inhaberin des Musikhaus Welbers in der Wallfahrtsstadt Kevelaer, hatte eine interessante Idee parat: \u201eMan k\u00f6nnte ein gebrauchtes Klavier oder einen Fl\u00fcgel im \u00f6ffentlichen Raum platzieren, damit die Menschen in der Stadt gemeinsam musizieren und singen k\u00f6nnen.\u201c Wichtig sind in ihren Augen preisg\u00fcnstige Innenstadt-nahe Parkfl\u00e4chen. Susanne Rexing, Inhaberin des gleichnamigen Einrichtungshauses in Kleve, betonte, wie wichtig ein ansprechendes, einheitliches Stadtbild sei. Rexing bef\u00fcrwortet eine abgestimmte Gestaltung von Geb\u00e4uden und R\u00e4umen. \u201eKundinnen und Kunden fahren dahin, wo es sch\u00f6n ist\u201c, betonte sie. F\u00f6rderprogramme wie das Fassaden- und Hoffl\u00e4chenprogramm in Kleve k\u00f6nnten helfen, Anreize zur Sanierung und Versch\u00f6nerung von Gesch\u00e4ftsgeb\u00e4uden zu liefern. Nussbaum appellierte auch an die Eigent\u00fcmer der Ladenlokale: \u201eDas Mietpreisniveau ist sehr hoch. Leerst\u00e4nde helfen Vermietern nicht weiter, langfristige Mieter hingegen schon.\u201c<\/p>\n\n\n\n<p>Auch das Auditorium diskutierte lebhaft mit und lieferte weitere Ans\u00e4tze, die zahlreichen Herausforderungen zu meistern.<\/p>\n\n\n\n<p>Quelle: <a href=\"http:\/\/www.wfg-kreis-kleve.de\">WFG Kreis Kleve<\/a><\/p>\n\n\n<figure class=\"wp-block-post-featured-image\"><img loading=\"lazy\" decoding=\"async\" width=\"2250\" height=\"1500\" src=\"https:\/\/standort-niederrhein.de\/wp-content\/uploads\/2024\/09\/Innenstadt_PI.jpg\" class=\"attachment-post-thumbnail size-post-thumbnail wp-post-image\" alt=\"\" style=\"object-fit:cover;\" srcset=\"https:\/\/standort-niederrhein.de\/wp-content\/uploads\/2024\/09\/Innenstadt_PI.jpg 2250w, https:\/\/standort-niederrhein.de\/wp-content\/uploads\/2024\/09\/Innenstadt_PI-1280x853.jpg 1280w, https:\/\/standort-niederrhein.de\/wp-content\/uploads\/2024\/09\/Innenstadt_PI-980x653.jpg 980w, https:\/\/standort-niederrhein.de\/wp-content\/uploads\/2024\/09\/Innenstadt_PI-480x320.jpg 480w\" sizes=\"(min-width: 0px) and (max-width: 480px) 480px, (min-width: 481px) and (max-width: 980px) 980px, (min-width: 981px) and (max-width: 1280px) 1280px, (min-width: 1281px) 2250px, 100vw\" \/><\/figure>\n\n\n<p>Von links: Annegret Welbers (Musikhaus Welbers), Marc Cattelaens (Wirtschaftsf\u00f6rderung Kreis Kleve), Jens Nu\u00dfbaum (Stadt + Handel Beckmann und F\u00f6hrer Stadtplaner GmbH) Susanne Rexing (Einrichtungshaus Rexing), Richard Thielen (Gesch\u00e4ftsf\u00fchrer Handelsverband Nordrhein-Westfalen \u2013 Kreis Kleve e.V.) und Brigitte Jansen (Gesch\u00e4ftsf\u00fchrerin Wirtschaftsf\u00f6rderung Kreis Kleve) bei der Veranstaltung im Konzert- und B\u00fchnenhaus Kevelaer. | Foto: WFG Kreis Kleve<\/p>\n","protected":false},"excerpt":{"rendered":"<p>Kreis Kleve\/ Kevelaer. Die H\u00e4ndler in den Innenst\u00e4dten stehen vor gro\u00dfen Herausforderungen \u2013 hier macht der Kreis Kleve keine Ausnahme. Denn die Verlockung, Waren im Internet mit nur wenigen Klicks zu bestellen, ist gro\u00df. W\u00e4hrend der Corona-Pandemie haben sich zudem viele Mitarbeitende neue Jobs gesucht und es ist schwer, neues Personal zu finden. Und steigende [&hellip;]<\/p>\n","protected":false},"author":3,"featured_media":4924,"comment_status":"closed","ping_status":"closed","sticky":false,"template":"","format":"standard","meta":{"_et_pb_use_builder":"","_et_pb_old_content":"","_et_gb_content_width":"","footnotes":""},"categories":[1],"tags":[],"class_list":["post-4923","post","type-post","status-publish","format-standard","has-post-thumbnail","hentry","category-allgemein"],"_links":{"self":[{"href":"https:\/\/standort-niederrhein.de\/en\/wp-json\/wp\/v2\/posts\/4923","targetHints":{"allow":["GET"]}}],"collection":[{"href":"https:\/\/standort-niederrhein.de\/en\/wp-json\/wp\/v2\/posts"}],"about":[{"href":"https:\/\/standort-niederrhein.de\/en\/wp-json\/wp\/v2\/types\/post"}],"author":[{"embeddable":true,"href":"https:\/\/standort-niederrhein.de\/en\/wp-json\/wp\/v2\/users\/3"}],"replies":[{"embeddable":true,"href":"https:\/\/standort-niederrhein.de\/en\/wp-json\/wp\/v2\/comments?post=4923"}],"version-history":[{"count":1,"href":"https:\/\/standort-niederrhein.de\/en\/wp-json\/wp\/v2\/posts\/4923\/revisions"}],"predecessor-version":[{"id":4925,"href":"https:\/\/standort-niederrhein.de\/en\/wp-json\/wp\/v2\/posts\/4923\/revisions\/4925"}],"wp:featuredmedia":[{"embeddable":true,"href":"https:\/\/standort-niederrhein.de\/en\/wp-json\/wp\/v2\/media\/4924"}],"wp:attachment":[{"href":"https:\/\/standort-niederrhein.de\/en\/wp-json\/wp\/v2\/media?parent=4923"}],"wp:term":[{"taxonomy":"category","embeddable":true,"href":"https:\/\/standort-niederrhein.de\/en\/wp-json\/wp\/v2\/categories?post=4923"},{"taxonomy":"post_tag","embeddable":true,"href":"https:\/\/standort-niederrhein.de\/en\/wp-json\/wp\/v2\/tags?post=4923"}],"curies":[{"name":"wp","href":"https:\/\/api.w.org\/{rel}","templated":true}]}}