{"id":4920,"date":"2024-09-25T06:00:00","date_gmt":"2024-09-25T04:00:00","guid":{"rendered":"https:\/\/invest-in-niederrhein.de\/?p=4920"},"modified":"2024-09-24T11:05:58","modified_gmt":"2024-09-24T09:05:58","slug":"service-und-koordinierungsgesellschaft-fuer-preisguenstigen-und-bezahlbaren-wohnraum-und-ten-brinke-planen-entwicklung-des-etex-gelaendes","status":"publish","type":"post","link":"https:\/\/standort-niederrhein.de\/en\/2024\/09\/25\/service-und-koordinierungsgesellschaft-fuer-preisguenstigen-und-bezahlbaren-wohnraum-und-ten-brinke-planen-entwicklung-des-etex-gelaendes\/","title":{"rendered":"Service- und Koordinierungsgesellschaft f\u00fcr preisg\u00fcnstigen und bezahlbaren Wohnraum und Ten Brinke planen Entwicklung des Etex-Gel\u00e4ndes"},"content":{"rendered":"\n<p><strong>Rhein-Kreis Neuss\/Neuss. <\/strong>Der Rhein-Kreis Neuss treibt die Schaffung von bezahlbarem Wohnraum im Kreisgebiet weiter tatkr\u00e4ftig voran.Die Service- und Koordinierungsgesellschaft f\u00fcr preisg\u00fcnstigen und bezahlbaren Wohnraum Rhein-Kreis Neuss mbH ist dabei ein starker und wichtiger Akteur. Jetzt geht sie gemeinsam mit der Firma Ten Brinke ein Gro\u00df-Projekt mit Leuchtturmcharakter an:Auf dem ehemaligen Werksgel\u00e4nde von Etex am Bergh\u00e4uschensweg in Neuss sollen rund 500 Wohneinheiten entstehen. Etwa 300 im Wesentlichen \u00f6ffentlich gef\u00f6rderte Wohneinheiten einschlie\u00dflich 300 Stellpl\u00e4tzen in einem Quartiersparkhaus sollen hierbei durch die Service- und Koordinierungsgesellschaft des Kreises gebaut werden. Hierzu m\u00f6chte die Kreis-Gesellschaft rund 12 000 Quadratmeter auf dem fr\u00fcheren Industrieareal erwerben. Darauf sollen rund 30 000 Quadratmeter Bruttogeschossfl\u00e4che der geplanten Wohneinheiten entstehen. Hierauf haben sich die <a>Service- und Koordinierungsgesellschaft<\/a> und die Ten Brinke Projektentwicklung GmbH verst\u00e4ndigt. In den kommenden Monaten soll eine Konkretisierung gemeinsam mit der Stadt Neuss und den Investoren f\u00fcr das geplante Vorhaben vorangetrieben werden.&nbsp;<\/p>\n\n\n\n<p>M\u00f6glich wird die Kooperation durch den jetzt erfolgten Kauf des ehemaligen ETEX-Werksgel\u00e4ndes durch die Firma Ten Brinke.<\/p>\n\n\n\n<p>\u201eUnser Ziel ist es, preisg\u00fcnstigen Wohnraum f\u00fcr die B\u00fcrgerinnen und B\u00fcrger im Rhein-Kreis Neuss zu schaffen. Das kommt zum Beispiel Facharbeitern, Besch\u00e4ftigten in den Gesundheits- und Pflegeberufen sowie Erziehern, Senioren und Familien zugute. Gerade in finanziell schwierigen Zeiten, die vielen Menschen gro\u00dfe Sorgen bereiten, ist das Engagement der Service- und Koordinierungsgesellschaft besonders wichtig\u201c, betont Landrat Hans-J\u00fcrgen Petrauschke. \u201eDurch unsere Kooperation wird die Erschlie\u00dfung des Etex-Gel\u00e4ndes in Neuss jetzt wieder kraftvoll angesto\u00dfen und erm\u00f6glicht auch die Entwicklung des Gesamtareals mit einem Nahversorgungszentrum, einem B\u00fcrgerhaus und zwei Kindertagesst\u00e4tten.\u201c<\/p>\n\n\n\n<p>Vom bisherigen Eigent\u00fcmer Etex erwirbt Ten Brinke eine Fl\u00e4che von insgesamt mehr als 56 000 Quadratmeter, rund 12 000 Quadratmeter hiervon sind f\u00fcr das Wohnbauvorhaben der Service- und Koordinierungsgesellschaft vorgesehen.<\/p>\n\n\n\n<p>Der Kreistag hatte die Gr\u00fcndung der Service- und Koordinierungsgesellschaft 2021 einstimmig beschlossen. Ihr Ziel ist es, im Auftrag der Kommunen und des Kreises Projekte zur Schaffung von gef\u00f6rdertem und bezahlbaren Wohnraum umzusetzen und sich auch um die Wohnungsverwaltung zu k\u00fcmmern. Die Pyramis Immobilien GmbH (Pyramis) ist hierbei strategischer Partner des Rhein-Kreises Neuss und mit der Gesch\u00e4ftsf\u00fchrung der Service- und Koordinierungsgesellschaft beauftragt. \u201eUnser Engagement f\u00fcr den Bau von bezahlbarem Wohnraum auf dem Etex-Areal sowie der damit verbundene Impuls f\u00fcr die weitere Entwicklung der Gesamtfl\u00e4che machen deutlich, wie leistungsf\u00e4hig die Gesellschaft ist und wie die kreisangeh\u00f6rigen Kommunen und damit die Menschen im Rhein-Kreis Neuss von ihrer Kraft profitieren\u201c, sagt Pyramis-Gesch\u00e4ftsf\u00fchrer Michael Kirchner.<\/p>\n\n\n\n<p>In diesem Jahr erfolgte die Fertigstellung der ersten Projekte der Service- und Koordinierungsgesellschaft in Rommerskirchen-Deelen und Grevenbroich, zudem wurden weitere Projekte in J\u00fcchen, Kaarst und Korschenbroich auf den Weg gebracht.<\/p>\n\n\n\n<p>Quelle: <a href=\"http:\/\/www.rhein-kreis-neuss.de\">Rhein-Kreis Neuss<\/a><\/p>\n\n\n<figure class=\"wp-block-post-featured-image\"><img loading=\"lazy\" decoding=\"async\" width=\"2560\" height=\"1458\" src=\"https:\/\/standort-niederrhein.de\/wp-content\/uploads\/2024\/09\/RKN-TenBrinke-ETEX-Gelaende--scaled.jpg\" class=\"attachment-post-thumbnail size-post-thumbnail wp-post-image\" alt=\"\" style=\"object-fit:cover;\" srcset=\"https:\/\/standort-niederrhein.de\/wp-content\/uploads\/2024\/09\/RKN-TenBrinke-ETEX-Gelaende--scaled.jpg 2560w, https:\/\/standort-niederrhein.de\/wp-content\/uploads\/2024\/09\/RKN-TenBrinke-ETEX-Gelaende--1280x729.jpg 1280w, https:\/\/standort-niederrhein.de\/wp-content\/uploads\/2024\/09\/RKN-TenBrinke-ETEX-Gelaende--980x558.jpg 980w, https:\/\/standort-niederrhein.de\/wp-content\/uploads\/2024\/09\/RKN-TenBrinke-ETEX-Gelaende--480x273.jpg 480w\" sizes=\"(min-width: 0px) and (max-width: 480px) 480px, (min-width: 481px) and (max-width: 980px) 980px, (min-width: 981px) and (max-width: 1280px) 1280px, (min-width: 1281px) 2560px, 100vw\" \/><\/figure>\n\n\n<p>Albert ten Brinke, Gesch\u00e4ftsf\u00fchrer der Ten Brinke Group, Landrat Hans-J\u00fcrgen Petrauschke und Michael Kirchner, Gesch\u00e4ftsf\u00fchrer der Service- und Koordinierungsgesellschaft f\u00fcr preisg\u00fcnstigen und bezahlbaren Wohnraum Rhein-Kreis Neuss (v.l.) planen die Entwicklung von preisg\u00fcnstigem Wohnraum auf dem ehemaligen ETEX-Werksgel\u00e4nde in Neuss. | Foto: W. Walter\/ Rhein-Kreis Neuss<\/p>\n","protected":false},"excerpt":{"rendered":"<p>Rhein-Kreis Neuss\/Neuss. Der Rhein-Kreis Neuss treibt die Schaffung von bezahlbarem Wohnraum im Kreisgebiet weiter tatkr\u00e4ftig voran.Die Service- und Koordinierungsgesellschaft f\u00fcr preisg\u00fcnstigen und bezahlbaren Wohnraum Rhein-Kreis Neuss mbH ist dabei ein starker und wichtiger Akteur. Jetzt geht sie gemeinsam mit der Firma Ten Brinke ein Gro\u00df-Projekt mit Leuchtturmcharakter an:Auf dem ehemaligen Werksgel\u00e4nde von Etex am Bergh\u00e4uschensweg [&hellip;]<\/p>\n","protected":false},"author":3,"featured_media":4921,"comment_status":"closed","ping_status":"closed","sticky":false,"template":"","format":"standard","meta":{"_et_pb_use_builder":"","_et_pb_old_content":"","_et_gb_content_width":"","footnotes":""},"categories":[1],"tags":[],"class_list":["post-4920","post","type-post","status-publish","format-standard","has-post-thumbnail","hentry","category-allgemein"],"_links":{"self":[{"href":"https:\/\/standort-niederrhein.de\/en\/wp-json\/wp\/v2\/posts\/4920","targetHints":{"allow":["GET"]}}],"collection":[{"href":"https:\/\/standort-niederrhein.de\/en\/wp-json\/wp\/v2\/posts"}],"about":[{"href":"https:\/\/standort-niederrhein.de\/en\/wp-json\/wp\/v2\/types\/post"}],"author":[{"embeddable":true,"href":"https:\/\/standort-niederrhein.de\/en\/wp-json\/wp\/v2\/users\/3"}],"replies":[{"embeddable":true,"href":"https:\/\/standort-niederrhein.de\/en\/wp-json\/wp\/v2\/comments?post=4920"}],"version-history":[{"count":1,"href":"https:\/\/standort-niederrhein.de\/en\/wp-json\/wp\/v2\/posts\/4920\/revisions"}],"predecessor-version":[{"id":4922,"href":"https:\/\/standort-niederrhein.de\/en\/wp-json\/wp\/v2\/posts\/4920\/revisions\/4922"}],"wp:featuredmedia":[{"embeddable":true,"href":"https:\/\/standort-niederrhein.de\/en\/wp-json\/wp\/v2\/media\/4921"}],"wp:attachment":[{"href":"https:\/\/standort-niederrhein.de\/en\/wp-json\/wp\/v2\/media?parent=4920"}],"wp:term":[{"taxonomy":"category","embeddable":true,"href":"https:\/\/standort-niederrhein.de\/en\/wp-json\/wp\/v2\/categories?post=4920"},{"taxonomy":"post_tag","embeddable":true,"href":"https:\/\/standort-niederrhein.de\/en\/wp-json\/wp\/v2\/tags?post=4920"}],"curies":[{"name":"wp","href":"https:\/\/api.w.org\/{rel}","templated":true}]}}