{"id":4917,"date":"2024-09-26T06:00:00","date_gmt":"2024-09-26T04:00:00","guid":{"rendered":"https:\/\/invest-in-niederrhein.de\/?p=4917"},"modified":"2024-09-24T11:00:18","modified_gmt":"2024-09-24T09:00:18","slug":"gewerbe-und-industriepark-elmpt-wirtschaftsfoerderung-wirbt-fuer-lokale-unternehmen","status":"publish","type":"post","link":"https:\/\/standort-niederrhein.de\/en\/2024\/09\/26\/gewerbe-und-industriepark-elmpt-wirtschaftsfoerderung-wirbt-fuer-lokale-unternehmen\/","title":{"rendered":"Gewerbe- und Industriepark Elmpt \u2013 Wirtschaftsf\u00f6rderung wirbt f\u00fcr lokale Unternehmen"},"content":{"rendered":"\n<p><strong>Niederkr\u00fcchten.<\/strong> Der Bebauungsplan f\u00fcr den ersten Bauabschnitt des Gewerbe- und Industriepark Elmpt ist beschlossen. Der Vermarktungsstart f\u00fcr die Fl\u00e4chen auf dem Gel\u00e4nde des ehemaligen britischen Milit\u00e4rflughafens steht kurz bevor. <\/p>\n\n\n\n<p>Das nimmt die Wirtschaftsf\u00f6rderung der Gemeinde Niederkr\u00fcchten zum Anlass, den Mehrwert des Projektes f\u00fcr die lokale Wirtschaft zu betonen: \u201eDie Entwicklung des Parks schafft auch f\u00fcr die Unternehmen in der Region M\u00f6glichkeiten zur Expansion, zum Bau dringend ben\u00f6tigter Hallen oder Anlagen. Durch die Arbeiten auf dem Gel\u00e4nde entstehen aber bereits jetzt verschiedene Bedarfe. Hier werden Elektriker, Sanit\u00e4rbetriebe, Baustoffh\u00e4ndler und viele andere gebraucht. In Niederkr\u00fcchten haben wir die Experten vor Ort \u2013 mit einem breiten Angebot, kurzen Wegen und einem wertvollen Netzwerk\u201c, so Wirtschaftsf\u00f6rderer Frank Grusen. Damit Unternehmen, die in nicht zu ferner Zukunft auf dem Gel\u00e4nde mit ihren Bauma\u00dfnahmen beginnen, sich auch Dienstleistern aus der Gemeinde bedienen, hat er f\u00fcr diese eine M\u00f6glichkeit geschaffen, direkt vor Ort auf sich aufmerksam zu machen.<\/p>\n\n\n\n<p>Auf einem 4&#215;3 Meter gro\u00dfen Schild konnten Unternehmen aus der Gemeinde sich mit ihrem Logo, ihrem Angebot sowie den jeweiligen Kontaktdaten platzieren und f\u00fcr sich werben. Dabei \u00fcbertraf das Interesse der Unternehmerinnen und Unternehmer die Erwartungen deutlich. Grusen: \u201eUnser Layout f\u00fcr 16 Unternehmen konnten wir schnell verwerfen. Insgesamt werben jetzt 33 Unternehmen auf dem Schild am Eingang des Gewerbeparks f\u00fcr sich\u201c.<\/p>\n\n\n\n<p>K\u00fcrzlich wurde das Schild im Beisein einiger Unternehmerinnen und Unternehmer aus der Gemeinde aufgestellt. Schon am \u00fcbern\u00e4chsten Wochenende steht der Gewerbe- und Industriepark Elmpt wieder im Mittelpunkt. Dann findet in M\u00fcnchen mit der Expo Real die internationale Leitmesse f\u00fcr Immobilien und Investitionen statt. Diese nehmen der Entwickler Verdion, die Wirtschaftsf\u00f6rderungsgesellschaft f\u00fcr den Kreis Viersen und die Gemeinde Niederkr\u00fcchten zum Anlass, die Werbetrommel f\u00fcr die Entwicklungsfl\u00e4chen in Elmpt auch auf gro\u00dferB\u00fchne zu r\u00fchren.<\/p>\n\n\n\n<p>Quelle: <a href=\"http:\/\/www.niederkruechten.de\">Gemeinde Niederkr\u00fcchten<\/a><\/p>\n\n\n<figure class=\"wp-block-post-featured-image\"><img loading=\"lazy\" decoding=\"async\" width=\"2405\" height=\"1695\" src=\"https:\/\/standort-niederrhein.de\/wp-content\/uploads\/2024\/09\/Schild-Unternehmen-Elmpt.jpg\" class=\"attachment-post-thumbnail size-post-thumbnail wp-post-image\" alt=\"\" style=\"object-fit:cover;\" srcset=\"https:\/\/standort-niederrhein.de\/wp-content\/uploads\/2024\/09\/Schild-Unternehmen-Elmpt.jpg 2405w, https:\/\/standort-niederrhein.de\/wp-content\/uploads\/2024\/09\/Schild-Unternehmen-Elmpt-1280x902.jpg 1280w, https:\/\/standort-niederrhein.de\/wp-content\/uploads\/2024\/09\/Schild-Unternehmen-Elmpt-980x691.jpg 980w, https:\/\/standort-niederrhein.de\/wp-content\/uploads\/2024\/09\/Schild-Unternehmen-Elmpt-480x338.jpg 480w\" sizes=\"(min-width: 0px) and (max-width: 480px) 480px, (min-width: 481px) and (max-width: 980px) 980px, (min-width: 981px) and (max-width: 1280px) 1280px, (min-width: 1281px) 2405px, 100vw\" \/><\/figure>\n\n\n<p>Vertreterinnen und Vertreter der teilnehmenden Unternehmen zusammen mit Wirtschaftsf\u00f6rderer Frank<br>Grusen (siebter v. l.) sowie Dr. Thomas Jablonski und Axel Schaefers (Wirtschaftsf\u00f6rderungsgesellschaft f\u00fcr den Kreis Viersen mbH, vierter und dritter v. r.) | Foto: Gemeinde Niederkr\u00fcchten<\/p>\n","protected":false},"excerpt":{"rendered":"<p>Niederkr\u00fcchten. Der Bebauungsplan f\u00fcr den ersten Bauabschnitt des Gewerbe- und Industriepark Elmpt ist beschlossen. Der Vermarktungsstart f\u00fcr die Fl\u00e4chen auf dem Gel\u00e4nde des ehemaligen britischen Milit\u00e4rflughafens steht kurz bevor. Das nimmt die Wirtschaftsf\u00f6rderung der Gemeinde Niederkr\u00fcchten zum Anlass, den Mehrwert des Projektes f\u00fcr die lokale Wirtschaft zu betonen: \u201eDie Entwicklung des Parks schafft auch f\u00fcr [&hellip;]<\/p>\n","protected":false},"author":3,"featured_media":4918,"comment_status":"closed","ping_status":"closed","sticky":false,"template":"","format":"standard","meta":{"_et_pb_use_builder":"","_et_pb_old_content":"","_et_gb_content_width":"","footnotes":""},"categories":[1],"tags":[],"class_list":["post-4917","post","type-post","status-publish","format-standard","has-post-thumbnail","hentry","category-allgemein"],"_links":{"self":[{"href":"https:\/\/standort-niederrhein.de\/en\/wp-json\/wp\/v2\/posts\/4917","targetHints":{"allow":["GET"]}}],"collection":[{"href":"https:\/\/standort-niederrhein.de\/en\/wp-json\/wp\/v2\/posts"}],"about":[{"href":"https:\/\/standort-niederrhein.de\/en\/wp-json\/wp\/v2\/types\/post"}],"author":[{"embeddable":true,"href":"https:\/\/standort-niederrhein.de\/en\/wp-json\/wp\/v2\/users\/3"}],"replies":[{"embeddable":true,"href":"https:\/\/standort-niederrhein.de\/en\/wp-json\/wp\/v2\/comments?post=4917"}],"version-history":[{"count":1,"href":"https:\/\/standort-niederrhein.de\/en\/wp-json\/wp\/v2\/posts\/4917\/revisions"}],"predecessor-version":[{"id":4919,"href":"https:\/\/standort-niederrhein.de\/en\/wp-json\/wp\/v2\/posts\/4917\/revisions\/4919"}],"wp:featuredmedia":[{"embeddable":true,"href":"https:\/\/standort-niederrhein.de\/en\/wp-json\/wp\/v2\/media\/4918"}],"wp:attachment":[{"href":"https:\/\/standort-niederrhein.de\/en\/wp-json\/wp\/v2\/media?parent=4917"}],"wp:term":[{"taxonomy":"category","embeddable":true,"href":"https:\/\/standort-niederrhein.de\/en\/wp-json\/wp\/v2\/categories?post=4917"},{"taxonomy":"post_tag","embeddable":true,"href":"https:\/\/standort-niederrhein.de\/en\/wp-json\/wp\/v2\/tags?post=4917"}],"curies":[{"name":"wp","href":"https:\/\/api.w.org\/{rel}","templated":true}]}}