{"id":4893,"date":"2024-09-23T06:00:00","date_gmt":"2024-09-23T04:00:00","guid":{"rendered":"https:\/\/invest-in-niederrhein.de\/?p=4893"},"modified":"2024-09-19T11:45:18","modified_gmt":"2024-09-19T09:45:18","slug":"stadt-und-ewmg-uebergeben-zweite-kita-in-modularer-holztafelbauweise-an-mumm-ggmbh","status":"publish","type":"post","link":"https:\/\/standort-niederrhein.de\/en\/2024\/09\/23\/stadt-und-ewmg-uebergeben-zweite-kita-in-modularer-holztafelbauweise-an-mumm-ggmbh\/","title":{"rendered":"Stadt und EWMG \u00fcbergeben zweite Kita in modularer Holztafelbauweise an MUMM gGmbH"},"content":{"rendered":"\n<p><strong>M\u00f6nchengladbach.<\/strong> Die Kindertagesst\u00e4tte \u201eMUMM Oase\u201c hat ihr neues Domizil an der Carl-Diem-Stra\u00dfe bezogen. Stadt und Entwicklungsgesellschaft der Stadt M\u00f6nchengladbach mbH (EWMG) als Bauherrin haben die zweite Kindertagesst\u00e4tte in modularer Holztafelbauweise jetzt offiziell an den Tr\u00e4ger, die MUMM-Familienservice gGmbH, \u00fcbergeben.<\/p>\n\n\n\n<p>Insgesamt werden hier 70 Kinder im Alter von 0 bis 6 Jahren bis zur Einschulung betreut. Die neue Kita bietet zehn R\u00e4ume zum Spielen, Basteln, Lernen, Ausprobieren und Toben. Hinzu kommen Personal-, B\u00fcro- und Ruher\u00e4ume sowie eine eigene K\u00fcche, in der nach dem Mumm-Ern\u00e4hrungskonzept das Essen f\u00fcr die Kinder t\u00e4glich frisch zubereitet wird, und eine gro\u00dfz\u00fcgige Au\u00dfenanlage. Als eine von zwei Kindertagesst\u00e4tten hat die EWMG die MUMM Oase in Holztafelbauweise errichtet. \u201eMit der Holzbauweise setzen wir ein starkes Zeichen f\u00fcr umweltbewusstes Bauen und tragen gleichzeitig zu einem gesunden Raumklima f\u00fcr die Kinder bei\u201c, erkl\u00e4rt Dr. Ulrich Sch\u00fcckhaus, Vorsitzender der Gesch\u00e4ftsf\u00fchrung der EWMG. \u201eEine gute Kinderbetreuung ist unverzichtbar, wenn sich eine Stadt als lebenswerter Wohnstandort pr\u00e4sentieren will. Deshalb freuen wir uns, hier einen Beitrag leisten zu k\u00f6nnen.\u201c<\/p>\n\n\n\n<p>\u201eWir k\u00f6nnen jeden Neubau gebrauchen\u201c, pflichtet ihm Klaus R\u00f6ttgen, Leiter des Fachbereichs Kinder, Jugend und Familie, bei. \u201eDie neue MUMM Oase ist ein weiterer wichtiger Schritt zur Verbesserung der Betreuungssituation in M\u00f6nchengladbach.\u201c Die MUMM Oase war zuvor \u2013 gemeinsam mit einer st\u00e4dtischen Kindertagesst\u00e4tte \u2013 in den benachbarten Containerbauten untergebracht. Diese R\u00e4umlichkeiten werden nun als Interimsl\u00f6sung f\u00fcr eine neue MUMM-Kita am Hardterbroicher Markt genutzt.<br><br>18 p\u00e4dagogische Kr\u00e4fte \u2013 Erzieherinnen und Mitarbeitende \u2013 zeigen den Kindern in der MUMM Oase von klein auf, dass und wie Menschen aller Kulturen und Nationen solidarisch zusammenleben k\u00f6nnen. Das MUMM-Credo: Jedes Kind erf\u00e4hrt die gleiche Wertsch\u00e4tzung, egal aus welchem Umfeld und mit welchem Hintergrund es in die Kita kommt. Gesundes Essen ist selbstverst\u00e4ndlich. \u201eMit unserem ganzheitlichen Angebot wollen wir insbesondere Alleinerziehenden und berufst\u00e4tigen Eltern eine optimale Kinderbetreuung bieten\u201c, sagt MUMM-Gesch\u00e4ftsf\u00fchrerin Dorothea H\u00fcttersen. \u201eDie Vereinbarkeit von Familie und Beruf soll m\u00f6glich und selbstverst\u00e4ndlich sein.\u201c<\/p>\n\n\n\n<p>Dazu geh\u00f6ren auch gesunde und nachhaltige R\u00e4umlichkeiten. Das Geb\u00e4ude an der Carl-Diem-Stra\u00dfe wurde nach dem Cradle-to-Cradle-Ansatz f\u00fcr biologische und technische Stoffkreisl\u00e4ufe sowie nach den Nachhaltigkeitskriterien des Bewertungssystems Nachhaltiges Bauen des Bundesbauministeriums errichtet. So wurde beispielsweise auf die Verwendung von Holz aus nachhaltiger Forstwirtschaft geachtet.<\/p>\n\n\n\n<p>Quelle: <a href=\"http:\/\/www.ewmg.de\">EWMG<\/a><\/p>\n\n\n<figure class=\"wp-block-post-featured-image\"><img loading=\"lazy\" decoding=\"async\" width=\"1390\" height=\"927\" src=\"https:\/\/standort-niederrhein.de\/wp-content\/uploads\/2024\/09\/Uebergabe_Kita_Carl-Diem-Strasse\u00a9EWMG_Kuester.jpg\" class=\"attachment-post-thumbnail size-post-thumbnail wp-post-image\" alt=\"\" style=\"object-fit:cover;\" srcset=\"https:\/\/standort-niederrhein.de\/wp-content\/uploads\/2024\/09\/Uebergabe_Kita_Carl-Diem-Strasse\u00a9EWMG_Kuester.jpg 1390w, https:\/\/standort-niederrhein.de\/wp-content\/uploads\/2024\/09\/Uebergabe_Kita_Carl-Diem-Strasse\u00a9EWMG_Kuester-300x200.jpg 300w, https:\/\/standort-niederrhein.de\/wp-content\/uploads\/2024\/09\/Uebergabe_Kita_Carl-Diem-Strasse\u00a9EWMG_Kuester-1024x683.jpg 1024w, https:\/\/standort-niederrhein.de\/wp-content\/uploads\/2024\/09\/Uebergabe_Kita_Carl-Diem-Strasse\u00a9EWMG_Kuester-768x512.jpg 768w, https:\/\/standort-niederrhein.de\/wp-content\/uploads\/2024\/09\/Uebergabe_Kita_Carl-Diem-Strasse\u00a9EWMG_Kuester-1080x720.jpg 1080w, https:\/\/standort-niederrhein.de\/wp-content\/uploads\/2024\/09\/Uebergabe_Kita_Carl-Diem-Strasse\u00a9EWMG_Kuester-1280x854.jpg 1280w, https:\/\/standort-niederrhein.de\/wp-content\/uploads\/2024\/09\/Uebergabe_Kita_Carl-Diem-Strasse\u00a9EWMG_Kuester-980x654.jpg 980w, https:\/\/standort-niederrhein.de\/wp-content\/uploads\/2024\/09\/Uebergabe_Kita_Carl-Diem-Strasse\u00a9EWMG_Kuester-480x320.jpg 480w\" sizes=\"(max-width: 1390px) 100vw, 1390px\" \/><\/figure>\n\n\n<p><em>hintere Reihe v.l.<\/em>: Germaine Baur (Leitung MUMM Oase), Heide Bre\u00dfer (Gesch\u00e4ftsbereichsleiterin zentrale Unternehmenssteuerung und Prokuristin der EWMG), Dorothea H\u00fcttersen (MUMM-Gesch\u00e4ftsf\u00fchrerin), Dr. Sch\u00fcckhaus (Vorsitzender EWMG-Gesch\u00e4ftsf\u00fchrung), Kerstin Schaaf (EWMG-Gesch\u00e4ftsbereichsleiterin Immobilienentwicklung), Samira Ruch (stellv. Leitung MUMM Oase), <em>vordere Reihe<\/em>\u00a0 Klaus R\u00f6ttgen (Leiter Fachbereich Kinder, Jugend und Familie), Ella und Pia aus der MUMM Oase | Foto: EWMG\/ K\u00fcster<\/p>\n","protected":false},"excerpt":{"rendered":"<p>M\u00f6nchengladbach. Die Kindertagesst\u00e4tte \u201eMUMM Oase\u201c hat ihr neues Domizil an der Carl-Diem-Stra\u00dfe bezogen. Stadt und Entwicklungsgesellschaft der Stadt M\u00f6nchengladbach mbH (EWMG) als Bauherrin haben die zweite Kindertagesst\u00e4tte in modularer Holztafelbauweise jetzt offiziell an den Tr\u00e4ger, die MUMM-Familienservice gGmbH, \u00fcbergeben. Insgesamt werden hier 70 Kinder im Alter von 0 bis 6 Jahren bis zur Einschulung betreut. [&hellip;]<\/p>\n","protected":false},"author":3,"featured_media":4894,"comment_status":"closed","ping_status":"closed","sticky":false,"template":"","format":"standard","meta":{"_et_pb_use_builder":"","_et_pb_old_content":"","_et_gb_content_width":"","footnotes":""},"categories":[1],"tags":[],"class_list":["post-4893","post","type-post","status-publish","format-standard","has-post-thumbnail","hentry","category-allgemein"],"_links":{"self":[{"href":"https:\/\/standort-niederrhein.de\/en\/wp-json\/wp\/v2\/posts\/4893","targetHints":{"allow":["GET"]}}],"collection":[{"href":"https:\/\/standort-niederrhein.de\/en\/wp-json\/wp\/v2\/posts"}],"about":[{"href":"https:\/\/standort-niederrhein.de\/en\/wp-json\/wp\/v2\/types\/post"}],"author":[{"embeddable":true,"href":"https:\/\/standort-niederrhein.de\/en\/wp-json\/wp\/v2\/users\/3"}],"replies":[{"embeddable":true,"href":"https:\/\/standort-niederrhein.de\/en\/wp-json\/wp\/v2\/comments?post=4893"}],"version-history":[{"count":1,"href":"https:\/\/standort-niederrhein.de\/en\/wp-json\/wp\/v2\/posts\/4893\/revisions"}],"predecessor-version":[{"id":4895,"href":"https:\/\/standort-niederrhein.de\/en\/wp-json\/wp\/v2\/posts\/4893\/revisions\/4895"}],"wp:featuredmedia":[{"embeddable":true,"href":"https:\/\/standort-niederrhein.de\/en\/wp-json\/wp\/v2\/media\/4894"}],"wp:attachment":[{"href":"https:\/\/standort-niederrhein.de\/en\/wp-json\/wp\/v2\/media?parent=4893"}],"wp:term":[{"taxonomy":"category","embeddable":true,"href":"https:\/\/standort-niederrhein.de\/en\/wp-json\/wp\/v2\/categories?post=4893"},{"taxonomy":"post_tag","embeddable":true,"href":"https:\/\/standort-niederrhein.de\/en\/wp-json\/wp\/v2\/tags?post=4893"}],"curies":[{"name":"wp","href":"https:\/\/api.w.org\/{rel}","templated":true}]}}