{"id":4891,"date":"2024-09-22T07:00:00","date_gmt":"2024-09-22T05:00:00","guid":{"rendered":"https:\/\/invest-in-niederrhein.de\/?p=4891"},"modified":"2024-09-19T11:39:14","modified_gmt":"2024-09-19T09:39:14","slug":"umfrage-zum-mietspiegel-im-kreis-viersen","status":"publish","type":"post","link":"https:\/\/standort-niederrhein.de\/en\/2024\/09\/22\/umfrage-zum-mietspiegel-im-kreis-viersen\/","title":{"rendered":"Umfrage zum Mietspiegel im Kreis Viersen"},"content":{"rendered":"\n<p><strong>Kreis Viersen. <\/strong>Der Kreis Viersen ruft Mieterinnen und Mieter sowie Vermieterinnen und Vermieter dazu auf, sich an der Umfrage zum aktuellen Mietspiegel zu beteiligen. Alle Mieterinnen und Mieter sowie Vermieterinnen und Vermieter der Kommunen Br\u00fcggen, Grefrath, Kempen, Nettetal, Niederkr\u00fcchten, Schwalmtal, T\u00f6nisvorst und Willich, deren Miete sich seit dem 01.01.2019 ver\u00e4ndert hat, werden gebeten, an der Umfrage teilzunehmen.<\/p>\n\n\n\n<p>Der Mietspiegel soll laut Gesetz im Abstand von zwei Jahren an die aktuelle Marktentwicklung angepasst werden. Die letzte Fortschreibung des Mietspiegels ist im Jahr 2023 erfolgt. Um pr\u00fcfen zu k\u00f6nnen, ob ab 2025 eine Anpassung des Mietspiegels notwendig ist, wird auf freiwilliger Basis eine Datenerhebung durchgef\u00fchrt.<\/p>\n\n\n\n<p>&#8220;Ich m\u00f6chte alle B\u00fcrgerinnen und B\u00fcrger \u2013 egal ob sie sich in einem Mietverh\u00e4ltnis befinden oder ein Objekt zur Vermietung anbieten \u2013 bitten, an der anonymen Umfrage teilzunehmen und den Kreis Viersen darin zu unterst\u00fctzen, eine geeignete Datengrundlage f\u00fcr einen aktuellen Mietspiegel zu schaffen&#8221;, sagt Landrat Dr. Andreas Coenen.<\/p>\n\n\n\n<p>Der Mietspiegel ist eine \u00dcbersicht \u00fcber die orts\u00fcbliche Vergleichsmiete. Er wird von den St\u00e4dten und Gemeinden im Kreisgebiet in Zusammenarbeit mit den Interessengruppen Mieterverband Niederrhein und Haus und Grund aufgestellt und bezieht sich r\u00e4umlich auf die jeweilige Stadt oder Gemeinde \u2013 und nutzt somit allen, die sich ein Bild von den orts\u00fcblichen Mieten machen m\u00f6chten. Die Umfrage ist <a href=\"https:\/\/beteiligung.nrw.de\/portal\/kreis-viersen\/beteiligung\/themen\/1007777\">hier<\/a> zu finden.<\/p>\n\n\n\n<p>Mieterinnen und Mieter sowie Vermieterinnen und Vermieter der Stadt Viersen k\u00f6nnen an der Umfrage nicht teilnehmen, da die Stadt Viersen eine eigene Mietspiegelbefragung durchf\u00fchrt.<\/p>\n\n\n\n<p>Quelle: <a href=\"http:\/\/www.kreis-viersen.de\">Kreis Viersen<\/a><\/p>\n","protected":false},"excerpt":{"rendered":"<p>Kreis Viersen. Der Kreis Viersen ruft Mieterinnen und Mieter sowie Vermieterinnen und Vermieter dazu auf, sich an der Umfrage zum aktuellen Mietspiegel zu beteiligen. Alle Mieterinnen und Mieter sowie Vermieterinnen und Vermieter der Kommunen Br\u00fcggen, Grefrath, Kempen, Nettetal, Niederkr\u00fcchten, Schwalmtal, T\u00f6nisvorst und Willich, deren Miete sich seit dem 01.01.2019 ver\u00e4ndert hat, werden gebeten, an der [&hellip;]<\/p>\n","protected":false},"author":3,"featured_media":0,"comment_status":"closed","ping_status":"closed","sticky":false,"template":"","format":"standard","meta":{"_et_pb_use_builder":"","_et_pb_old_content":"","_et_gb_content_width":"","footnotes":""},"categories":[1],"tags":[],"class_list":["post-4891","post","type-post","status-publish","format-standard","hentry","category-allgemein"],"_links":{"self":[{"href":"https:\/\/standort-niederrhein.de\/en\/wp-json\/wp\/v2\/posts\/4891","targetHints":{"allow":["GET"]}}],"collection":[{"href":"https:\/\/standort-niederrhein.de\/en\/wp-json\/wp\/v2\/posts"}],"about":[{"href":"https:\/\/standort-niederrhein.de\/en\/wp-json\/wp\/v2\/types\/post"}],"author":[{"embeddable":true,"href":"https:\/\/standort-niederrhein.de\/en\/wp-json\/wp\/v2\/users\/3"}],"replies":[{"embeddable":true,"href":"https:\/\/standort-niederrhein.de\/en\/wp-json\/wp\/v2\/comments?post=4891"}],"version-history":[{"count":1,"href":"https:\/\/standort-niederrhein.de\/en\/wp-json\/wp\/v2\/posts\/4891\/revisions"}],"predecessor-version":[{"id":4892,"href":"https:\/\/standort-niederrhein.de\/en\/wp-json\/wp\/v2\/posts\/4891\/revisions\/4892"}],"wp:attachment":[{"href":"https:\/\/standort-niederrhein.de\/en\/wp-json\/wp\/v2\/media?parent=4891"}],"wp:term":[{"taxonomy":"category","embeddable":true,"href":"https:\/\/standort-niederrhein.de\/en\/wp-json\/wp\/v2\/categories?post=4891"},{"taxonomy":"post_tag","embeddable":true,"href":"https:\/\/standort-niederrhein.de\/en\/wp-json\/wp\/v2\/tags?post=4891"}],"curies":[{"name":"wp","href":"https:\/\/api.w.org\/{rel}","templated":true}]}}