{"id":4889,"date":"2024-09-21T07:00:00","date_gmt":"2024-09-21T05:00:00","guid":{"rendered":"https:\/\/invest-in-niederrhein.de\/?p=4889"},"modified":"2024-09-19T11:59:24","modified_gmt":"2024-09-19T09:59:24","slug":"sommertour-von-wfmg-und-ob-heinrichs-strukturwandel-standortstaerken-und-startup-foerderung-im-fokus","status":"publish","type":"post","link":"https:\/\/standort-niederrhein.de\/en\/2024\/09\/21\/sommertour-von-wfmg-und-ob-heinrichs-strukturwandel-standortstaerken-und-startup-foerderung-im-fokus\/","title":{"rendered":"Sommertour von WFMG und OB Heinrichs: Strukturwandel, Standortst\u00e4rken und Startup-F\u00f6rderung im Fokus"},"content":{"rendered":"\n<p><strong>M\u00f6nchengladbach.<\/strong> Diese drei gro\u00dfen Themenfelder bestimmten die diesj\u00e4hrige gemeinsame Sommertour von WFMG \u2013 Wirtschaftsf\u00f6rderung M\u00f6nchengladbach GmbH und Oberb\u00fcrgermeister Felix Heinrichs. Ein Besuch in der franz\u00f6sischen Partnerstadt Roubaix z\u00e4hlte deshalb ebenso dazu wie ein Kennenlernen des Gr\u00fcndungs-\u00d6kosystems in Aachen und J\u00fclich oder Termine bei innovativen Textilunternehmen sowie am Flughafen. Beim Startschuss f\u00fcr den Wissens- und Innovationscampus in der vergangenen Woche zog der Oberb\u00fcrgermeister nun Bilanz.<\/p>\n\n\n\n<p>Den Rahmen der Sommertour bildeten zwei Termine mit ma\u00dfgeblicher Bedeutung f\u00fcr die zuk\u00fcnftige Ausrichtung des Wirtschaftsstandorts. Losgegangen war es im Juni mit dem Perspektivforum zur Wirtschaftspotenzialanalyse, die die Stadt M\u00f6nchengladbach und die WFMG gemeinsam beauftragt haben und deren finale Ergebnisse f\u00fcr Herbst erwartet werden. Mit Vertretern der Stadt und Unternehmern wurde in der Textilakademie diskutiert, in welchen m\u00f6glichen Entwicklungspfaden die Schnittmengen aus standortspezifischen St\u00e4rken und Zukunftsthemen am besten abgebildet werden. Den Abschluss der Sommertour wiederum bildete der Startschuss f\u00fcr den Wissens- und Innovationscampus. Das Strukturwandelprojekt, das r\u00e4umlich genau am \u00dcbergang von Gladbach zu Rheydt gelegen ist, soll sich zu einem Nukleus entwickeln, an dem der Wandel hin zu wissensbasierten Arbeitspl\u00e4tzen und innovativen Produktionsl\u00f6sungen aktiv vorangetrieben wird.<\/p>\n\n\n\n<p>\u201eUm M\u00f6nchengladbach im Rahmen des Strukturwandels auf die Erfolgsspur zu bringen, setzen die Stadt, aber auch Unternehmen, Institutionen und die Menschen, die hier arbeiten, alle Hebel in Bewegung\u201c, sagt Oberb\u00fcrgermeister Felix Heinrichs. \u201eDas f\u00e4ngt an bei strategischer Grundlagenarbeit wie der Wirtschaftspotentialanalyse und der Priorisierung von Gewerbefl\u00e4chenentwicklungen und m\u00fcndet bestenfalls in gemeinsame Projekte privater Akteure und der Stadt wie am Wissens- und Innovationscampus. Nicht zuletzt sind die Kraft und der Innovationsdrang unserer heimischen Unternehmen, die ich bei meinen zahlreichen Unternehmensbesuchen erlebe, ein wesentlicher Motor f\u00fcr den Wirtschaftsstandort M\u00f6nchengladbach\u201c, so Heinrichs weiter.<\/p>\n\n\n\n<p>Zur Sommertour geh\u00f6rten erneut zahlreiche Termine, die dazu dienten, sowohl \u00fcber den Tellerrand als auch in Richtung Zukunft zu schauen. Eines der Highlights im Themenfeld Startup-F\u00f6rderung war eine Tour nach J\u00fclich und Aachen, wo das dortige Startup-\u00d6kosystem im Fokus stand. In M\u00f6nchengladbach entwickeln die Stadt mit der WFMG und ihrem Projekt Gr\u00fcndungsfabrik gemeinsam mit der IHK Mittlerer Niederrhein und der Hochschule Niederrhein L\u00f6sungen f\u00fcr nachhaltiges Wachstum und Besch\u00e4ftigung am Standort. Ein \u00d6kosystem f\u00fcr Gr\u00fcndungen brauche viele Bestandteile, die sich erg\u00e4nzen, so OB Heinrichs: \u201eF\u00f6rdern und fordern steht genauso im Vordergrund wie ein zielgerichtetes Scouting im Vorfeld.\u201c Mit frischen Eindr\u00fccken aus dem gerade er\u00f6ffneten Startup-Village J\u00fclich und der Digital Church sowie dem Collective Incubator in Aachen soll das Portfolio der eigenen Startup-F\u00f6rderung k\u00fcnftig noch abgerundet werden. \u201eBeispiele wie die Digital Church zeigen, wie man freischwebende \u00d6kosysteme unter einem gemeinsamen Dach vereinen kann \u2013 eine Perspektive, die wir in M\u00f6nchengladbach konkret mit dem Wissens- und Innovationscampus verbinden\u201c, sagt Friedhelm Lange, Gesch\u00e4ftsf\u00fchrer von WFMG und MGMG (Marketing Gesellschaft M\u00f6nchengladbach mbH). In den Direktkontakt mit Gladbacher Startups ging es f\u00fcr den Oberb\u00fcrgermeister beim Future Tech Fest in D\u00fcsseldorf Ende August, beim Meetup mit Maerry, einer App-L\u00f6sung f\u00fcr digitale Ehevertr\u00e4ge, aber auch bei spannenden Unternehmensbesuchen wie etwa zum Brautmode-Label Sanna Lindstr\u00f6m.<\/p>\n\n\n\n<p>Als M\u00f6nchengladbachs Standortst\u00e4rke schlechthin gilt die Textil- und Bekleidungsindustrie. Beim Besuch der neuen Microfactory von Brother erfuhren die Besucher, dass die Aussicht auf das Gro\u00dfprojekt Textilfabrik 7.0 eine wichtige Rolle bei der Standortwahl gespielt hat. Der japanische Experte f\u00fcr Industrie-N\u00e4hmaschinen bietet mittlerweile eine On-Demand-Produktion in der Textilveredelung \u2013 das moderne Produktionsumfeld im Monforts-Quartier bietet beste Voraussetzungen f\u00fcr Druck und Stick von personalisierten Endprodukten. Eine bedeutende textilwirtschaftliche Historie hat auch M\u00f6nchengladbachs franz\u00f6sische Partnerstadt Roubaix, der eine st\u00e4dtische Delegation im Rahmen der Sommertour einen Besuch abstattete. Der Schwerpunkt lag auf dem Austausch \u00fcber Transformationsprozesse und die aktive Gestaltung der Zukunft. Besichtigt wurden etwa ein Pionierprojekt f\u00fcr Kreislaufwirtschaft in der \u00e4ltesten Textilfabrik von Roubaix sowie ein Museum, das der lebendigen Erinnerung an die textile Historie und der Herstellung von Textilien gewidmet ist. Auch das Themenfeld Aviation am Innovationsflughafen MGL kam bei der Sommertour nicht zu kurz. Bei einem Termin mit NRW-Verkehrsminister Oliver Krischer im Juli wurde beispielsweise erstmals ein Flugzeug mit nachhaltigem Treibstoff (Sustainable Aviation Fuel, SAF) betankt.<\/p>\n\n\n\n<p>Quelle: <a href=\"http:\/\/www.wfmg.de\">WFMG<\/a><\/p>\n","protected":false},"excerpt":{"rendered":"<p>M\u00f6nchengladbach. Diese drei gro\u00dfen Themenfelder bestimmten die diesj\u00e4hrige gemeinsame Sommertour von WFMG \u2013 Wirtschaftsf\u00f6rderung M\u00f6nchengladbach GmbH und Oberb\u00fcrgermeister Felix Heinrichs. Ein Besuch in der franz\u00f6sischen Partnerstadt Roubaix z\u00e4hlte deshalb ebenso dazu wie ein Kennenlernen des Gr\u00fcndungs-\u00d6kosystems in Aachen und J\u00fclich oder Termine bei innovativen Textilunternehmen sowie am Flughafen. Beim Startschuss f\u00fcr den Wissens- und Innovationscampus [&hellip;]<\/p>\n","protected":false},"author":3,"featured_media":0,"comment_status":"closed","ping_status":"closed","sticky":false,"template":"","format":"standard","meta":{"_et_pb_use_builder":"","_et_pb_old_content":"","_et_gb_content_width":"","footnotes":""},"categories":[1],"tags":[],"class_list":["post-4889","post","type-post","status-publish","format-standard","hentry","category-allgemein"],"_links":{"self":[{"href":"https:\/\/standort-niederrhein.de\/en\/wp-json\/wp\/v2\/posts\/4889","targetHints":{"allow":["GET"]}}],"collection":[{"href":"https:\/\/standort-niederrhein.de\/en\/wp-json\/wp\/v2\/posts"}],"about":[{"href":"https:\/\/standort-niederrhein.de\/en\/wp-json\/wp\/v2\/types\/post"}],"author":[{"embeddable":true,"href":"https:\/\/standort-niederrhein.de\/en\/wp-json\/wp\/v2\/users\/3"}],"replies":[{"embeddable":true,"href":"https:\/\/standort-niederrhein.de\/en\/wp-json\/wp\/v2\/comments?post=4889"}],"version-history":[{"count":1,"href":"https:\/\/standort-niederrhein.de\/en\/wp-json\/wp\/v2\/posts\/4889\/revisions"}],"predecessor-version":[{"id":4890,"href":"https:\/\/standort-niederrhein.de\/en\/wp-json\/wp\/v2\/posts\/4889\/revisions\/4890"}],"wp:attachment":[{"href":"https:\/\/standort-niederrhein.de\/en\/wp-json\/wp\/v2\/media?parent=4889"}],"wp:term":[{"taxonomy":"category","embeddable":true,"href":"https:\/\/standort-niederrhein.de\/en\/wp-json\/wp\/v2\/categories?post=4889"},{"taxonomy":"post_tag","embeddable":true,"href":"https:\/\/standort-niederrhein.de\/en\/wp-json\/wp\/v2\/tags?post=4889"}],"curies":[{"name":"wp","href":"https:\/\/api.w.org\/{rel}","templated":true}]}}