{"id":4884,"date":"2024-09-18T07:00:00","date_gmt":"2024-09-18T05:00:00","guid":{"rendered":"https:\/\/invest-in-niederrhein.de\/?p=4884"},"modified":"2024-09-17T10:59:11","modified_gmt":"2024-09-17T08:59:11","slug":"zentralbibliothek-mit-architekturpreis-nrw-ausgezeichnet","status":"publish","type":"post","link":"https:\/\/standort-niederrhein.de\/en\/2024\/09\/18\/zentralbibliothek-mit-architekturpreis-nrw-ausgezeichnet\/","title":{"rendered":"Zentralbibliothek mit Architekturpreis NRW ausgezeichnet"},"content":{"rendered":"\n<p><strong>M\u00f6nchengladbach. <\/strong>Die Zentralbibliothek M\u00f6nchengladbach hat den Architekturpreis Nordrhein-Westfalen des Bundes Deutscher Architekten (BDA) NRW erhalten. Der BDA und NRW-Bauministerin Ina Scharrenbach verliehen die Auszeichnung im D\u00fcsseldorfer Maxhaus an insgesamt zehn Preistr\u00e4ger, zweimal in Gold. In dem Architekturwettbewerb hat sich die M\u00f6nchengladbacher Zentralbibliothek damit unter 340 Teilnehmerbeitr\u00e4gen durchgesetzt und es in die Top Ten geschafft.<\/p>\n\n\n\n<p>Das Carl-Brandts-Haus, wie das Bibliotheksgeb\u00e4ude an der Bl\u00fccherstra\u00dfe offiziell hei\u00dft, sei &#8220;auf unaufgeregte Weise&#8221; denkmalgerecht saniert worden. &#8220;Der Charakter des Bibliotheksgeb\u00e4udes ist aufmerksam verstanden und wiederhergestellt worden&#8221;, so die Bewertung des BDA. Es ist nicht der erste Architekturpreis f\u00fcr die Stadt M\u00f6nchengladbach, das st\u00e4dtische Geb\u00e4udemanagement gmmg, das Architekturb\u00fcro Schrammel und die Freianlagenplaner von Aalto. Zuvor hatte die Zentralbibliothek bereits den Architekturpreis Linker Niederrhein erhalten. Zudem hatte im Fr\u00fchjahr die Lichtplanung des B\u00fcros Bartenbach den deutschen Lichtdesign-Preis gewonnen.<\/p>\n\n\n\n<p>&#8220;Die sch\u00f6nste Auszeichnung ist, zu sehen, wie toll und intensiv die M\u00f6nchengladbacherinnen und M\u00f6nchengladbacher ihre baulich und konzeptionell modernisierte Zentralbibliothek annehmen&#8221;, sagt Technische Beigeordnete Claudia Schwan-Schmitz. &#8220;Daneben sind Auszeichnung wie der Architekturpreis NRW von gro\u00dfer Bedeutung und eine tolle Anerkennung f\u00fcr alle, die an dem Projekt mitgewirkt haben. Denn der Preis zeigt, dass hier gemeinsam etwas vollbracht wurde, das weit \u00fcber die Stadtgrenzen hinaus begeistert&#8221;, so Schwan-Schmitz weiter.<\/p>\n\n\n\n<p>Zur &#8220;Gladbacher Delegation&#8221; bei der Preisverleihung z\u00e4hlten neben Schwan-Schmitz \u2013 stellvertretend f\u00fcr die vielen am Projekt Beteiligten \u2013 unter anderem Architekt Stefan Schrammel, Projektleiter Holger Janke und Serap Balikci sowie Betriebsleiterin Katja Becker-Lis vom gmmg, Koordinator Stadterneuerung Dr. Frank Schulz sowie der neue Stadtbibliotheksleiter Yilmaz Holtz-Ersahin und seine ma\u00dfgeblich an der Modernisierung beteiligte Amtsvorg\u00e4ngerin Brigitte Behrendt.<\/p>\n\n\n\n<p><strong>Das ist die neue Zentralbibliothek<\/strong><br>Gr\u00f6\u00dfer, moderner und konzeptionell weiterentwickelt \u2013 aber wiedererkennbar. So l\u00e4sst sich die Zentralbibliothek beschreiben, seit sie 2023 wiederer\u00f6ffnet wurde. Im Rahmen der Modernisierung und Erweiterung wurde unter anderem der Innenhof \u00fcberbaut und das ehemalige Foyer so zur modernen Plaza erweitert. Entlang der Bl\u00fccherstra\u00dfe wurde ein unterirdischer Neubauteil realisiert, der durch einen vorgelagerten Hof mit Tageslicht versorgt wird. Auf diese Weise bleibt die Stra\u00dfenansicht auf das denkmalgesch\u00fctzte Geb\u00e4udeensemble erhalten.\u00a0 F\u00fcr die Fassade des Eingangsbereichs hat das gmmg 150 Quadratmeter blaue Fliesen denkmalgerecht nachbrennen lassen. Am Archivturm wurde die Blechverkleidung zur\u00fcckgebaut und die Fassade wieder der originalen Optik aus den 60er Jahren nachempfunden Alles in allem haben sich durch die unterschiedlichen Um- und Anbauten die Publikumsfl\u00e4chen auf knapp 2.905 Quadratmeter verdoppelt. Dazu geh\u00f6ren auch Veranstaltungsfl\u00e4chen wie etwa der Wandelsaal mit eingebauter B\u00fchne samt Veranstaltungstechnik, ein Gladbachkabinett mit Literatur zu M\u00f6nchengladbach und der Region sowie mit Ausstellungsvitrinen f\u00fcr historischen Sammlungen und Exlibris. In Richtung des Gartens erstreckt sich eine ca. 80 qm gro\u00dfe Leseterrasse. Und eine ehemalige Garage Makerspace wurde zum knallroten Makerspace.<\/p>\n\n\n\n<p>Quelle: <a href=\"http:\/\/www.moenchengladbach.de\">Stadt M\u00f6nchengladbach<\/a><\/p>\n\n\n<figure class=\"wp-block-post-featured-image\"><img loading=\"lazy\" decoding=\"async\" width=\"400\" height=\"267\" src=\"https:\/\/standort-niederrhein.de\/wp-content\/uploads\/2024\/09\/280771V-1.jpg\" class=\"attachment-post-thumbnail size-post-thumbnail wp-post-image\" alt=\"\" style=\"object-fit:cover;\" srcset=\"https:\/\/standort-niederrhein.de\/wp-content\/uploads\/2024\/09\/280771V-1.jpg 400w, https:\/\/standort-niederrhein.de\/wp-content\/uploads\/2024\/09\/280771V-1-300x200.jpg 300w\" sizes=\"(max-width: 400px) 100vw, 400px\" \/><\/figure>\n\n\n<p>Die Au\u00dfenansicht auf das Geb\u00e4ude wurde bei den Bauarbeiten bewahrt. Gleichzeitig sorgt ein neu angelegter Lichthof im unterirdischen Erweiterungsbau. | : \u00a9 Stadt M\u00f6nchengladbach<\/p>\n","protected":false},"excerpt":{"rendered":"<p>M\u00f6nchengladbach. Die Zentralbibliothek M\u00f6nchengladbach hat den Architekturpreis Nordrhein-Westfalen des Bundes Deutscher Architekten (BDA) NRW erhalten. Der BDA und NRW-Bauministerin Ina Scharrenbach verliehen die Auszeichnung im D\u00fcsseldorfer Maxhaus an insgesamt zehn Preistr\u00e4ger, zweimal in Gold. In dem Architekturwettbewerb hat sich die M\u00f6nchengladbacher Zentralbibliothek damit unter 340 Teilnehmerbeitr\u00e4gen durchgesetzt und es in die Top Ten geschafft. Das [&hellip;]<\/p>\n","protected":false},"author":3,"featured_media":4886,"comment_status":"closed","ping_status":"closed","sticky":false,"template":"","format":"standard","meta":{"_et_pb_use_builder":"","_et_pb_old_content":"","_et_gb_content_width":"","footnotes":""},"categories":[1],"tags":[],"class_list":["post-4884","post","type-post","status-publish","format-standard","has-post-thumbnail","hentry","category-allgemein"],"_links":{"self":[{"href":"https:\/\/standort-niederrhein.de\/en\/wp-json\/wp\/v2\/posts\/4884","targetHints":{"allow":["GET"]}}],"collection":[{"href":"https:\/\/standort-niederrhein.de\/en\/wp-json\/wp\/v2\/posts"}],"about":[{"href":"https:\/\/standort-niederrhein.de\/en\/wp-json\/wp\/v2\/types\/post"}],"author":[{"embeddable":true,"href":"https:\/\/standort-niederrhein.de\/en\/wp-json\/wp\/v2\/users\/3"}],"replies":[{"embeddable":true,"href":"https:\/\/standort-niederrhein.de\/en\/wp-json\/wp\/v2\/comments?post=4884"}],"version-history":[{"count":1,"href":"https:\/\/standort-niederrhein.de\/en\/wp-json\/wp\/v2\/posts\/4884\/revisions"}],"predecessor-version":[{"id":4887,"href":"https:\/\/standort-niederrhein.de\/en\/wp-json\/wp\/v2\/posts\/4884\/revisions\/4887"}],"wp:featuredmedia":[{"embeddable":true,"href":"https:\/\/standort-niederrhein.de\/en\/wp-json\/wp\/v2\/media\/4886"}],"wp:attachment":[{"href":"https:\/\/standort-niederrhein.de\/en\/wp-json\/wp\/v2\/media?parent=4884"}],"wp:term":[{"taxonomy":"category","embeddable":true,"href":"https:\/\/standort-niederrhein.de\/en\/wp-json\/wp\/v2\/categories?post=4884"},{"taxonomy":"post_tag","embeddable":true,"href":"https:\/\/standort-niederrhein.de\/en\/wp-json\/wp\/v2\/tags?post=4884"}],"curies":[{"name":"wp","href":"https:\/\/api.w.org\/{rel}","templated":true}]}}