{"id":4881,"date":"2024-09-21T06:00:00","date_gmt":"2024-09-21T04:00:00","guid":{"rendered":"https:\/\/invest-in-niederrhein.de\/?p=4881"},"modified":"2024-09-17T10:52:14","modified_gmt":"2024-09-17T08:52:14","slug":"johnson-johnson-innovative-medicine-neuer-chef-zu-gast-bei-landrat-petrauschke","status":"publish","type":"post","link":"https:\/\/standort-niederrhein.de\/en\/2024\/09\/21\/johnson-johnson-innovative-medicine-neuer-chef-zu-gast-bei-landrat-petrauschke\/","title":{"rendered":"Johnson &amp; Johnson Innovative Medicine: Neuer Chef zu Gast bei Landrat Petrauschke"},"content":{"rendered":"\n<p><strong>Rhein-Kreis Neuss.<\/strong> Landrat Hans-J\u00fcrgen Petrauschke hat die Bedeutung der Gesundheitsbranche f\u00fcr die Wirtschaft im Rhein-Kreis Neuss unterstrichen. Grund war der Besuch von Urs V\u00f6geli, des neuen Vorsitzenden der Gesch\u00e4ftsf\u00fchrung von Johnson &amp; Johnson Innovative Medicine. Dabei handelt es sich um die Pharmasparte des US-Konzerns Johnson &amp; Johnson mit Sitz in Neuss-Rosellen, die zuvor als Janssen GmbH firmierte. Teilnehmer des Gespr\u00e4chs im Kreishaus Neuss warenChristian Thams, Leiter des Bereichs \u201eGovernment Affairs &amp; Policy\u201c bei Johnson &amp; Johnson Innovative Medicine, Wirtschaftsf\u00f6rderer Robert Abts und Kreissprecher Benjamin Josephs.<em><\/em><\/p>\n\n\n\n<p>\u201eJanssen beziehungsweise Johnson &amp; Johnson sind ein bedeutender Baustein unseres international erfolgreichen Standorts und ein wichtiger Arbeitgeber. F\u00fcr ihre jahrzehntelange Verbundenheit zum Rhein-Kreis Neuss bedanke ich mich herzlich\u201c, so Petrauschke. V\u00f6geli gab seiner Freude dar\u00fcber Ausdruck, wieder an Rhein und Erft zu sein, schlie\u00dflich sei die Region seine zweite Heimat, in der er schon einmal gern gelebt und gearbeitet habe.<\/p>\n\n\n\n<p>Der neue Vorsitzende der Gesch\u00e4ftsf\u00fchrung folgte auf Andreas Gerber, der in die Konzernzentrale von Johnson &amp; Johnson gewechselt ist. Das heimische Gesundheitssystem kennt V\u00f6geli aus seiner Zeit als Commercial Director Oncology and Hematology und Mitglied der deutschen Gesch\u00e4ftsleitung in Neuss, der er bis 2018 angeh\u00f6rte. Er und Landrat Petrauschke vereinbarten, den engen Austausch und die Zusammenarbeit fortzusetzen.&nbsp;&nbsp;&nbsp;&nbsp;&nbsp;&nbsp;&nbsp;&nbsp;<\/p>\n\n\n\n<p>Quelle: <a href=\"http:\/\/www.rhein-kreis-neuss.de\">Rhein-Kreis Neuss<\/a><\/p>\n\n\n<figure class=\"wp-block-post-featured-image\"><img loading=\"lazy\" decoding=\"async\" width=\"2560\" height=\"1703\" src=\"https:\/\/standort-niederrhein.de\/wp-content\/uploads\/2024\/09\/DSC_6680-scaled.jpg\" class=\"attachment-post-thumbnail size-post-thumbnail wp-post-image\" alt=\"\" style=\"object-fit:cover;\" srcset=\"https:\/\/standort-niederrhein.de\/wp-content\/uploads\/2024\/09\/DSC_6680-scaled.jpg 2560w, https:\/\/standort-niederrhein.de\/wp-content\/uploads\/2024\/09\/DSC_6680-1280x852.jpg 1280w, https:\/\/standort-niederrhein.de\/wp-content\/uploads\/2024\/09\/DSC_6680-980x652.jpg 980w, https:\/\/standort-niederrhein.de\/wp-content\/uploads\/2024\/09\/DSC_6680-480x319.jpg 480w\" sizes=\"(min-width: 0px) and (max-width: 480px) 480px, (min-width: 481px) and (max-width: 980px) 980px, (min-width: 981px) and (max-width: 1280px) 1280px, (min-width: 1281px) 2560px, 100vw\" \/><\/figure>\n\n\n<p>Neuer Vorsitzender der Gesch\u00e4ftsf\u00fchrung von Johnson &amp; Johnson Innovative Medicine im Kreishaus Neuss (v.l.): Christian Thams, Urs V\u00f6geli und Landrat Hans-J\u00fcrgen Petrauschke. | Foto: S. B\u00fcntig\/ Rhein-Kreis Neuss<\/p>\n","protected":false},"excerpt":{"rendered":"<p>Rhein-Kreis Neuss. Landrat Hans-J\u00fcrgen Petrauschke hat die Bedeutung der Gesundheitsbranche f\u00fcr die Wirtschaft im Rhein-Kreis Neuss unterstrichen. Grund war der Besuch von Urs V\u00f6geli, des neuen Vorsitzenden der Gesch\u00e4ftsf\u00fchrung von Johnson &amp; Johnson Innovative Medicine. Dabei handelt es sich um die Pharmasparte des US-Konzerns Johnson &amp; Johnson mit Sitz in Neuss-Rosellen, die zuvor als Janssen [&hellip;]<\/p>\n","protected":false},"author":3,"featured_media":4882,"comment_status":"closed","ping_status":"closed","sticky":false,"template":"","format":"standard","meta":{"_et_pb_use_builder":"","_et_pb_old_content":"","_et_gb_content_width":"","footnotes":""},"categories":[1],"tags":[],"class_list":["post-4881","post","type-post","status-publish","format-standard","has-post-thumbnail","hentry","category-allgemein"],"_links":{"self":[{"href":"https:\/\/standort-niederrhein.de\/en\/wp-json\/wp\/v2\/posts\/4881","targetHints":{"allow":["GET"]}}],"collection":[{"href":"https:\/\/standort-niederrhein.de\/en\/wp-json\/wp\/v2\/posts"}],"about":[{"href":"https:\/\/standort-niederrhein.de\/en\/wp-json\/wp\/v2\/types\/post"}],"author":[{"embeddable":true,"href":"https:\/\/standort-niederrhein.de\/en\/wp-json\/wp\/v2\/users\/3"}],"replies":[{"embeddable":true,"href":"https:\/\/standort-niederrhein.de\/en\/wp-json\/wp\/v2\/comments?post=4881"}],"version-history":[{"count":1,"href":"https:\/\/standort-niederrhein.de\/en\/wp-json\/wp\/v2\/posts\/4881\/revisions"}],"predecessor-version":[{"id":4883,"href":"https:\/\/standort-niederrhein.de\/en\/wp-json\/wp\/v2\/posts\/4881\/revisions\/4883"}],"wp:featuredmedia":[{"embeddable":true,"href":"https:\/\/standort-niederrhein.de\/en\/wp-json\/wp\/v2\/media\/4882"}],"wp:attachment":[{"href":"https:\/\/standort-niederrhein.de\/en\/wp-json\/wp\/v2\/media?parent=4881"}],"wp:term":[{"taxonomy":"category","embeddable":true,"href":"https:\/\/standort-niederrhein.de\/en\/wp-json\/wp\/v2\/categories?post=4881"},{"taxonomy":"post_tag","embeddable":true,"href":"https:\/\/standort-niederrhein.de\/en\/wp-json\/wp\/v2\/tags?post=4881"}],"curies":[{"name":"wp","href":"https:\/\/api.w.org\/{rel}","templated":true}]}}