{"id":4862,"date":"2024-09-19T06:00:00","date_gmt":"2024-09-19T04:00:00","guid":{"rendered":"https:\/\/invest-in-niederrhein.de\/?p=4862"},"modified":"2024-09-17T10:40:43","modified_gmt":"2024-09-17T08:40:43","slug":"gute-gespraeche-bei-foerdermittel-unterwegs","status":"publish","type":"post","link":"https:\/\/standort-niederrhein.de\/en\/2024\/09\/19\/gute-gespraeche-bei-foerdermittel-unterwegs\/","title":{"rendered":"Gute Gespr\u00e4che bei \u201eF\u00f6rdermittel unterwegs\u201c"},"content":{"rendered":"\n<p><strong>Grefrath.<\/strong> Unternehmen, die erfolgreich zukunftsf\u00e4hig investieren m\u00f6chten, sind gut beraten, wenn sie sich nach F\u00f6rdermitteln erkundigen. Das dachten sich auch mehrere Teilnehmerinnen und Teilnehmer aus den Bereichen Handwerk, Events und Dienstleistung, die am Mittwoch zur mittlerweile 3. Auflage des Formats \u201eF\u00f6rdermittel unterwegs\u201c gekommen waren. Gastgeber war diesmal die Firma M\u00f6bel Wehnen. Dabei handelt es sich um ein Angebot der Wirtschaftsf\u00f6rderungsgesellschaft f\u00fcr den Kreis Viersen (WFG) in Zusammenarbeit mit der Wirtschaftsf\u00f6rderung der Gemeinde Grefrath. Ellen, Katja und Axel Wehnen von M\u00f6bel Wehnen sowie Grefraths Wirtschaftsf\u00f6rderin Laura B\u00fcrkert zeigten sich begeistert vom regen Interesse. Armin M\u00f6ller, F\u00f6rdermittelberater der WFG, nahm sich viel Zeit f\u00fcr die individuellen Anliegen, die die Unternehmerinnen und Unternehmer mitgebracht hatten. Die Wartezeit wurde zum entspannten Plaudern und intensiven Netzwerken im schicken Showk\u00fcchen-Bereich des M\u00f6belhauses genutzt.<\/p>\n\n\n\n<p>F\u00f6rdermittel von Bund, Land und anderen Akteuren unterst\u00fctzen Unternehmen bei Projekten zur Digitalisierung, bei der Umsetzung energetischer Ma\u00dfnahmen im Betrieb und bei vielen weiteren Investitionen, die sonst vielleicht nicht finanzierbar w\u00e4ren. \u201eIch freue mich, dass Armin M\u00f6ller bei einer sehr konkreten Anfrage zur Modernisierung eines Grefrather Handwerksbetriebes bereits vielversprechende Angebote vermitteln konnte\u201c, so Laura B\u00fcrkert. Insgesamt bedankte sich die Wirtschaftsf\u00f6rderin bei allen G\u00e4sten und der WFG Viersen f\u00fcr den erfolgreichen Vormittag.<\/p>\n\n\n\n<p>Mehr Infos zur F\u00f6rdermittelberatung der WFG unter: <a href=\"http:\/\/www.wfg-kreis-viersen.de\/foerdermittelberatung\">wfg-kreis-viersen.de\/foerdermittelberatung<\/a><\/p>\n\n\n\n<p>Quelle: <a href=\"http:\/\/www.grefrath.de\">Gemeinde Grefrath<\/a><\/p>\n\n\n<figure class=\"wp-block-post-featured-image\"><img loading=\"lazy\" decoding=\"async\" width=\"2560\" height=\"1920\" src=\"https:\/\/standort-niederrhein.de\/wp-content\/uploads\/2024\/09\/2024-09-Foerdermittel-unterwegs-scaled.jpg\" class=\"attachment-post-thumbnail size-post-thumbnail wp-post-image\" alt=\"\" style=\"object-fit:cover;\" srcset=\"https:\/\/standort-niederrhein.de\/wp-content\/uploads\/2024\/09\/2024-09-Foerdermittel-unterwegs-scaled.jpg 2560w, https:\/\/standort-niederrhein.de\/wp-content\/uploads\/2024\/09\/2024-09-Foerdermittel-unterwegs-1280x960.jpg 1280w, https:\/\/standort-niederrhein.de\/wp-content\/uploads\/2024\/09\/2024-09-Foerdermittel-unterwegs-980x735.jpg 980w, https:\/\/standort-niederrhein.de\/wp-content\/uploads\/2024\/09\/2024-09-Foerdermittel-unterwegs-480x360.jpg 480w\" sizes=\"(min-width: 0px) and (max-width: 480px) 480px, (min-width: 481px) and (max-width: 980px) 980px, (min-width: 981px) and (max-width: 1280px) 1280px, (min-width: 1281px) 2560px, 100vw\" \/><\/figure>\n\n\n<p>Foto: Gemeinde Grefrath<\/p>\n","protected":false},"excerpt":{"rendered":"<p>Grefrath. Unternehmen, die erfolgreich zukunftsf\u00e4hig investieren m\u00f6chten, sind gut beraten, wenn sie sich nach F\u00f6rdermitteln erkundigen. Das dachten sich auch mehrere Teilnehmerinnen und Teilnehmer aus den Bereichen Handwerk, Events und Dienstleistung, die am Mittwoch zur mittlerweile 3. Auflage des Formats \u201eF\u00f6rdermittel unterwegs\u201c gekommen waren. Gastgeber war diesmal die Firma M\u00f6bel Wehnen. Dabei handelt es sich [&hellip;]<\/p>\n","protected":false},"author":3,"featured_media":4863,"comment_status":"closed","ping_status":"closed","sticky":false,"template":"","format":"standard","meta":{"_et_pb_use_builder":"","_et_pb_old_content":"","_et_gb_content_width":"","footnotes":""},"categories":[1],"tags":[],"class_list":["post-4862","post","type-post","status-publish","format-standard","has-post-thumbnail","hentry","category-allgemein"],"_links":{"self":[{"href":"https:\/\/standort-niederrhein.de\/en\/wp-json\/wp\/v2\/posts\/4862","targetHints":{"allow":["GET"]}}],"collection":[{"href":"https:\/\/standort-niederrhein.de\/en\/wp-json\/wp\/v2\/posts"}],"about":[{"href":"https:\/\/standort-niederrhein.de\/en\/wp-json\/wp\/v2\/types\/post"}],"author":[{"embeddable":true,"href":"https:\/\/standort-niederrhein.de\/en\/wp-json\/wp\/v2\/users\/3"}],"replies":[{"embeddable":true,"href":"https:\/\/standort-niederrhein.de\/en\/wp-json\/wp\/v2\/comments?post=4862"}],"version-history":[{"count":1,"href":"https:\/\/standort-niederrhein.de\/en\/wp-json\/wp\/v2\/posts\/4862\/revisions"}],"predecessor-version":[{"id":4864,"href":"https:\/\/standort-niederrhein.de\/en\/wp-json\/wp\/v2\/posts\/4862\/revisions\/4864"}],"wp:featuredmedia":[{"embeddable":true,"href":"https:\/\/standort-niederrhein.de\/en\/wp-json\/wp\/v2\/media\/4863"}],"wp:attachment":[{"href":"https:\/\/standort-niederrhein.de\/en\/wp-json\/wp\/v2\/media?parent=4862"}],"wp:term":[{"taxonomy":"category","embeddable":true,"href":"https:\/\/standort-niederrhein.de\/en\/wp-json\/wp\/v2\/categories?post=4862"},{"taxonomy":"post_tag","embeddable":true,"href":"https:\/\/standort-niederrhein.de\/en\/wp-json\/wp\/v2\/tags?post=4862"}],"curies":[{"name":"wp","href":"https:\/\/api.w.org\/{rel}","templated":true}]}}