{"id":4859,"date":"2024-09-20T06:00:00","date_gmt":"2024-09-20T04:00:00","guid":{"rendered":"https:\/\/invest-in-niederrhein.de\/?p=4859"},"modified":"2024-09-17T10:41:02","modified_gmt":"2024-09-17T08:41:02","slug":"ideenfutter-expo-zeigte-innovationen-rund-um-die-themen-ernaehrung-lebensmittel-und-landwirtschaft","status":"publish","type":"post","link":"https:\/\/standort-niederrhein.de\/en\/2024\/09\/20\/ideenfutter-expo-zeigte-innovationen-rund-um-die-themen-ernaehrung-lebensmittel-und-landwirtschaft\/","title":{"rendered":"Ideenfutter Expo zeigte Innovationen rund um die Themen Ern\u00e4hrung, Lebensmittel und Landwirtschaft"},"content":{"rendered":"\n<p><strong>Rhein-Kreis Neuss. <\/strong>Zum sechsten Mal fand jetzt die Ideenfutter Expo im Rhein-Kreis Neuss statt. Rund 40 Aussteller aus dem In- und Ausland pr\u00e4sentierten im Gare du Neuss innovative L\u00f6sungen und Technologien rund um die Themen Ern\u00e4hrung, Lebensmittel und Landwirtschaft. Die Veranstaltung stand unter dem Motto \u201eInnovationen f\u00fcr ein nachhaltiges AgriFood System\u201c und bot eine Plattform f\u00fcr zukunftsweisende Entwicklungen in der Branche.<\/p>\n\n\n\n<p>Er\u00f6ffnet wurde die Messe von Landrat Hans-J\u00fcrgen Petrauschke. In seiner Begr\u00fc\u00dfungsrede hob er die Bedeutung von Innovationen in der Kreislaufwirtschaft und mit Blick auf neuartige Lebensmittel hervor. \u201eHier bei uns im Rhein-Kreis Neuss wird Zukunft gestaltet. Ich bin gespannt auf die vielen Innovationen, die wir bei der Ideenfutter Expo entdecken k\u00f6nnen, und freue mich darauf, einiges davon selbst auszuprobieren\u201c, betonte er. Die Ideenfutter Expo verdeutlichte einmal mehr, wie essenziell nachhaltige Ans\u00e4tze in der Lebensmittelwirtschaft sind, um die zuk\u00fcnftigen Herausforderungen in der Ern\u00e4hrungsversorgung zu meistern.<\/p>\n\n\n\n<p>Nach der Er\u00f6ffnung f\u00fchrten Innovationsmanagerin Chiara <a>Bacchiocchi <\/a>und Gr\u00fcnderin Sophie Klein durch einen kurzen Panel-Talk. Dabei erz\u00e4hlte Sophie Klein die Gr\u00fcndungsgeschichte ihres Start-ups Nutriz, das Teil der aktuellen Accelerator-F\u00f6rderrunde des Rhein-Kreis Neuss ist. Mit dem Accelerator-Programm \u201eaccelerate_rkn\u201c f\u00f6rdert der Rhein-Kreis Neuss Start-ups mit bis zu 25.000 Euro bei den ersten Entwicklungsschritten und gibt ihnen passgenau das R\u00fcstzeug an die Hand, das sie ben\u00f6tigen, damit aus einer Idee auch wirklich ein marktf\u00e4higes Produkt werden kann. Das Accelerator-Programm ist Bestandteil der Innovationskreis-Strategie des Rhein-Kreises Neuss.<\/p>\n\n\n\n<p>Nutriz produziert individuelle Snackballs und m\u00f6chte den schnellen Snack f\u00fcr zwischendurch mit Vitaminen und Mineralstoffen kombinieren, um den K\u00f6rper m\u00f6glichst optimal zu versorgen. Das Start-up hat die Messe auch zu einer Erprobung seiner Produkte genutzt.<\/p>\n\n\n\n<p>Die Kreiswirtschaftsf\u00f6rderung hatte noch weitere Start-ups rund um das Thema Ern\u00e4hrung bei der Ideenfutter Expo mit dabei: Das Start-Up Katta beispielsweise hat es sich zum Ziel gesetzt, mit seinem Produkt, der \u201ekattakette\u201c, die aus den 1990er Jahren bekannte essbare Candy-Kette mit einem studienbasierten Elektrolytkomplex zu kombinieren. Ebenfalls mit dabei war das Start-up Fosh mit seiner Nachhaltigkeitsplattform, die es Privatpersonen und Unternehmen erm\u00f6glicht, gemeinsam an der Reduzierung von CO2-Emissionen zu arbeiten. In der Fosh-App k\u00f6nnen Lebensmittel ausgetauscht werden. Privatpersonen werden dabei f\u00fcr ihre App-Aktivit\u00e4ten mit Gutscheinen f\u00fcr lokale Gesch\u00e4fte belohnt.<\/p>\n\n\n\n<p>Neben den Ausstellern und Pr\u00e4sentationen innovativer Start-ups spielte auch die Gr\u00fcndungsf\u00f6rderung eine zentrale Rolle. F\u00fcr gr\u00fcndungsinteressierte Besucherinnen und Besucher bot die Wirtschaftsf\u00f6rderung des Rhein-Kreises Neuss eine umfassende Beratung an. Innovationsmanagerin Chiara Bacchiocchi leitete einen \u201erunden Tisch\u201c zu den verschiedenen F\u00f6rderm\u00f6glichkeiten im Rhein-Kreis Neuss. Sie informierte angehende Gr\u00fcnderinnen und Gr\u00fcnder \u00fcber die vielseitigen Programme und Unterst\u00fctzungsangebote, die der Kreis bereith\u00e4lt.<\/p>\n\n\n\n<p>Robert Abts, Leiter der Kreiswirtschaftsf\u00f6rderung, zog am Ende der Veranstaltung ein positives Fazit: \u201eUnsere Ideenfutter Expo zusammen mit dem FoodHub NRW hat sich als festes j\u00e4hrliches Messeformat unserer Wirtschaftsf\u00f6rderung im Rhein-Kreis Neuss etabliert und erzeugt Impulse sowohl f\u00fcr die ans\u00e4ssige Unternehmerschaft als auch f\u00fcr das Gr\u00fcndungsgeschehen bei uns im Kreisgebiet insgesamt. Gr\u00fcndungen von Food-Start-ups haben einen immer gr\u00f6\u00dferen Anteil an unserem F\u00f6rderprogramm ,accelerate_rkn\u2018. Das freut uns sehr und wirkt sich gleichzeitig positiv auf unsere Standortentwicklung aus\u201c, betonte er.<\/p>\n\n\n\n<p>Der Foodhub NRW hat mit der Ideenfutter Expo eine Plattform f\u00fcr Innovationen in den Bereichen Ern\u00e4hrung und Landwirtschaft etabliert, die zeigt, dass der Rhein-Kreis Neuss ein attraktiver Standort f\u00fcr Start-ups und Unternehmen ist, die nachhaltige L\u00f6sungen f\u00fcr die Ern\u00e4hrungs- und Landwirtschaft der Zukunft entwickeln.<\/p>\n\n\n\n<p>Quelle: <a href=\"http:\/\/www.rhein-kreis-neuss.de\">Rhein-Kreis-Neuss<\/a><\/p>\n\n\n<figure class=\"wp-block-post-featured-image\"><img loading=\"lazy\" decoding=\"async\" width=\"2560\" height=\"1703\" src=\"https:\/\/standort-niederrhein.de\/wp-content\/uploads\/2024\/09\/Bild-Ideenfutter-Expo-pm-002-scaled.jpg\" class=\"attachment-post-thumbnail size-post-thumbnail wp-post-image\" alt=\"\" style=\"object-fit:cover;\" srcset=\"https:\/\/standort-niederrhein.de\/wp-content\/uploads\/2024\/09\/Bild-Ideenfutter-Expo-pm-002-scaled.jpg 2560w, https:\/\/standort-niederrhein.de\/wp-content\/uploads\/2024\/09\/Bild-Ideenfutter-Expo-pm-002-1280x852.jpg 1280w, https:\/\/standort-niederrhein.de\/wp-content\/uploads\/2024\/09\/Bild-Ideenfutter-Expo-pm-002-980x652.jpg 980w, https:\/\/standort-niederrhein.de\/wp-content\/uploads\/2024\/09\/Bild-Ideenfutter-Expo-pm-002-480x319.jpg 480w\" sizes=\"(min-width: 0px) and (max-width: 480px) 480px, (min-width: 481px) and (max-width: 980px) 980px, (min-width: 981px) and (max-width: 1280px) 1280px, (min-width: 1281px) 2560px, 100vw\" \/><\/figure>\n\n\n<p>Bei der Ideenfutter Expo (v.l.): Nicolai Inyamah (Fosh), Robert Abts (Leiter der Kreiswirtschaftsf\u00f6rderung), Innovationsmanagerin Chiara Bacchiocchi, Landrat Hans-J\u00fcrgen Petrauschke, Lee Greene, Peter Wiedeking (beide Foodhub NRW), Mica Scheidt (Fosh), Florian Dieterle (Foodhub NRW) und der Kreistagsabgeordnete Johann-Andreas Werhahn. | Foto: S. B\u00fcntig\/ Rhein-Kreis Neuss<\/p>\n","protected":false},"excerpt":{"rendered":"<p>Rhein-Kreis Neuss. Zum sechsten Mal fand jetzt die Ideenfutter Expo im Rhein-Kreis Neuss statt. Rund 40 Aussteller aus dem In- und Ausland pr\u00e4sentierten im Gare du Neuss innovative L\u00f6sungen und Technologien rund um die Themen Ern\u00e4hrung, Lebensmittel und Landwirtschaft. Die Veranstaltung stand unter dem Motto \u201eInnovationen f\u00fcr ein nachhaltiges AgriFood System\u201c und bot eine Plattform [&hellip;]<\/p>\n","protected":false},"author":3,"featured_media":4860,"comment_status":"closed","ping_status":"closed","sticky":false,"template":"","format":"standard","meta":{"_et_pb_use_builder":"","_et_pb_old_content":"","_et_gb_content_width":"","footnotes":""},"categories":[1],"tags":[],"class_list":["post-4859","post","type-post","status-publish","format-standard","has-post-thumbnail","hentry","category-allgemein"],"_links":{"self":[{"href":"https:\/\/standort-niederrhein.de\/en\/wp-json\/wp\/v2\/posts\/4859","targetHints":{"allow":["GET"]}}],"collection":[{"href":"https:\/\/standort-niederrhein.de\/en\/wp-json\/wp\/v2\/posts"}],"about":[{"href":"https:\/\/standort-niederrhein.de\/en\/wp-json\/wp\/v2\/types\/post"}],"author":[{"embeddable":true,"href":"https:\/\/standort-niederrhein.de\/en\/wp-json\/wp\/v2\/users\/3"}],"replies":[{"embeddable":true,"href":"https:\/\/standort-niederrhein.de\/en\/wp-json\/wp\/v2\/comments?post=4859"}],"version-history":[{"count":1,"href":"https:\/\/standort-niederrhein.de\/en\/wp-json\/wp\/v2\/posts\/4859\/revisions"}],"predecessor-version":[{"id":4861,"href":"https:\/\/standort-niederrhein.de\/en\/wp-json\/wp\/v2\/posts\/4859\/revisions\/4861"}],"wp:featuredmedia":[{"embeddable":true,"href":"https:\/\/standort-niederrhein.de\/en\/wp-json\/wp\/v2\/media\/4860"}],"wp:attachment":[{"href":"https:\/\/standort-niederrhein.de\/en\/wp-json\/wp\/v2\/media?parent=4859"}],"wp:term":[{"taxonomy":"category","embeddable":true,"href":"https:\/\/standort-niederrhein.de\/en\/wp-json\/wp\/v2\/categories?post=4859"},{"taxonomy":"post_tag","embeddable":true,"href":"https:\/\/standort-niederrhein.de\/en\/wp-json\/wp\/v2\/tags?post=4859"}],"curies":[{"name":"wp","href":"https:\/\/api.w.org\/{rel}","templated":true}]}}