{"id":4856,"date":"2024-09-18T06:00:00","date_gmt":"2024-09-18T04:00:00","guid":{"rendered":"https:\/\/invest-in-niederrhein.de\/?p=4856"},"modified":"2024-09-16T09:14:26","modified_gmt":"2024-09-16T07:14:26","slug":"kreis-wfg-zum-5-mal-erfolgreich-als-startercenter-zertifiziert","status":"publish","type":"post","link":"https:\/\/standort-niederrhein.de\/en\/2024\/09\/18\/kreis-wfg-zum-5-mal-erfolgreich-als-startercenter-zertifiziert\/","title":{"rendered":"Kreis-WFG zum 5. Mal erfolgreich als Startercenter zertifiziert"},"content":{"rendered":"\n<p><strong>Rhein-Kreis Neuss.<\/strong> Das Startercenter NRW im Rhein-Kreis Neuss hat seine gute Arbeit&nbsp;als Anlaufstelle bei allen Fragen rund um die berufliche Selbst\u00e4ndigkeit zum f\u00fcnften Mal best\u00e4tigt bekommen. Die Dienststelle f\u00fcr Existenzgr\u00fcnder, die bei der Wirtschaftsf\u00f6rderungsgesellschaft des Kreises angesiedelt ist, wurde erneut zertifiziert. Dem zuvor ging ein erfolgreich absolviertes Audit als Grundlage f\u00fcr die Entscheidung des zust\u00e4ndigen Partnerausschusses auf Landesebene. Die Kreiswirtschaftsf\u00f6rderung ist damit drei weitere Jahre berechtigt, ihre Lotsen- und Beratungsfunktion im Gr\u00fcndungsgesch\u00e4ft&nbsp;unter dem Namen und mit dem Logo \u201eStartercenter NRW\u201c auszuf\u00fchren.<\/p>\n\n\n\n<p>\u201eDas Startercenter ist unsere erste Anlaufstelle f\u00fcr alle Gr\u00fcndungsinteressierten und junge Gr\u00fcnderinnen und Gr\u00fcnder. Umfassende Informationen sowie eine gute Beratung, individuelle Weiterqualifizierungen und die Vernetzung sind Kernaufgaben des Startercenters, das jetzt auch wieder \u00fcberregional seine W\u00fcrdigung gefunden hat\u201c, so Wirtschaftsdezernent Dr. Martin Stiller.<\/p>\n\n\n\n<p>Der Rhein-Kreis Neuss begleitet Gr\u00fcndungsinteressierte, Existenzgr\u00fcnder und junge Unternehmen weiterhin engagiert auf ihrem Weg in eine erfolgreiche Selbst\u00e4ndigkeit. \u201eHierzu werden durch die Umsetzung des neuen Wirtschaftsf\u00f6rderungskonzepts RKNextGen in den n\u00e4chsten Monaten und Jahren auch neue Ideen und Elemente in die Beratung und Unterst\u00fctzungsformate f\u00fcr die Gr\u00fcnder einflie\u00dfen\u201c, so Robert Abts, Gesch\u00e4ftsf\u00fchrer und Leiter der Wirtschaftsf\u00f6rderung.&nbsp;&nbsp;<\/p>\n\n\n\n<p>Eine Terminnotiz lohnt es sich bereits auf den 12. November zu setzen, wenn&nbsp;das Startercenter mit weiteren Partnern wieder den j\u00e4hrlichen Gr\u00fcnder- und Unternehmertag sowie die \u201eFuck-Up Night\u201c ausrichtet, in der Unternehmer \u00fcber ihr Scheitern berichten, damit andere aus ihren Erfahrungen lernen k\u00f6nnen.<\/p>\n\n\n\n<p>Personell gibt es frischen Wind und Verst\u00e4rkung. Christian Schieren hat die Leitung des Startercenter NRW im Rhein-Kreis Neuss \u00fcbernommen und ist damit Ideengeber f\u00fcr die Weiterentwicklung der Gr\u00fcndungs- und Netzwerkarbeit, die viele Jahre von Hildegard Fuhrmann in der Wirtschaftsf\u00f6rderung ausge\u00fcbt wurde. <\/p>\n\n\n\n<p>Neue Impulse in das Wirtschaftsf\u00f6rderungsteam bringt auch Elena Huth. Ab sofort k\u00fcmmert sie sich als Innovationsmanagerin um die Mobilisierung von Innovationen in den Unternehmen sowie um den Ausbau des Gr\u00fcnder-\u00d6kosystems im Rhein-Kreis Neuss. So ist sie zusammen mit Dominik Hintzen unter anderem f\u00fcr die Durchf\u00fchrung von \u201eaccelerate_rkn\u201c, dem Programm zur F\u00f6rderung von Start-ups im Rhein-Kreis Neuss, zust\u00e4ndig. <\/p>\n\n\n\n<p>Quelle: <a href=\"http:\/\/www.rhein-kreis-neuss.de\">Rhein-Kreis Neuss<\/a><\/p>\n\n\n<figure class=\"wp-block-post-featured-image\"><img loading=\"lazy\" decoding=\"async\" width=\"2560\" height=\"1707\" src=\"https:\/\/standort-niederrhein.de\/wp-content\/uploads\/2024\/09\/DSC08876-scaled.jpg\" class=\"attachment-post-thumbnail size-post-thumbnail wp-post-image\" alt=\"\" style=\"object-fit:cover;\" srcset=\"https:\/\/standort-niederrhein.de\/wp-content\/uploads\/2024\/09\/DSC08876-scaled.jpg 2560w, https:\/\/standort-niederrhein.de\/wp-content\/uploads\/2024\/09\/DSC08876-1280x854.jpg 1280w, https:\/\/standort-niederrhein.de\/wp-content\/uploads\/2024\/09\/DSC08876-980x653.jpg 980w, https:\/\/standort-niederrhein.de\/wp-content\/uploads\/2024\/09\/DSC08876-480x320.jpg 480w\" sizes=\"(min-width: 0px) and (max-width: 480px) 480px, (min-width: 481px) and (max-width: 980px) 980px, (min-width: 981px) and (max-width: 1280px) 1280px, (min-width: 1281px) 2560px, 100vw\" \/><\/figure>\n\n\n<p>Urkunde f\u00fcr das Startercenter NRW im Rhein-Kreis Neuss (v.l.): Dr. Martin Stiller, Christian Schieren, Elena Huth und Robert Abts. | Foto: A. Baum\/ Rhein-Kreis Neuss<\/p>\n","protected":false},"excerpt":{"rendered":"<p>Rhein-Kreis Neuss. Das Startercenter NRW im Rhein-Kreis Neuss hat seine gute Arbeit&nbsp;als Anlaufstelle bei allen Fragen rund um die berufliche Selbst\u00e4ndigkeit zum f\u00fcnften Mal best\u00e4tigt bekommen. Die Dienststelle f\u00fcr Existenzgr\u00fcnder, die bei der Wirtschaftsf\u00f6rderungsgesellschaft des Kreises angesiedelt ist, wurde erneut zertifiziert. Dem zuvor ging ein erfolgreich absolviertes Audit als Grundlage f\u00fcr die Entscheidung des zust\u00e4ndigen [&hellip;]<\/p>\n","protected":false},"author":3,"featured_media":4857,"comment_status":"closed","ping_status":"closed","sticky":false,"template":"","format":"standard","meta":{"_et_pb_use_builder":"","_et_pb_old_content":"","_et_gb_content_width":"","footnotes":""},"categories":[1],"tags":[],"class_list":["post-4856","post","type-post","status-publish","format-standard","has-post-thumbnail","hentry","category-allgemein"],"_links":{"self":[{"href":"https:\/\/standort-niederrhein.de\/en\/wp-json\/wp\/v2\/posts\/4856","targetHints":{"allow":["GET"]}}],"collection":[{"href":"https:\/\/standort-niederrhein.de\/en\/wp-json\/wp\/v2\/posts"}],"about":[{"href":"https:\/\/standort-niederrhein.de\/en\/wp-json\/wp\/v2\/types\/post"}],"author":[{"embeddable":true,"href":"https:\/\/standort-niederrhein.de\/en\/wp-json\/wp\/v2\/users\/3"}],"replies":[{"embeddable":true,"href":"https:\/\/standort-niederrhein.de\/en\/wp-json\/wp\/v2\/comments?post=4856"}],"version-history":[{"count":1,"href":"https:\/\/standort-niederrhein.de\/en\/wp-json\/wp\/v2\/posts\/4856\/revisions"}],"predecessor-version":[{"id":4858,"href":"https:\/\/standort-niederrhein.de\/en\/wp-json\/wp\/v2\/posts\/4856\/revisions\/4858"}],"wp:featuredmedia":[{"embeddable":true,"href":"https:\/\/standort-niederrhein.de\/en\/wp-json\/wp\/v2\/media\/4857"}],"wp:attachment":[{"href":"https:\/\/standort-niederrhein.de\/en\/wp-json\/wp\/v2\/media?parent=4856"}],"wp:term":[{"taxonomy":"category","embeddable":true,"href":"https:\/\/standort-niederrhein.de\/en\/wp-json\/wp\/v2\/categories?post=4856"},{"taxonomy":"post_tag","embeddable":true,"href":"https:\/\/standort-niederrhein.de\/en\/wp-json\/wp\/v2\/tags?post=4856"}],"curies":[{"name":"wp","href":"https:\/\/api.w.org\/{rel}","templated":true}]}}