{"id":4839,"date":"2024-09-15T07:00:00","date_gmt":"2024-09-15T05:00:00","guid":{"rendered":"https:\/\/invest-in-niederrhein.de\/?p=4839"},"modified":"2024-09-13T12:16:00","modified_gmt":"2024-09-13T10:16:00","slug":"einfamilienhaeuser-der-worado-feiern-richtfest","status":"publish","type":"post","link":"https:\/\/standort-niederrhein.de\/en\/2024\/09\/15\/einfamilienhaeuser-der-worado-feiern-richtfest\/","title":{"rendered":"Einfamilienh\u00e4user der WORADO feiern Richtfest"},"content":{"rendered":"\n<p><strong>Dormagen\/ Hackenbroich. <\/strong>Die Wohnraumgesellschaft Dormagen (WORADO) baut ihr Quartier auf der Agnes-Derichsweiler-Stra\u00dfe in Hackenbroich weiter aus. Neben dem Mehrfamilienhaus an der \u201eAlten Schule\u201c, das vor f\u00fcnf Monaten eingeweiht wurde, wurde am Dienstag das Richtfest von zwei Einfamilienh\u00e4usern mit Einliegerwohnungen und einem Doppelhaus gefeiert. Die H\u00e4user entstehen in Zusammenarbeit mit der Firma \u201eOKAL Haus GmbH\u201c.<\/p>\n\n\n\n<p>\u201eViele Dormagenerinnen und Dormagener suchen weiterhin nach einem Zuhause f\u00fcr sich und ihre Familien. Dabei sind die Bedarfe sehr unterschiedlich. Aus diesem Grund freue ich mich, dass nun bald auch die ersten WORADO-Einfamilienh\u00e4user fertiggestellt werden und wir das Wohnungsangebot in Dormagen ein St\u00fcck erweitern k\u00f6nnen\u201c, sagt B\u00fcrgermeister Erik Lierenfeld.<\/p>\n\n\n\n<p>Die H\u00e4user zeichnen sich durch zeitgem\u00e4\u00dfen Komfort und \u00f6kologische Bauweise aus. Sie verbinden zwei wichtige Komponenten: eine nachhaltige Holzrahmenbauweise und eine energieeffiziente Technologie. Die Beheizung erfolgt \u00fcber eine intelligente Frischluftw\u00e4rmetechnik, die durch eine kontrollierte Be- und Entl\u00fcftung mit W\u00e4rmer\u00fcckgewinnung den Wohnraum angenehm beheizt. Durch diese Technologie entfallen s\u00e4mtliche Heizk\u00f6rper in der Wohnung.<\/p>\n\n\n\n<p>Auf dem Dach der Geb\u00e4ude werden Photovoltaikanlagen installiert, unterst\u00fctzt durch einen Batteriespeicher mit 8,8 Kilowattstunden. \u201eDiese nachhaltige Stromversorgung reduziert die Abh\u00e4ngigkeit von externen Energiequellen und leistet gleichzeitig einen wichtigen Beitrag zum Umwelt- und Klimaschutz\u201c, erkl\u00e4rt Uwe Heidel, Gesch\u00e4ftsf\u00fchrer der WORADO. Zudem tr\u00e4gt eine Dachbegr\u00fcnung zur Verbesserung des Mikroklimas bei und f\u00f6rdert die biologische Vielfalt.<\/p>\n\n\n\n<p>Das Neubauprojekt an der Agnes-Derichsweiler-Stra\u00dfe umfasst sechs Wohnungen, die sich durch ihre Ausstattung und Raumaufteilung auszeichnen. Die Wohnfl\u00e4chen variieren und liegen bei den Einfamilienh\u00e4usern bei rund 135 Quadratmetern. Die Doppelhaush\u00e4lften haben etwa 116 Quadratmeter Wohnfl\u00e4che und die Einliegerwohnungen rund 32 Quadratmeter. Alle sechs Wohneinheiten besitzen eine Terrasse. Au\u00dferdem sind sie mit Glasfaseranschl\u00fcssen ausgestattet, haben elektrische Rolll\u00e4den und bodengleiche Duschen und verf\u00fcgen jeweils \u00fcber einen Stellplatz mit der M\u00f6glichkeit eine E-Ladestation zu installieren.<\/p>\n\n\n\n<p>Die Fertigstellung der H\u00e4user soll im Januar 2025 erfolgen. Die Au\u00dfenanlage wird voraussichtlich im M\u00e4rz 2025 abgeschlossen.<\/p>\n\n\n\n<p>Mehr Informationen zu dem Bauvorhaben und weiteren Projekten gibt es auf der Webseite der Wohnraumgesellschaft unter <a href=\"http:\/\/www.worado.de\/\">www.worado.de<\/a>. <\/p>\n\n\n\n<p>Quelle: <a href=\"http:\/\/www.dormagen.de\">Stadt Dormagen<\/a><\/p>\n\n\n<figure class=\"wp-block-post-featured-image\"><img loading=\"lazy\" decoding=\"async\" width=\"2560\" height=\"1707\" src=\"https:\/\/standort-niederrhein.de\/wp-content\/uploads\/2024\/09\/Richtfest-Hackenbroich-scaled.jpg\" class=\"attachment-post-thumbnail size-post-thumbnail wp-post-image\" alt=\"\" style=\"object-fit:cover;\" srcset=\"https:\/\/standort-niederrhein.de\/wp-content\/uploads\/2024\/09\/Richtfest-Hackenbroich-scaled.jpg 2560w, https:\/\/standort-niederrhein.de\/wp-content\/uploads\/2024\/09\/Richtfest-Hackenbroich-1280x854.jpg 1280w, https:\/\/standort-niederrhein.de\/wp-content\/uploads\/2024\/09\/Richtfest-Hackenbroich-980x653.jpg 980w, https:\/\/standort-niederrhein.de\/wp-content\/uploads\/2024\/09\/Richtfest-Hackenbroich-480x320.jpg 480w\" sizes=\"(min-width: 0px) and (max-width: 480px) 480px, (min-width: 481px) and (max-width: 980px) 980px, (min-width: 981px) and (max-width: 1280px) 1280px, (min-width: 1281px) 2560px, 100vw\" \/><\/figure>\n\n\n<p>V.l. Marc Klostermann (DFH Haus), Sebastian Beversdorff (WORADO), Jutta Quasten-Mundt (Werkgemeinschaft Quasten-Mundt Architekten PartGmbB ), Erik Lierenfeld (B\u00fcrgermeister), Robert Bossinger (OKAL Haus GmbH), Uwe Heidel (Gesch\u00e4ftsf\u00fchrer WORADO), Baris Delibas (WORADO), Thorsten Wankum (Werkgemeinschaft Quasten-Mundt Architekten PartGmbB), Oliver Vogel (OKAL Haus GmbH) | Foto: Stadt Dormagen<\/p>\n","protected":false},"excerpt":{"rendered":"<p>Dormagen\/ Hackenbroich. Die Wohnraumgesellschaft Dormagen (WORADO) baut ihr Quartier auf der Agnes-Derichsweiler-Stra\u00dfe in Hackenbroich weiter aus. Neben dem Mehrfamilienhaus an der \u201eAlten Schule\u201c, das vor f\u00fcnf Monaten eingeweiht wurde, wurde am Dienstag das Richtfest von zwei Einfamilienh\u00e4usern mit Einliegerwohnungen und einem Doppelhaus gefeiert. Die H\u00e4user entstehen in Zusammenarbeit mit der Firma \u201eOKAL Haus GmbH\u201c. \u201eViele [&hellip;]<\/p>\n","protected":false},"author":3,"featured_media":4840,"comment_status":"closed","ping_status":"closed","sticky":false,"template":"","format":"standard","meta":{"_et_pb_use_builder":"","_et_pb_old_content":"","_et_gb_content_width":"","footnotes":""},"categories":[1],"tags":[],"class_list":["post-4839","post","type-post","status-publish","format-standard","has-post-thumbnail","hentry","category-allgemein"],"_links":{"self":[{"href":"https:\/\/standort-niederrhein.de\/en\/wp-json\/wp\/v2\/posts\/4839","targetHints":{"allow":["GET"]}}],"collection":[{"href":"https:\/\/standort-niederrhein.de\/en\/wp-json\/wp\/v2\/posts"}],"about":[{"href":"https:\/\/standort-niederrhein.de\/en\/wp-json\/wp\/v2\/types\/post"}],"author":[{"embeddable":true,"href":"https:\/\/standort-niederrhein.de\/en\/wp-json\/wp\/v2\/users\/3"}],"replies":[{"embeddable":true,"href":"https:\/\/standort-niederrhein.de\/en\/wp-json\/wp\/v2\/comments?post=4839"}],"version-history":[{"count":2,"href":"https:\/\/standort-niederrhein.de\/en\/wp-json\/wp\/v2\/posts\/4839\/revisions"}],"predecessor-version":[{"id":4842,"href":"https:\/\/standort-niederrhein.de\/en\/wp-json\/wp\/v2\/posts\/4839\/revisions\/4842"}],"wp:featuredmedia":[{"embeddable":true,"href":"https:\/\/standort-niederrhein.de\/en\/wp-json\/wp\/v2\/media\/4840"}],"wp:attachment":[{"href":"https:\/\/standort-niederrhein.de\/en\/wp-json\/wp\/v2\/media?parent=4839"}],"wp:term":[{"taxonomy":"category","embeddable":true,"href":"https:\/\/standort-niederrhein.de\/en\/wp-json\/wp\/v2\/categories?post=4839"},{"taxonomy":"post_tag","embeddable":true,"href":"https:\/\/standort-niederrhein.de\/en\/wp-json\/wp\/v2\/tags?post=4839"}],"curies":[{"name":"wp","href":"https:\/\/api.w.org\/{rel}","templated":true}]}}