{"id":4827,"date":"2024-09-14T06:00:00","date_gmt":"2024-09-14T04:00:00","guid":{"rendered":"https:\/\/invest-in-niederrhein.de\/?p=4827"},"modified":"2024-09-11T14:20:39","modified_gmt":"2024-09-11T12:20:39","slug":"lust-auf-heimat-shoppen-wecken","status":"publish","type":"post","link":"https:\/\/standort-niederrhein.de\/en\/2024\/09\/14\/lust-auf-heimat-shoppen-wecken\/","title":{"rendered":"Lust auf \u201eHeimat shoppen\u201c wecken"},"content":{"rendered":"\n<p><strong>Mittlerer Niederrhein. <\/strong>Die Folgen der Kaufhof-Schlie\u00dfungen, r\u00fcckl\u00e4ufige Passantenfrequenz in den Innenst\u00e4dten und unfairer Wettbewerb durch chinesische Handelsplattformen \u2013 trotz vieler Herausforderungen waren die Einzelh\u00e4ndlerinnen und Einzelh\u00e4ndler sowie andere Innenstadtakteure der Region beim Austausch mit Mona Neubaur zuversichtlich. Schlie\u00dflich war die Ministerin f\u00fcr Wirtschaft, Industrie, Klimaschutz und Energie des Landes Nordrhein-Westfalen nach Krefeld in die R\u00e4ume von Intersport Borgmann gekommen, um die Aktionstage \u201eHeimat shoppen\u201c am kommenden Wochenende einzul\u00e4uten. Dass die Vorfreude auf die Aktionstage in diesem Jahr besonders gro\u00df ist, machte J\u00fcrgen Steinmetz, Hauptgesch\u00e4ftsf\u00fchrer der Industrie- und Handelskammer (IHK) Mittlerer Niederrhein, deutlich. Er stellte \u201eHeimat shoppen_reloaded\u201c vor: \u201eUnsere Initiative ist in diesem Jahr zehn Jahre alt geworden. Das haben wir zum Anlass genommen, unsere Aktion weiterzuentwickeln \u2013 mit einem neuen Design, einem neuen Logo und einer neuen Website inklusive Toolbox mit Werbemitteln f\u00fcr die Innenstadtakteure.\u201c Dar\u00fcber hinaus gehe es auch darum, die Kampagne mit neuen Ideen und Impulsen auch inhaltlich weiterzuentwickeln, wie IHK-Vizepr\u00e4sident Rainer H\u00f6ppner (H\u00f6ppner Moden, Willich) mit Verweis auf die T\u00e4tigkeit des neu entwickelten Heimat-shoppen-Beirats erkl\u00e4rte.<\/p>\n\n\n\n<p>\u201eVielen Dank, dass Sie sich engagieren\u201c, sagte die Wirtschaftsministerin an die Adresse der versammelten Innenstadtakteure aus Krefeld, M\u00f6nchengladbach, Kreis Viersen und dem Rhein-Kreis Neuss. \u201eSie sorgen daf\u00fcr, dass unsere St\u00e4dte nicht nur Kulissen, sondern liebens- und lebenswerte Orte voller Leben sind.\u201c Das gelinge nur, wenn die Akteure vor Ort \u2013 Einzelhandel, Gastronomie, Dienstleistung und Verwaltung \u2013 an einem Strang ziehen. \u201eDie Landesregierung unterst\u00fctzt Sie dabei\u201c, betonte Neubaur.<\/p>\n\n\n\n<p>Im Austausch mit der Ministerin sprachen die Einzelh\u00e4ndlerinnen und Einzelh\u00e4ndler konkrete Herausforderungen an. Christoph Borgmann (Intersport Borgmann, Krefeld) beklagte mit Blick auf Stadtfeste zu restriktive Schallimmissionsschutzregeln, unfaire und verbraucherunfreundliche Praktiken chinesischer Online-H\u00e4ndler und einen R\u00fcckgang der Passantenfrequenz in der Krefelder Innenstadt. \u201eIn diesem Punkt hoffe ich, dass die k\u00fcnftige Neunutzung des Kaufhofs wieder mehr Passanten in die Innenstadt bringt\u201c, so Borgmann. Antonios Arabatzis (Gleumes, Krefeld) sprach den Fachkr\u00e4ftemangel in der Gastronomie an, und Dr. Ute Dallmeier (First Reiseb\u00fcro, M\u00f6nchengladbach) betonte, dass der Einkauf und die Nutzung von Dienstleistungen vor Ort entscheidend f\u00fcr den Erhalt lebendiger Innenst\u00e4dte seien. Miriam Schmitt vom Modehaus Fritz Schmitz in Viersen wiederum beklagte, dass die F\u00fclle an b\u00fcrokratischen H\u00fcrden das Engagement vieler Einzelh\u00e4ndlerinnen und Einzelh\u00e4ndler ausbremse.<\/p>\n\n\n\n<p>\u201eHeimat shoppen\u201c wurde 2014 von der IHK Mittlerer Niederrhein ins Leben gerufen. Mit der Aktion soll darauf aufmerksam gemacht werden, dass Einzelh\u00e4ndler, Dienstleister und Gastronomen nicht nur f\u00fcr die Attraktivit\u00e4t der Innenst\u00e4dte sorgen, sondern auch weitere erhebliche Leistungen f\u00fcr das Gemeinwohl erbringen. So sichern sie Arbeits- und Ausbildungspl\u00e4tze, unterst\u00fctzen unter anderem Vereine und Schulen, organisieren Events und sind f\u00fcr jede Stadt und Gemeinde wichtige Steuerzahler. Darauf macht die Kampagne \u201eHeimat shoppen\u201c inzwischen deutschlandweit in zahlreichen St\u00e4dten und Gemeinden aufmerksam \u2013 nicht nur an den j\u00e4hrlichen Aktionstagen am zweiten September-Wochenende.<\/p>\n\n\n\n<p>Quelle: <a href=\"https:\/\/mittlerer-niederrhein.ihk.de\/de\/oeffentlichkeitsarbeit\/pressemitteilungen\/2024\/lust-auf-heimat-shoppen-wecken.html\">IHK Mittlerer Niederrhein<\/a><\/p>\n\n\n<figure class=\"wp-block-post-featured-image\"><img loading=\"lazy\" decoding=\"async\" width=\"987\" height=\"392\" src=\"https:\/\/standort-niederrhein.de\/wp-content\/uploads\/2024\/09\/pm201_auftakt_heimat_shoppen_krefeld-artikel2.jpg\" class=\"attachment-post-thumbnail size-post-thumbnail wp-post-image\" alt=\"\" style=\"object-fit:cover;\" srcset=\"https:\/\/standort-niederrhein.de\/wp-content\/uploads\/2024\/09\/pm201_auftakt_heimat_shoppen_krefeld-artikel2.jpg 987w, https:\/\/standort-niederrhein.de\/wp-content\/uploads\/2024\/09\/pm201_auftakt_heimat_shoppen_krefeld-artikel2-980x389.jpg 980w, https:\/\/standort-niederrhein.de\/wp-content\/uploads\/2024\/09\/pm201_auftakt_heimat_shoppen_krefeld-artikel2-480x191.jpg 480w\" sizes=\"(min-width: 0px) and (max-width: 480px) 480px, (min-width: 481px) and (max-width: 980px) 980px, (min-width: 981px) 987px, 100vw\" \/><\/figure>\n\n\n<p>Christoph Borgmann (l.), Gesch\u00e4ftsf\u00fchrer von Intersport Borgmann, und IHK-Hauptgesch\u00e4ftsf\u00fchrer J\u00fcrgen Steinmetz begr\u00fc\u00dften Mona Neubaur, Ministerin f\u00fcr Wirtschaft, Industrie, Klimaschutz und Energie des Landes Nordrhein-Westfalen, zum Auftakt von \u201eHeimat shoppen\u201c. | Foto: IHK Mittlerer Niederrhein<\/p>\n","protected":false},"excerpt":{"rendered":"<p>Mittlerer Niederrhein. Die Folgen der Kaufhof-Schlie\u00dfungen, r\u00fcckl\u00e4ufige Passantenfrequenz in den Innenst\u00e4dten und unfairer Wettbewerb durch chinesische Handelsplattformen \u2013 trotz vieler Herausforderungen waren die Einzelh\u00e4ndlerinnen und Einzelh\u00e4ndler sowie andere Innenstadtakteure der Region beim Austausch mit Mona Neubaur zuversichtlich. Schlie\u00dflich war die Ministerin f\u00fcr Wirtschaft, Industrie, Klimaschutz und Energie des Landes Nordrhein-Westfalen nach Krefeld in die R\u00e4ume [&hellip;]<\/p>\n","protected":false},"author":3,"featured_media":4828,"comment_status":"closed","ping_status":"closed","sticky":false,"template":"","format":"standard","meta":{"_et_pb_use_builder":"","_et_pb_old_content":"","_et_gb_content_width":"","footnotes":""},"categories":[1],"tags":[],"class_list":["post-4827","post","type-post","status-publish","format-standard","has-post-thumbnail","hentry","category-allgemein"],"_links":{"self":[{"href":"https:\/\/standort-niederrhein.de\/en\/wp-json\/wp\/v2\/posts\/4827","targetHints":{"allow":["GET"]}}],"collection":[{"href":"https:\/\/standort-niederrhein.de\/en\/wp-json\/wp\/v2\/posts"}],"about":[{"href":"https:\/\/standort-niederrhein.de\/en\/wp-json\/wp\/v2\/types\/post"}],"author":[{"embeddable":true,"href":"https:\/\/standort-niederrhein.de\/en\/wp-json\/wp\/v2\/users\/3"}],"replies":[{"embeddable":true,"href":"https:\/\/standort-niederrhein.de\/en\/wp-json\/wp\/v2\/comments?post=4827"}],"version-history":[{"count":1,"href":"https:\/\/standort-niederrhein.de\/en\/wp-json\/wp\/v2\/posts\/4827\/revisions"}],"predecessor-version":[{"id":4829,"href":"https:\/\/standort-niederrhein.de\/en\/wp-json\/wp\/v2\/posts\/4827\/revisions\/4829"}],"wp:featuredmedia":[{"embeddable":true,"href":"https:\/\/standort-niederrhein.de\/en\/wp-json\/wp\/v2\/media\/4828"}],"wp:attachment":[{"href":"https:\/\/standort-niederrhein.de\/en\/wp-json\/wp\/v2\/media?parent=4827"}],"wp:term":[{"taxonomy":"category","embeddable":true,"href":"https:\/\/standort-niederrhein.de\/en\/wp-json\/wp\/v2\/categories?post=4827"},{"taxonomy":"post_tag","embeddable":true,"href":"https:\/\/standort-niederrhein.de\/en\/wp-json\/wp\/v2\/tags?post=4827"}],"curies":[{"name":"wp","href":"https:\/\/api.w.org\/{rel}","templated":true}]}}