{"id":4819,"date":"2024-09-12T06:00:00","date_gmt":"2024-09-12T04:00:00","guid":{"rendered":"https:\/\/invest-in-niederrhein.de\/?p=4819"},"modified":"2024-09-10T13:43:01","modified_gmt":"2024-09-10T11:43:01","slug":"vielfaeltige-aktivitaeten-zur-fachkraeftegewinnung","status":"publish","type":"post","link":"https:\/\/standort-niederrhein.de\/en\/2024\/09\/12\/vielfaeltige-aktivitaeten-zur-fachkraeftegewinnung\/","title":{"rendered":"Vielf\u00e4ltige Aktivit\u00e4ten zur Fachkr\u00e4ftegewinnung"},"content":{"rendered":"\n<p><strong>Kreis Kleve\/ Straelen. <\/strong>Erneut traf die Reihe der Unternehmerfr\u00fchst\u00fccke auf gro\u00dfes Interesse.<strong> <\/strong>Mehr als 60 Interessierte waren der Einladung der Wirtschaftsf\u00f6rderung Kreis Kleve nach Straelen ins Versuchszentrum Gartenbau der Landwirtschaftskammer Nordrhein-Westfalen gefolgt. Im Mittelpunkt der Veranstaltung, die die Kreis-WfG nun in Kooperation mit der Stadt Straelen durchf\u00fchrte, standen Herausforderungen und zukunftsweisende L\u00f6sungsans\u00e4tze f\u00fcr den Fachkr\u00e4ftemangel. <strong>\u00a0<\/strong><\/p>\n\n\n\n<p>Er\u00f6ffnet wurde das Unternehmerfr\u00fchst\u00fcck durch B\u00fcrgermeister Bernd Kuse. Er nannte den Arbeitskr\u00e4ftemangel \u201eein gesamtgesellschaftliches Thema, das unsere Wirtschaft und unsere Stadt in vielf\u00e4ltiger Weise ber\u00fchrt\u201c.&nbsp; Auch die Straelener Stadtverwaltung mit ihren rund 200 Mitarbeitenden treffe die Problematik deutlich. Gleichzeitig, so Kuse, sei er \u00fcberzeugt, \u201edass wir in Straelen \u00fcber eine starke unternehmerische Basis verf\u00fcgen, die auch diese Herausforderung meistern wird\u201c. Als Kommune engagiere sich Straelen beim Ausbildungsplatzmarketing, indem zwei Projekte gemeinsam mit den LEADER-Kommunen umgesetzt werden. Dabei handelt es sich zum einen um die Kampagne \u201eJobSurfing\u201c, bei der zwei junge Menschen insgesamt 20 Unternehmen besuchen und anschlie\u00dfen ihre Erlebnisse in Videos, Blogs und Posts schildern. Zum anderen beteiligt sich Straelen am \u201eJobKick\u201c, bei dem am 21. September Sch\u00fclerinnen und Sch\u00fcler bei einem Kickerturnier gegen Unternehmensvertreterinnen und -vertreter antreten.&nbsp; &nbsp;<\/p>\n\n\n\n<p>Anschlie\u00dfend stellte Gesch\u00e4ftsf\u00fchrerin Brigitte Jansen den G\u00e4sten die vielf\u00e4ltigen Aktivit\u00e4ten der Kreis-Wirtschaftsf\u00f6rderung vor und lud sie ein, den Kontakt dorthin zu suchen, wenn Bedarf an Beratung, Unterst\u00fctzung und Information besteht oder der Kontakt zur Hochschule Rhein-Waal gesucht wird.<\/p>\n\n\n\n<p>Weiter ging es mit einem Vortrag unter dem Titel \u201eJobturbo \u2013 F\u00f6rderung beruflicher Weiterentwicklung \u2013 Fachkr\u00e4fte-einwanderungsgesetz \u2013 Die Bundesagentur f\u00fcr Arbeit stellt sich vor\u201c. Dominik Blechschmidt, Gesch\u00e4ftsf\u00fchrer Operativ der Agentur f\u00fcr Arbeit Wesel, nannte drei Mittel, die aus seiner Sicht geeignet zur Fachkr\u00e4fte-Gewinnung seien: \u201eDuale Ausbildung, Qualifizierung von Besch\u00e4ftigten im Unternehmen und Zuwanderung\u201c. Sascha Bongertmann und Nils Heuer von der Bundesagentur f\u00fcr Arbeit sowie Max J\u00fcrgens vom Jobcenter Kreis Kleve zeigten den Unternehmerinnen und Unternehmern hilfreiche Unterst\u00fctzungsm\u00f6glichkeiten auf. So verf\u00fcge die Bundesagentur \u00fcber das deutschlandweit gr\u00f6\u00dfte Job-Portal, sie berate gerne pers\u00f6nlich sowie individuell im Unternehmen vor Ort und halte vielf\u00e4ltige digitale sowie finanzielle Unterst\u00fctzungsm\u00f6glichkeiten f\u00fcr Firmen bei der Personalgewinnung bereit.<\/p>\n\n\n\n<p>In einer Gespr\u00e4chsrunde, moderiert durch Andrea Franken, gingen abschlie\u00dfend zwei lokale Unternehmen gemeinsam mit B\u00fcrgermeister Kuse in den Austausch und stellten Tops und Flops beim Recruiting vor: &nbsp;J\u00fcrgen Schultz, Gesch\u00e4ftsf\u00fchrer der Schultz Blumenhandel und Logistik GmbH &amp; Co. KG, sowie Oliver Hegmann, Gesch\u00e4ftsf\u00fchrer der Megens Bau GmbH &amp; Co. KG. Alle Talkg\u00e4ste betonten, dass sie bei der Fachkr\u00e4fte-Suche vor allem auf Social-Media setzten, dass es mit Blick auf die Bindung von Mitarbeitenden aber auch wichtig sei, bestimmte Werte \u2013 wie etwa Teamgeist und ein wertsch\u00e4tzendes Miteinander \u2013 im Unternehmen zu leben.<\/p>\n\n\n\n<p>Quelle: <a href=\"http:\/\/www.wfg-kreis-kleve.de\">WFG Kreis Kleve<\/a><\/p>\n\n\n<figure class=\"wp-block-post-featured-image\"><img loading=\"lazy\" decoding=\"async\" width=\"2297\" height=\"1292\" src=\"https:\/\/standort-niederrhein.de\/wp-content\/uploads\/2024\/09\/UF-Straelen_PI-2.jpg\" class=\"attachment-post-thumbnail size-post-thumbnail wp-post-image\" alt=\"\" style=\"object-fit:cover;\" srcset=\"https:\/\/standort-niederrhein.de\/wp-content\/uploads\/2024\/09\/UF-Straelen_PI-2.jpg 2297w, https:\/\/standort-niederrhein.de\/wp-content\/uploads\/2024\/09\/UF-Straelen_PI-2-1280x720.jpg 1280w, https:\/\/standort-niederrhein.de\/wp-content\/uploads\/2024\/09\/UF-Straelen_PI-2-980x551.jpg 980w, https:\/\/standort-niederrhein.de\/wp-content\/uploads\/2024\/09\/UF-Straelen_PI-2-480x270.jpg 480w\" sizes=\"(min-width: 0px) and (max-width: 480px) 480px, (min-width: 481px) and (max-width: 980px) 980px, (min-width: 981px) and (max-width: 1280px) 1280px, (min-width: 1281px) 2297px, 100vw\" \/><\/figure>\n\n\n<p>Die Protagonisten des Unternehmerfr\u00fchst\u00fccks in Straelen (von links): Fabienne van Lier (Wirtschaftsf\u00f6rderung Kreis Kleve), Andrea Franken (Moderatorin), J\u00fcrgen Schultz (Gesch\u00e4ftsf\u00fchrer Schultz Blumenhandel und Logistik GmbH &amp; Co. KG), Sascha Bongertmann (Bundesagentur f\u00fcr Arbeit), Max J\u00fcrgens (Jobcenter Kreis Kleve), Nils Heuer (Bundesagentur f\u00fcr Arbeit), Dominik Blechschmidt (Gesch\u00e4ftsf\u00fchrer Operativ Agentur f\u00fcr Arbeit Wesel), Oliver Heghmann (Gesch\u00e4ftsf\u00fchrer Megens Bau GmbH &amp; Co. KG), Brigitte Jansen (Gesch\u00e4ftsf\u00fchrerin Wirtschaftsf\u00f6rderung Kreis Kleve), Uwe Bons (Wirtschaftsf\u00f6rderer Stadt Straelen), Bernd Kuse (B\u00fcrgermeister Stadt Straelen). | Foto: WFG Kreis Kleve<\/p>\n","protected":false},"excerpt":{"rendered":"<p>Kreis Kleve\/ Straelen. Erneut traf die Reihe der Unternehmerfr\u00fchst\u00fccke auf gro\u00dfes Interesse. Mehr als 60 Interessierte waren der Einladung der Wirtschaftsf\u00f6rderung Kreis Kleve nach Straelen ins Versuchszentrum Gartenbau der Landwirtschaftskammer Nordrhein-Westfalen gefolgt. Im Mittelpunkt der Veranstaltung, die die Kreis-WfG nun in Kooperation mit der Stadt Straelen durchf\u00fchrte, standen Herausforderungen und zukunftsweisende L\u00f6sungsans\u00e4tze f\u00fcr den Fachkr\u00e4ftemangel. [&hellip;]<\/p>\n","protected":false},"author":3,"featured_media":4820,"comment_status":"closed","ping_status":"closed","sticky":false,"template":"","format":"standard","meta":{"_et_pb_use_builder":"","_et_pb_old_content":"","_et_gb_content_width":"","footnotes":""},"categories":[1],"tags":[],"class_list":["post-4819","post","type-post","status-publish","format-standard","has-post-thumbnail","hentry","category-allgemein"],"_links":{"self":[{"href":"https:\/\/standort-niederrhein.de\/en\/wp-json\/wp\/v2\/posts\/4819","targetHints":{"allow":["GET"]}}],"collection":[{"href":"https:\/\/standort-niederrhein.de\/en\/wp-json\/wp\/v2\/posts"}],"about":[{"href":"https:\/\/standort-niederrhein.de\/en\/wp-json\/wp\/v2\/types\/post"}],"author":[{"embeddable":true,"href":"https:\/\/standort-niederrhein.de\/en\/wp-json\/wp\/v2\/users\/3"}],"replies":[{"embeddable":true,"href":"https:\/\/standort-niederrhein.de\/en\/wp-json\/wp\/v2\/comments?post=4819"}],"version-history":[{"count":1,"href":"https:\/\/standort-niederrhein.de\/en\/wp-json\/wp\/v2\/posts\/4819\/revisions"}],"predecessor-version":[{"id":4821,"href":"https:\/\/standort-niederrhein.de\/en\/wp-json\/wp\/v2\/posts\/4819\/revisions\/4821"}],"wp:featuredmedia":[{"embeddable":true,"href":"https:\/\/standort-niederrhein.de\/en\/wp-json\/wp\/v2\/media\/4820"}],"wp:attachment":[{"href":"https:\/\/standort-niederrhein.de\/en\/wp-json\/wp\/v2\/media?parent=4819"}],"wp:term":[{"taxonomy":"category","embeddable":true,"href":"https:\/\/standort-niederrhein.de\/en\/wp-json\/wp\/v2\/categories?post=4819"},{"taxonomy":"post_tag","embeddable":true,"href":"https:\/\/standort-niederrhein.de\/en\/wp-json\/wp\/v2\/tags?post=4819"}],"curies":[{"name":"wp","href":"https:\/\/api.w.org\/{rel}","templated":true}]}}