{"id":4803,"date":"2024-09-08T07:00:00","date_gmt":"2024-09-08T05:00:00","guid":{"rendered":"https:\/\/invest-in-niederrhein.de\/?p=4803"},"modified":"2024-09-06T12:38:28","modified_gmt":"2024-09-06T10:38:28","slug":"kreis-viersen-jetzt-auch-auf-whatsapp","status":"publish","type":"post","link":"https:\/\/standort-niederrhein.de\/en\/2024\/09\/08\/kreis-viersen-jetzt-auch-auf-whatsapp\/","title":{"rendered":"Kreis Viersen jetzt auch auf WhatsApp"},"content":{"rendered":"\n<p><strong>Kreis Viersen. <\/strong>\u00dcber Facebook, Instagram und LinkedIn informiert der Kreis Viersen seine B\u00fcrgerinnen und B\u00fcrger bereits \u00fcber das aktuelle Geschehen im Kreis. Nun kommt mit dem neuen WhatsApp-Kanal eine weitere Plattform hinzu. Hier haben die Nutzerinnen und Nutzer die M\u00f6glichkeit, Informationen schnell und direkt \u00fcber die Messenger-App auf ihr Smartphone zu erhalten.<\/p>\n\n\n\n<p>Die Funktion der WhatsApp-Kan\u00e4le gibt es erst seit September 2023. Sie \u00e4hneln WhatsApp-Gruppen und dienen als Informationskanal f\u00fcr Privatpersonen oder Unternehmen. Es k\u00f6nnen sowohl Text- als auch Sprachnachrichten, Fotos und Videos, aber auch Umfragen und Links geteilt werden.<\/p>\n\n\n\n<p>Der WhatsApp-Kanal ist kostenfrei, datenschutzkonform und jederzeit k\u00fcndbar. Rechts oben kann der Kanal abonniert werden und die Mitteilungsfunktion durch Tippen auf das Glockensymbol ein- oder ausgeschaltet werden. Alle Abonnentinnen und Abonnenten bleiben anonym, Telefonnummer und Profilbild sich nicht \u00f6ffentlich einsehbar.<\/p>\n\n\n\n<p>Der Kanal ist auf Mobilger\u00e4ten, auf denen WhatsApp installiert ist, \u00fcber folgenden Link zu erreichen: <a href=\"https:\/\/bit.ly\/4dFmS10\">https:\/\/bit.ly\/4dFmS10<\/a><\/p>\n\n\n\n<p>Quelle: <a href=\"http:\/\/www.kreis-viersen.de\">Kreis Viersen<\/a><\/p>\n","protected":false},"excerpt":{"rendered":"<p>Kreis Viersen. \u00dcber Facebook, Instagram und LinkedIn informiert der Kreis Viersen seine B\u00fcrgerinnen und B\u00fcrger bereits \u00fcber das aktuelle Geschehen im Kreis. Nun kommt mit dem neuen WhatsApp-Kanal eine weitere Plattform hinzu. Hier haben die Nutzerinnen und Nutzer die M\u00f6glichkeit, Informationen schnell und direkt \u00fcber die Messenger-App auf ihr Smartphone zu erhalten. Die Funktion der [&hellip;]<\/p>\n","protected":false},"author":3,"featured_media":0,"comment_status":"closed","ping_status":"closed","sticky":false,"template":"","format":"standard","meta":{"_et_pb_use_builder":"","_et_pb_old_content":"","_et_gb_content_width":"","footnotes":""},"categories":[1],"tags":[],"class_list":["post-4803","post","type-post","status-publish","format-standard","hentry","category-allgemein"],"_links":{"self":[{"href":"https:\/\/standort-niederrhein.de\/en\/wp-json\/wp\/v2\/posts\/4803","targetHints":{"allow":["GET"]}}],"collection":[{"href":"https:\/\/standort-niederrhein.de\/en\/wp-json\/wp\/v2\/posts"}],"about":[{"href":"https:\/\/standort-niederrhein.de\/en\/wp-json\/wp\/v2\/types\/post"}],"author":[{"embeddable":true,"href":"https:\/\/standort-niederrhein.de\/en\/wp-json\/wp\/v2\/users\/3"}],"replies":[{"embeddable":true,"href":"https:\/\/standort-niederrhein.de\/en\/wp-json\/wp\/v2\/comments?post=4803"}],"version-history":[{"count":1,"href":"https:\/\/standort-niederrhein.de\/en\/wp-json\/wp\/v2\/posts\/4803\/revisions"}],"predecessor-version":[{"id":4804,"href":"https:\/\/standort-niederrhein.de\/en\/wp-json\/wp\/v2\/posts\/4803\/revisions\/4804"}],"wp:attachment":[{"href":"https:\/\/standort-niederrhein.de\/en\/wp-json\/wp\/v2\/media?parent=4803"}],"wp:term":[{"taxonomy":"category","embeddable":true,"href":"https:\/\/standort-niederrhein.de\/en\/wp-json\/wp\/v2\/categories?post=4803"},{"taxonomy":"post_tag","embeddable":true,"href":"https:\/\/standort-niederrhein.de\/en\/wp-json\/wp\/v2\/tags?post=4803"}],"curies":[{"name":"wp","href":"https:\/\/api.w.org\/{rel}","templated":true}]}}