{"id":4797,"date":"2024-09-05T07:00:00","date_gmt":"2024-09-05T05:00:00","guid":{"rendered":"https:\/\/invest-in-niederrhein.de\/?p=4797"},"modified":"2024-09-04T14:10:38","modified_gmt":"2024-09-04T12:10:38","slug":"wie-gelingt-die-transformationsfinanzierung","status":"publish","type":"post","link":"https:\/\/standort-niederrhein.de\/en\/2024\/09\/05\/wie-gelingt-die-transformationsfinanzierung\/","title":{"rendered":"Wie gelingt die Transformationsfinanzierung?"},"content":{"rendered":"\n<p><strong>Mittlerer Niederrhein.<\/strong> Unternehmensfinanzierung, B\u00fcrokratieabbau und die Grundsteuerreform \u2013 diese Themen standen im Mittelpunkt eines Round-Table-Gespr\u00e4chs zwischen Vertretern von Unternehmen aus Krefeld, M\u00f6nchengladbach, dem Rhein-Kreis Neuss und dem Kreis Viersen und dem nordrhein-westf\u00e4lischen Minister der Finanzen Dr. Marcus Optendrenk. Dazu hatte die Industrie- und Handelskammer (IHK) Mittlerer Niederrhein eingeladen. \u201eDas Gespr\u00e4ch hat gezeigt, wie wichtig es ist, Politik und Unternehmen zusammenzubringen\u201c, erkl\u00e4rte IHK-Hauptgesch\u00e4ftsf\u00fchrer J\u00fcrgen Steinmetz. \u201eNur gemeinsam k\u00f6nnen wir L\u00f6sungen erarbeiten.\u201c<\/p>\n\n\n\n<p>Die Wirtschaft steht vor massiven Transformationsaufgaben \u2013 etwa bei der Digitalisierung, aber auch bei der Verringerung von klimasch\u00e4dlichen Emissionen. Gleichzeitig f\u00fchrt die lahmende Konjunktur zu geringeren Steuereinnahmen. Was die Landesregierung unter diesen Voraussetzungen gerade f\u00fcr kleine und mittlere Unternehmen tun kann, diskutierten die Gespr\u00e4chspartner beim Round-Table. \u201eWir sind in einer Stagnationsphase. Daher sind unsere Spielr\u00e4ume klein\u201c, erkl\u00e4rte der Minister. \u201eDennoch m\u00f6chten wir die Wirtschaft im Rahmen unserer M\u00f6glichkeiten bei den anstehenden Aufgaben unterst\u00fctzen.\u201c<\/p>\n\n\n\n<p>Die j\u00fcngste IHK-Konjunkturumfrage hat gezeigt, dass die Betriebe trotz des massiven Transformationsbedarfs ihre Investitionsbudgets zur\u00fcckfahren. Insbesondere die kleinen Unternehmen investieren weniger. \u201eIn Deutschland fehlt der gesellschaftliche Glaube an das Unternehmertum\u201c, sagte der Unternehmer Rolf Heckmann von der Willy Heckmann GmbH &amp; Co. aus Meerbusch. \u201eUm die aktuellen Herausforderungen zu bew\u00e4ltigen, brauchen kleine Firmen Risikokapital.\u201c Minister Dr. Optendrenk entgegnete, dass die Landesregierung einen Schwerpunkt darauf lege, die Rahmenbedingungen f\u00fcr die Betriebe zu verbessern. \u201eWir m\u00f6chten die M\u00f6glichkeiten der Transformationsfinanzierung \u00fcber die NRW-Bank weiter ausbauen\u201c, so der Minister.<\/p>\n\n\n\n<p>Im Gespr\u00e4ch schilderten die Unternehmer ihre Erfahrungen mit Hausbanken, die aufgrund einer verringerten Risikobereitschaft bei der Kreditvergabe an kleine Unternehmen sehr restriktiv seien. \u201eWir werden in einem Folgetermin auch Vertreter der Banken aus unserer Region einladen und diese Problematik gemeinsam diskutieren\u201c, griff Steinmetz diesen Hinweis der Unternehmen auf.<\/p>\n\n\n\n<p>Einen weiteren Aspekt der Investitionszur\u00fcckhaltung schilderte Sascha Odermatt, Gesch\u00e4ftsf\u00fchrer der Neuss-D\u00fcsseldorfer H\u00e4fen GmbH: \u201eUnternehmen in unseren H\u00e4fen investieren nicht oder zumindest weniger, weil sie etwa durch das Bundes-Immissionsschutzgesetz im Verwaltungsapparat stecken bleiben.\u201c Auch aus Sicht des Landesfinanzministers ist ein umfassender B\u00fcrokratieabbau notwendig.<\/p>\n\n\n\n<p>Auch die Auswirkungen der Grundsteuerreform waren Thema des Gespr\u00e4chs. Das NRW-Finanzministerium hat den Kommunen die M\u00f6glichkeit einger\u00e4umt, ab 2025 beim Grundsteuerhebesatz zwischen Wohngeb\u00e4uden und Nicht-Wohngeb\u00e4uden zu differenzieren. So sollen B\u00fcrgerinnen und B\u00fcrger vor h\u00f6heren Belastungen bei der Grundsteuerreform geschont werden. IHK-Hauptgesch\u00e4ftsf\u00fchrer J\u00fcrgen Steinmetz hatte zuletzt an die Oberb\u00fcrgermeister sowie die B\u00fcrgermeisterinnen und B\u00fcrgermeister der kreisangeh\u00f6rigen St\u00e4dte und Gemeinden im IHK-Bezirk Mittlerer Niederrhein appelliert, auf die Differenzierung zu verzichten, weil insbesondere perspektivisch Mehrbelastungen f\u00fcr Unternehmen zu erwarten sind. \u201eWir haben den Kommunen eine zus\u00e4tzliche Option einger\u00e4umt, mit der sie auf die lokalen Gegebenheiten reagieren k\u00f6nnen. Das erweitert ihre Entscheidungsspielr\u00e4ume und gibt ihnen die M\u00f6glichkeit, vor Ort f\u00fcr eine ausgeglichene Besteuerung von Wohn- und Nichtwohngrundst\u00fccken zu sorgen. Die Nutzung dieser Option ist aber nicht verpflichtend\u201c, stellt Minister Dr. Optendrenk klar.<\/p>\n\n\n\n<p>Quelle: <a href=\"https:\/\/mittlerer-niederrhein.ihk.de\/de\/oeffentlichkeitsarbeit\/pressemitteilungen\/2024\/wie-gelingt-die-transformationsfinanzierung-.html\">IHK Mittlerer Niederrhein<\/a><\/p>\n\n\n<figure class=\"wp-block-post-featured-image\"><img loading=\"lazy\" decoding=\"async\" width=\"987\" height=\"392\" src=\"https:\/\/standort-niederrhein.de\/wp-content\/uploads\/2024\/09\/pm193_round_table_optendrenk_ihk-artikel2.jpg\" class=\"attachment-post-thumbnail size-post-thumbnail wp-post-image\" alt=\"\" style=\"object-fit:cover;\" srcset=\"https:\/\/standort-niederrhein.de\/wp-content\/uploads\/2024\/09\/pm193_round_table_optendrenk_ihk-artikel2.jpg 987w, https:\/\/standort-niederrhein.de\/wp-content\/uploads\/2024\/09\/pm193_round_table_optendrenk_ihk-artikel2-980x389.jpg 980w, https:\/\/standort-niederrhein.de\/wp-content\/uploads\/2024\/09\/pm193_round_table_optendrenk_ihk-artikel2-480x191.jpg 480w\" sizes=\"(min-width: 0px) and (max-width: 480px) 480px, (min-width: 481px) and (max-width: 980px) 980px, (min-width: 981px) 987px, 100vw\" \/><\/figure>\n\n\n<p>Dr. Marcus Optendrenk (2.v.r.), Minister der Finanzen des Landes Nordrhein-Westfalen, war zu Gast beim Round-Table-Gespr\u00e4ch der IHK Mittlerer Niederrhein.\u00a0| Foto: IHK Mittlerer Niederrhein<\/p>\n","protected":false},"excerpt":{"rendered":"<p>Mittlerer Niederrhein. Unternehmensfinanzierung, B\u00fcrokratieabbau und die Grundsteuerreform \u2013 diese Themen standen im Mittelpunkt eines Round-Table-Gespr\u00e4chs zwischen Vertretern von Unternehmen aus Krefeld, M\u00f6nchengladbach, dem Rhein-Kreis Neuss und dem Kreis Viersen und dem nordrhein-westf\u00e4lischen Minister der Finanzen Dr. Marcus Optendrenk. Dazu hatte die Industrie- und Handelskammer (IHK) Mittlerer Niederrhein eingeladen. \u201eDas Gespr\u00e4ch hat gezeigt, wie wichtig es [&hellip;]<\/p>\n","protected":false},"author":3,"featured_media":4798,"comment_status":"closed","ping_status":"closed","sticky":false,"template":"","format":"standard","meta":{"_et_pb_use_builder":"","_et_pb_old_content":"","_et_gb_content_width":"","footnotes":""},"categories":[1],"tags":[],"class_list":["post-4797","post","type-post","status-publish","format-standard","has-post-thumbnail","hentry","category-allgemein"],"_links":{"self":[{"href":"https:\/\/standort-niederrhein.de\/en\/wp-json\/wp\/v2\/posts\/4797","targetHints":{"allow":["GET"]}}],"collection":[{"href":"https:\/\/standort-niederrhein.de\/en\/wp-json\/wp\/v2\/posts"}],"about":[{"href":"https:\/\/standort-niederrhein.de\/en\/wp-json\/wp\/v2\/types\/post"}],"author":[{"embeddable":true,"href":"https:\/\/standort-niederrhein.de\/en\/wp-json\/wp\/v2\/users\/3"}],"replies":[{"embeddable":true,"href":"https:\/\/standort-niederrhein.de\/en\/wp-json\/wp\/v2\/comments?post=4797"}],"version-history":[{"count":1,"href":"https:\/\/standort-niederrhein.de\/en\/wp-json\/wp\/v2\/posts\/4797\/revisions"}],"predecessor-version":[{"id":4799,"href":"https:\/\/standort-niederrhein.de\/en\/wp-json\/wp\/v2\/posts\/4797\/revisions\/4799"}],"wp:featuredmedia":[{"embeddable":true,"href":"https:\/\/standort-niederrhein.de\/en\/wp-json\/wp\/v2\/media\/4798"}],"wp:attachment":[{"href":"https:\/\/standort-niederrhein.de\/en\/wp-json\/wp\/v2\/media?parent=4797"}],"wp:term":[{"taxonomy":"category","embeddable":true,"href":"https:\/\/standort-niederrhein.de\/en\/wp-json\/wp\/v2\/categories?post=4797"},{"taxonomy":"post_tag","embeddable":true,"href":"https:\/\/standort-niederrhein.de\/en\/wp-json\/wp\/v2\/tags?post=4797"}],"curies":[{"name":"wp","href":"https:\/\/api.w.org\/{rel}","templated":true}]}}