{"id":4782,"date":"2024-09-05T06:00:00","date_gmt":"2024-09-05T04:00:00","guid":{"rendered":"https:\/\/invest-in-niederrhein.de\/?p=4782"},"modified":"2024-09-04T09:14:14","modified_gmt":"2024-09-04T07:14:14","slug":"spatenstich-fuer-bauvorhaben-am-commerhof","status":"publish","type":"post","link":"https:\/\/standort-niederrhein.de\/en\/2024\/09\/05\/spatenstich-fuer-bauvorhaben-am-commerhof\/","title":{"rendered":"Spatenstich f\u00fcr Bauvorhaben am Commerhof"},"content":{"rendered":"\n<p><strong>Kaarst.<\/strong> Am Commerhof in Holzb\u00fcttgen werden in den n\u00e4chsten Monaten 38 neue Wohnungen in einem privaten Bauvorhaben der DGN Deutsches Gesundheitsnetz Service\u00a0GmbH\u00a0entstehen. Das Unternehmen hat seinen Firmensitz im Oktober 2023 nach Kaarst verlagert. Mit dem Bauvorhaben will der IT-Dienstleister auch Wohnraum f\u00fcr seine Mitarbeiter schaffen.<\/p>\n\n\n\n<p>B\u00fcrgermeisterin Ursula Baum stellte beim Spatenstich an der Seite von DGN-Gesch\u00e4ftsf\u00fchrer Armin Flender im Baugebiet Commerhof heraus, dass von dem Projekt aber auch Kaarster profitieren k\u00f6nnen: \u201eZwei Drittel der Wohnfl\u00e4che werden frei vermarktet. Die Nachfrage nach Wohnraum in Kaarst ist weiterhin sehr hoch. Daher bin ich froh, dass hier im Baugebiet dieses Projekt realisiert wird.\u201c<\/p>\n\n\n\n<p>Bis Ende 2025 sollen dabei insgesamt 38 zwischen 50 und 100\u00a0qm\u00a0gro\u00dfe Zwei-, Drei- und Vierzimmer-Wohnungen entstehen &#8211; aufgeteilt auf drei Mehrfamilienh\u00e4user und mit einer Gesamtwohnfl\u00e4che von 2.580 Quadratmeter.<\/p>\n\n\n\n<p>Quelle: <a href=\"https:\/\/www.kaarst.de\/verwaltung-buergerservice-und-politik\/verwaltung\/presse\/aktuelle-pressemitteilungen\/detail\/detail\/News\/spatenstich-fuer-bauvorhaben-am-commerhof\">Stadt Kaarst<\/a><\/p>\n","protected":false},"excerpt":{"rendered":"<p>Kaarst. Am Commerhof in Holzb\u00fcttgen werden in den n\u00e4chsten Monaten 38 neue Wohnungen in einem privaten Bauvorhaben der DGN Deutsches Gesundheitsnetz Service\u00a0GmbH\u00a0entstehen. Das Unternehmen hat seinen Firmensitz im Oktober 2023 nach Kaarst verlagert. Mit dem Bauvorhaben will der IT-Dienstleister auch Wohnraum f\u00fcr seine Mitarbeiter schaffen. B\u00fcrgermeisterin Ursula Baum stellte beim Spatenstich an der Seite von [&hellip;]<\/p>\n","protected":false},"author":3,"featured_media":4783,"comment_status":"closed","ping_status":"closed","sticky":false,"template":"","format":"standard","meta":{"_et_pb_use_builder":"","_et_pb_old_content":"","_et_gb_content_width":"","footnotes":""},"categories":[1],"tags":[],"class_list":["post-4782","post","type-post","status-publish","format-standard","has-post-thumbnail","hentry","category-allgemein"],"_links":{"self":[{"href":"https:\/\/standort-niederrhein.de\/en\/wp-json\/wp\/v2\/posts\/4782","targetHints":{"allow":["GET"]}}],"collection":[{"href":"https:\/\/standort-niederrhein.de\/en\/wp-json\/wp\/v2\/posts"}],"about":[{"href":"https:\/\/standort-niederrhein.de\/en\/wp-json\/wp\/v2\/types\/post"}],"author":[{"embeddable":true,"href":"https:\/\/standort-niederrhein.de\/en\/wp-json\/wp\/v2\/users\/3"}],"replies":[{"embeddable":true,"href":"https:\/\/standort-niederrhein.de\/en\/wp-json\/wp\/v2\/comments?post=4782"}],"version-history":[{"count":1,"href":"https:\/\/standort-niederrhein.de\/en\/wp-json\/wp\/v2\/posts\/4782\/revisions"}],"predecessor-version":[{"id":4784,"href":"https:\/\/standort-niederrhein.de\/en\/wp-json\/wp\/v2\/posts\/4782\/revisions\/4784"}],"wp:featuredmedia":[{"embeddable":true,"href":"https:\/\/standort-niederrhein.de\/en\/wp-json\/wp\/v2\/media\/4783"}],"wp:attachment":[{"href":"https:\/\/standort-niederrhein.de\/en\/wp-json\/wp\/v2\/media?parent=4782"}],"wp:term":[{"taxonomy":"category","embeddable":true,"href":"https:\/\/standort-niederrhein.de\/en\/wp-json\/wp\/v2\/categories?post=4782"},{"taxonomy":"post_tag","embeddable":true,"href":"https:\/\/standort-niederrhein.de\/en\/wp-json\/wp\/v2\/tags?post=4782"}],"curies":[{"name":"wp","href":"https:\/\/api.w.org\/{rel}","templated":true}]}}