{"id":4764,"date":"2024-08-30T09:00:00","date_gmt":"2024-08-30T07:00:00","guid":{"rendered":"https:\/\/invest-in-niederrhein.de\/?p=4764"},"modified":"2024-08-30T09:28:38","modified_gmt":"2024-08-30T07:28:38","slug":"rhein-kreis-neuss-praesentierte-sich-mit-start-ups-beim-future-tech-fest","status":"publish","type":"post","link":"https:\/\/standort-niederrhein.de\/en\/2024\/08\/30\/rhein-kreis-neuss-praesentierte-sich-mit-start-ups-beim-future-tech-fest\/","title":{"rendered":"Rhein-Kreis Neuss pr\u00e4sentierte sich mit Start-ups beim Future Tech Fest"},"content":{"rendered":"\n<p><strong>Rhein-Kreis Neuss \/ Meerbusch.<\/strong> Ein breites Spektrum an technologischen Innovationen bot das Future Tech Fest auf dem Areal B\u00f6hler in Meerbusch. Rund 5 000 G\u00e4ste kamen zu der Veranstaltung, die von Landrat Hans-J\u00fcrgen Petrauschke und dem D\u00fcsseldorfer Oberb\u00fcrgermeister Dr. Stephan Keller er\u00f6ffnet wurde. Die Start-Up Messe unter dem Motto \u201eThe Future of Tech\u201c fand als Nachfolgeveranstaltung des Digital Demo Day statt und wurde vom digihub D\u00fcsseldorf\/Rheinland ausgerichtet. Der Rhein-Kreis Neuss ist neben der Landeshauptstadt D\u00fcsseldorf, der IHK D\u00fcsseldorf und der Wirtschaftsf\u00f6rderung M\u00f6nchengladbach GmbH Gesellschafter des Digihubs.<\/p>\n\n\n\n<p>Landrat Hans-J\u00fcrgen Petrauschke hob hervor, dass sich die Messe zu einer zentralen Impuls- und Netzwerkveranstaltung der Start-up- und Gr\u00fcnderszene entwickelt hat: \u201eUns als Rhein-Kreis Neuss, aber auch mir pers\u00f6nlich ist es ein wichtiges Anliegen, Unternehmergeist zu f\u00f6rdern, Menschen zusammenzubringen und das Morgen zu gestalten. Ich freue mich, dass das Future Tech Fest wichtige Impulse gibt, die den Austausch zwischen Start-ups und bereits etablierten Unternehmen f\u00f6rdern.\u201c Petrauschke wies darauf hin, dass der Rhein-Kreis Neuss mit seinen kommunalen F\u00f6rderprogrammen die Gr\u00fcnderszene st\u00e4rke und Start-ups bei ihrer Entwicklung unterst\u00fctze.<\/p>\n\n\n\n<p>So war auch in diesem Jahr <a>die Wirtschaftsf\u00f6rderung des Rhein-Kreises Neuss mit einem Stand beim Future Tech Fest <\/a>vertreten. Sie stellte die eigenen Innovationsf\u00f6rderprogramme Accelerate_RKN und INNO-RKN vor und pr\u00e4sentierte sich zusammen mit mehreren Start-Ups aus dem Rhein-Kreis Neuss. Ihre positiven Erfahrungen mit den Programmen des Kreises schilderten unter anderem die Start-ups normify, Campus Cruiser, fior, Fosh, nutriz und SimParQ im direkten Austausch mit den Besucherinnen und Besuchern. Beitr\u00e4ge zum B\u00fchnenprogramm kamen von den erfolgreichen Gr\u00fcnderinnen und Gr\u00fcnder Florian Kriependorf von ScrapBees aus Neuss und Elisabeth Schloten von Kiotera aus Meerbusch.<\/p>\n\n\n\n<p>Kreiswirtschaftsdezernent Dr. Martin Stiller betonte: \u201eDas Future Tech Fest mit seinem internationalen Publikum ist ein wichtiger Baustein bei der Vernetzung und Ansprache der Start-ups. Wir als Kreis unterst\u00fctzen das Gr\u00fcndergeschehen, das sich dynamisch entwickelt. Denn Innovation spielt bei der Zukunftsgestaltung unserer Region eine zentrale Rolle.\u201c Gefragt war bei den G\u00e4sten des Future Tech Festes die Guided Tour mit Unternehmen im Rahmen des Projektes Innovation Valley Garzweiler. Aus dem Rhein-Kreis Neuss stellten sich bei dieser Tour die Unternehmen Adapt Vertical Mills, RheinLand Versicherung, PWFT und D\u2019Art vor.<\/p>\n\n\n\n<p>Am Stand der Kreiswirtschaftsf\u00f6rderung informierte Robert Abts, Leiter der Wirtschaftsf\u00f6rderung, zusammen mit Dominik Hintzen und Chiara Bacchiocchi \u00fcber die F\u00f6rderm\u00f6glichkeiten f\u00fcr innovative Gr\u00fcnderinnen und Gr\u00fcnder. \u201eDas Future Tech Fest bietet uns die M\u00f6glichkeit, unsere Programme vor einem gro\u00dfen Publikum zu pr\u00e4sentieren. Das Start-up \u00d6kosystem hat sich enorm weiterentwickelt, und die gro\u00dfe Resonanz und das Interesse an unseren F\u00f6rderprogrammen zeigen uns, dass wir hier gut aufgestellt sind\u201c, erl\u00e4uterte Robert Abts.<\/p>\n\n\n\n<p>Quelle: <a href=\"http:\/\/www.rhein-kreis-neuss.de\">Rhein-Kreis Neuss<\/a><\/p>\n\n\n<figure class=\"wp-block-post-featured-image\"><img loading=\"lazy\" decoding=\"async\" width=\"2560\" height=\"1703\" src=\"https:\/\/standort-niederrhein.de\/wp-content\/uploads\/2024\/08\/RKN-@FutureTecFest-2024-64137-scaled.jpg\" class=\"attachment-post-thumbnail size-post-thumbnail wp-post-image\" alt=\"\" style=\"object-fit:cover;\" srcset=\"https:\/\/standort-niederrhein.de\/wp-content\/uploads\/2024\/08\/RKN-@FutureTecFest-2024-64137-scaled.jpg 2560w, https:\/\/standort-niederrhein.de\/wp-content\/uploads\/2024\/08\/RKN-@FutureTecFest-2024-64137-1280x852.jpg 1280w, https:\/\/standort-niederrhein.de\/wp-content\/uploads\/2024\/08\/RKN-@FutureTecFest-2024-64137-980x652.jpg 980w, https:\/\/standort-niederrhein.de\/wp-content\/uploads\/2024\/08\/RKN-@FutureTecFest-2024-64137-480x319.jpg 480w\" sizes=\"(min-width: 0px) and (max-width: 480px) 480px, (min-width: 481px) and (max-width: 980px) 980px, (min-width: 981px) and (max-width: 1280px) 1280px, (min-width: 1281px) 2560px, 100vw\" \/><\/figure>\n\n\n<p>Beim Future Tech Fest pr\u00e4sentierten sich Landrat Hans-J\u00fcrgen Petrauschke (2.v.l.), Kreiswirtschaftsdezernent Dr. Martin Stiller (Mitte) und Robert Abts (l.), Leiter der Wirtschaftsf\u00f6rderung des Rhein-Kreises Neuss, mit Mitarbeitenden der Wirtschaftsf\u00f6rderung und Start-ups aus dem Rhein-Kreis Neuss. | Foto: W. Walter\/ Rhein-Kreis Neuss<\/p>\n","protected":false},"excerpt":{"rendered":"<p>Rhein-Kreis Neuss \/ Meerbusch. Ein breites Spektrum an technologischen Innovationen bot das Future Tech Fest auf dem Areal B\u00f6hler in Meerbusch. Rund 5 000 G\u00e4ste kamen zu der Veranstaltung, die von Landrat Hans-J\u00fcrgen Petrauschke und dem D\u00fcsseldorfer Oberb\u00fcrgermeister Dr. Stephan Keller er\u00f6ffnet wurde. Die Start-Up Messe unter dem Motto \u201eThe Future of Tech\u201c fand als [&hellip;]<\/p>\n","protected":false},"author":3,"featured_media":4765,"comment_status":"closed","ping_status":"closed","sticky":false,"template":"","format":"standard","meta":{"_et_pb_use_builder":"","_et_pb_old_content":"","_et_gb_content_width":"","footnotes":""},"categories":[1],"tags":[],"class_list":["post-4764","post","type-post","status-publish","format-standard","has-post-thumbnail","hentry","category-allgemein"],"_links":{"self":[{"href":"https:\/\/standort-niederrhein.de\/en\/wp-json\/wp\/v2\/posts\/4764","targetHints":{"allow":["GET"]}}],"collection":[{"href":"https:\/\/standort-niederrhein.de\/en\/wp-json\/wp\/v2\/posts"}],"about":[{"href":"https:\/\/standort-niederrhein.de\/en\/wp-json\/wp\/v2\/types\/post"}],"author":[{"embeddable":true,"href":"https:\/\/standort-niederrhein.de\/en\/wp-json\/wp\/v2\/users\/3"}],"replies":[{"embeddable":true,"href":"https:\/\/standort-niederrhein.de\/en\/wp-json\/wp\/v2\/comments?post=4764"}],"version-history":[{"count":1,"href":"https:\/\/standort-niederrhein.de\/en\/wp-json\/wp\/v2\/posts\/4764\/revisions"}],"predecessor-version":[{"id":4766,"href":"https:\/\/standort-niederrhein.de\/en\/wp-json\/wp\/v2\/posts\/4764\/revisions\/4766"}],"wp:featuredmedia":[{"embeddable":true,"href":"https:\/\/standort-niederrhein.de\/en\/wp-json\/wp\/v2\/media\/4765"}],"wp:attachment":[{"href":"https:\/\/standort-niederrhein.de\/en\/wp-json\/wp\/v2\/media?parent=4764"}],"wp:term":[{"taxonomy":"category","embeddable":true,"href":"https:\/\/standort-niederrhein.de\/en\/wp-json\/wp\/v2\/categories?post=4764"},{"taxonomy":"post_tag","embeddable":true,"href":"https:\/\/standort-niederrhein.de\/en\/wp-json\/wp\/v2\/tags?post=4764"}],"curies":[{"name":"wp","href":"https:\/\/api.w.org\/{rel}","templated":true}]}}