{"id":4760,"date":"2024-08-30T08:00:00","date_gmt":"2024-08-30T06:00:00","guid":{"rendered":"https:\/\/invest-in-niederrhein.de\/?p=4760"},"modified":"2024-08-30T09:03:35","modified_gmt":"2024-08-30T07:03:35","slug":"neubau-am-hbf-rheydt-eroeffnet-attraktiv-funktional-nachhaltig","status":"publish","type":"post","link":"https:\/\/standort-niederrhein.de\/en\/2024\/08\/30\/neubau-am-hbf-rheydt-eroeffnet-attraktiv-funktional-nachhaltig\/","title":{"rendered":"Neubau am Hbf. Rheydt er\u00f6ffnet | Attraktiv. Funktional. Nachhaltig."},"content":{"rendered":"\n<p><strong>M\u00f6nchengladbach. <\/strong>Im Beisein von NRW-Verkehrsminister Oliver Krischer \u00fcbergab die Entwicklungsgesellschaft der Stadt M\u00f6nchengladbach (EWMG) den Neubau am Rheydter Hauptbahnhof der \u00d6ffentlichkeit. Es ist ein Geb\u00e4ude mit Strahlkraft und \u00f6kologischem Nutzen f\u00fcr die Gesamtstadt. In einem kleinen Festakt dankte die EWMG als Bauherrin allen Unterst\u00fctzern aus Politik und Verwaltung, dem Architekten sowie allen beteiligten Firmen und Finanzierern f\u00fcr ihren Beitrag.<\/p>\n\n\n\n<p><strong>Ziel erreicht: <\/strong>Das neue Handels- und Dienstleistungsgeb\u00e4ude mit moderner Polizeiwache ist fertig. In nur drei Jahren und ohne Unterbrechung des Bahnbetriebs hat die EWMG aus dem unattraktiven und maroden Rheydter Hauptbahnhof ein repr\u00e4sentatives Eingangstor f\u00fcr Rheydt und ein Aush\u00e4ngeschild f\u00fcr die Gesamtstadt gemacht. \u201eHochbau in dieser Gr\u00f6\u00dfenordnung ist f\u00fcr die EWMG nicht allt\u00e4glich. Umso mehr freut es mich, dass wir am Hauptbahnhof Rheydt Ma\u00dfst\u00e4be setzen konnten \u2013 mit einer funktionalen und attraktiven Architektur ebenso wie mit innovativen Ma\u00dfnahmen f\u00fcr mehr Nachhaltigkeit im Bauwesen\u201c, sagt Dr. Ulrich Sch\u00fcckhaus, Vorsitzender der EWMG-Gesch\u00e4ftsf\u00fchrung. Die EWMG hat den Neubau in schwierigen wirtschaftlichen Zeiten und unter herausfordernden logistischen Rahmenbedingungen im Zeitplan fertiggestellt.<\/p>\n\n\n\n<p>\u201eDies ist ein wichtiger Impuls f\u00fcr unsere Stadt. Der neue Hauptbahnhof ist ein selbstbewusstes Zeichen f\u00fcr den Aufbruch in Rheydt in eine gute Zukunft\u201c, so Oberb\u00fcrgermeister Felix Heinrichs. \u201eDas Projekt zeigt, wie viel erreicht werden kann, wenn B\u00fcrgerschaft, Wirtschaft, Politik und Verwaltung an einem Strang ziehen.\u201c NRW-Verkehrsminister Oliver Krischer erg\u00e4nzt: \u201eModerne und barrierefreie Bahnh\u00f6fe st\u00e4rken den \u00d6PNV in Nordrhein-Westfalen. Dabei freut es mich besonders, dass bei diesem Neubau zukunftstr\u00e4chtige Technologie mit maximalen \u00d6kosystemleistungen eingesetzt wurden. Dies wertet das Bahnhofsumfeld auf und sorgt f\u00fcr k\u00fchlere Innenst\u00e4dten mit erh\u00f6hter Biodiversit\u00e4t.\u201c<\/p>\n\n\n\n<p><strong>Eine echte Gemeinschaftsleistung:<\/strong> Mehr als 40 Fachplaner, Firmen und Handwerker waren am Bau beteiligt, zwei Sparkassen haben die Finanzierung sichergestellt. Die politischen Gremien haben dieEntwicklung am Hauptbahnhof Rheydt von Anfang mit unterst\u00fctzt, ebenso die \u201eNachbarn\u201c, Radstation und Deutsche Bahn. Letztlich machen aber erst die Mieter des Neubaus, die sich bewusst f\u00fcr die besondere Lage am Hauptbahnhof Rheydt entschieden haben, das Geb\u00e4ude zu dem, was es sein soll: ein lebendiger und sicherer Mittelpunkt f\u00fcr Rheydt \u2013 f\u00fcr Reisende, Arbeitnehmer und B\u00fcrger der Stadt und eine ideale Drehscheibe f\u00fcr Business. Drei Handelsfl\u00e4chen (Volksbank, Kiosk und neu: Zeytinli Restaurants) und eine B\u00fcroetage (Backhaus + Partner) sind bereits vermietet, knapp 1.200 Quadratmeter B\u00fcrofl\u00e4che (teilbar ab 150 Quadratmeter) und eine Handelsfl\u00e4che sind noch verf\u00fcgbar. Die neue Polizeiwache wird ihren rund 1.700 Quadratmeter gro\u00dfen Geb\u00e4udeteil voraussichtlich Ende September in Betrieb nehmen.<\/p>\n\n\n\n<p><strong>Das Projekt in Zahlen: <\/strong>In drei Jahren Bauzeit wurden17.000 Kubikmeter umbauter Raum abgerissen, ca. 5.000 Tonnen Beton- und Bauschutt abtransportiert. Im Rohbau sind 6.270 Kubikmeter Beton und 605 Tonnen Bewehrungsstahl verbaut. 10.000 Pflanzen in 200 Quadratmetern Gr\u00fcnfassade und 1.340 Kubikmeter Dachbegr\u00fcnung sorgen f\u00fcr besseres Mikroklima und \u00dcberflutungsschutz.<\/p>\n\n\n\n<p>Quelle: <a href=\"http:\/\/www.ewmg.de\">EWMG<\/a><\/p>\n\n\n<figure class=\"wp-block-post-featured-image\"><img loading=\"lazy\" decoding=\"async\" width=\"1250\" height=\"833\" src=\"https:\/\/standort-niederrhein.de\/wp-content\/uploads\/2024\/08\/Eroeffnung_Neubau-am-Hbf-Rheydt_\u00a9EWMG_Albuquerque.jpg\" class=\"attachment-post-thumbnail size-post-thumbnail wp-post-image\" alt=\"\" style=\"object-fit:cover;\" srcset=\"https:\/\/standort-niederrhein.de\/wp-content\/uploads\/2024\/08\/Eroeffnung_Neubau-am-Hbf-Rheydt_\u00a9EWMG_Albuquerque.jpg 1250w, https:\/\/standort-niederrhein.de\/wp-content\/uploads\/2024\/08\/Eroeffnung_Neubau-am-Hbf-Rheydt_\u00a9EWMG_Albuquerque-300x200.jpg 300w, https:\/\/standort-niederrhein.de\/wp-content\/uploads\/2024\/08\/Eroeffnung_Neubau-am-Hbf-Rheydt_\u00a9EWMG_Albuquerque-1024x682.jpg 1024w, https:\/\/standort-niederrhein.de\/wp-content\/uploads\/2024\/08\/Eroeffnung_Neubau-am-Hbf-Rheydt_\u00a9EWMG_Albuquerque-768x512.jpg 768w, https:\/\/standort-niederrhein.de\/wp-content\/uploads\/2024\/08\/Eroeffnung_Neubau-am-Hbf-Rheydt_\u00a9EWMG_Albuquerque-1080x720.jpg 1080w, https:\/\/standort-niederrhein.de\/wp-content\/uploads\/2024\/08\/Eroeffnung_Neubau-am-Hbf-Rheydt_\u00a9EWMG_Albuquerque-980x653.jpg 980w, https:\/\/standort-niederrhein.de\/wp-content\/uploads\/2024\/08\/Eroeffnung_Neubau-am-Hbf-Rheydt_\u00a9EWMG_Albuquerque-480x320.jpg 480w\" sizes=\"(max-width: 1250px) 100vw, 1250px\" \/><\/figure>\n\n\n<p>Von links: Kerstin Schaaf (EWMG-Gesch\u00e4ftsbereichsleiterin Immobilienentwicklung), Janann Safi (Vorsitzender des EWMG-Aufsichtsrats), Dr. Ulrich Sch\u00fcckhaus (Vorsitzender der EWMG-Gesch\u00e4ftsf\u00fchrung), Oliver Krischer (NRW-Verkehrsminister), Felix Heinrichs (Oberb\u00fcrgermeister der Stadt M\u00f6nchengladbach) und Stephan Brings (<strong>BRINGS<\/strong>ARCHITEKTEN) | Foto: EWMG\/ Albuquerque<\/p>\n","protected":false},"excerpt":{"rendered":"<p>M\u00f6nchengladbach. Im Beisein von NRW-Verkehrsminister Oliver Krischer \u00fcbergab die Entwicklungsgesellschaft der Stadt M\u00f6nchengladbach (EWMG) den Neubau am Rheydter Hauptbahnhof der \u00d6ffentlichkeit. Es ist ein Geb\u00e4ude mit Strahlkraft und \u00f6kologischem Nutzen f\u00fcr die Gesamtstadt. In einem kleinen Festakt dankte die EWMG als Bauherrin allen Unterst\u00fctzern aus Politik und Verwaltung, dem Architekten sowie allen beteiligten Firmen und [&hellip;]<\/p>\n","protected":false},"author":3,"featured_media":4761,"comment_status":"closed","ping_status":"closed","sticky":false,"template":"","format":"standard","meta":{"_et_pb_use_builder":"","_et_pb_old_content":"","_et_gb_content_width":"","footnotes":""},"categories":[1],"tags":[],"class_list":["post-4760","post","type-post","status-publish","format-standard","has-post-thumbnail","hentry","category-allgemein"],"_links":{"self":[{"href":"https:\/\/standort-niederrhein.de\/en\/wp-json\/wp\/v2\/posts\/4760","targetHints":{"allow":["GET"]}}],"collection":[{"href":"https:\/\/standort-niederrhein.de\/en\/wp-json\/wp\/v2\/posts"}],"about":[{"href":"https:\/\/standort-niederrhein.de\/en\/wp-json\/wp\/v2\/types\/post"}],"author":[{"embeddable":true,"href":"https:\/\/standort-niederrhein.de\/en\/wp-json\/wp\/v2\/users\/3"}],"replies":[{"embeddable":true,"href":"https:\/\/standort-niederrhein.de\/en\/wp-json\/wp\/v2\/comments?post=4760"}],"version-history":[{"count":2,"href":"https:\/\/standort-niederrhein.de\/en\/wp-json\/wp\/v2\/posts\/4760\/revisions"}],"predecessor-version":[{"id":4763,"href":"https:\/\/standort-niederrhein.de\/en\/wp-json\/wp\/v2\/posts\/4760\/revisions\/4763"}],"wp:featuredmedia":[{"embeddable":true,"href":"https:\/\/standort-niederrhein.de\/en\/wp-json\/wp\/v2\/media\/4761"}],"wp:attachment":[{"href":"https:\/\/standort-niederrhein.de\/en\/wp-json\/wp\/v2\/media?parent=4760"}],"wp:term":[{"taxonomy":"category","embeddable":true,"href":"https:\/\/standort-niederrhein.de\/en\/wp-json\/wp\/v2\/categories?post=4760"},{"taxonomy":"post_tag","embeddable":true,"href":"https:\/\/standort-niederrhein.de\/en\/wp-json\/wp\/v2\/tags?post=4760"}],"curies":[{"name":"wp","href":"https:\/\/api.w.org\/{rel}","templated":true}]}}