{"id":4747,"date":"2024-08-28T15:00:00","date_gmt":"2024-08-28T13:00:00","guid":{"rendered":"https:\/\/invest-in-niederrhein.de\/?p=4747"},"modified":"2024-08-29T11:44:12","modified_gmt":"2024-08-29T09:44:12","slug":"textil-student-ueberzeugt-bei-italienischem-design-wettbewerb-feel-the-yarn","status":"publish","type":"post","link":"https:\/\/standort-niederrhein.de\/en\/2024\/08\/28\/textil-student-ueberzeugt-bei-italienischem-design-wettbewerb-feel-the-yarn\/","title":{"rendered":"Textil-Student \u00fcberzeugt bei italienischem Design-Wettbewerb Feel the Yarn"},"content":{"rendered":"\n<p><strong>M\u00f6nchengladbach\/ Florenz.<\/strong> Auch wenn es am Ende nicht zu einem Platz auf dem Treppchen gereicht hat, so hat Pascal Gracian Dyrna vom Fachbereich Textil- und Bekleidungstechnik der Hochschule Niederrhein (HSNR) in Italien sein K\u00f6nnen eindrucksvoll unter Beweis gestellt. Der Masterstudent \u00fcberzeugte die Kritiker im renommierten Wettbewerb \u201eFeel the Yarn 2024\u201c. F\u00fcr die Realisation seines Jumpsuits zum Thema \u201cContradictions \u2013 Mensch und Maschine\u201c bekam er hochwertige Luxusgarne des italienischen Seidenspezialisten \u201eServizi e Seta\u201c, s.r.l. zur Verf\u00fcgung gestellt.<\/p>\n\n\n\n<p>Der Wettbewerb, der traditionell im Rahmen der Messe Pitti Filati (Florenz) stattfindet, stand in diesem Jahr unter dem Motto \u201eMasterclass Edition\u201c. Das hei\u00dft, die Designtalente mussten ihre kreativen Entw\u00fcrfe selbst stricktechnisch umsetzen und realisieren. Dies ist eine besondere Herausforderung, da die kreative Arbeit bereits mit dem Faden beginnt und der Designprozess mit der Fl\u00e4chen- und Formentwicklung startet, anstatt auf fertige vorhandene Stoffe zur\u00fcckzugreifen.&nbsp;<\/p>\n\n\n\n<p>Gleich auf Anhieb wurde Dyrna unter den 36 Teilnehmenden von Modeschulen aus der ganzen Welt f\u00fcr die Runde der zehn Finalisten ausgew\u00e4hlt und wurde eingeladen, sein Outfit in Florenz selbst drei Tage lang der Fachjury und dem internationalen Publikum vorzustellen.&nbsp;<\/p>\n\n\n\n<p>Auch wenn am Ende die drei Hauptgewinne in einem Kopf-an-Kopf-Rennen an Teilnehmende der Hochschule Reutlingen, dem London College of Fashion und dem Politecnico di Milano gingen, begeisterte das Outfit, das von Pascal Dyrna in aufwendiger Arbeit in den vielf\u00e4ltigen Laboren der HSNR entstanden ist, durch das besondere Design, die raffinierten Details und die technisch sehr hohe Qualit\u00e4t. Ein toller Erfolg auf internationaler Ebene.&nbsp;<\/p>\n\n\n\n<p>&#8220;Die kombinierte Ausbildung in kreativen und technischen F\u00e4chern, die das Alleinstellungsmerkmal unserer Design-Studieng\u00e4nge sind, machen solche Erfolge erst m\u00f6glich&#8221;, sagt Ellen Bendt, die als Professorin f\u00fcr Modedesign mit dem Schwerpunkt Strick und Innovatives Produktdesign die Wettbewerbsteilnehmenden des Fachbereichs Textil- und Bekleidungstechnik bereits seit 2012 regelm\u00e4\u00dfig betreut.<\/p>\n\n\n\n<p>Quelle: <a href=\"http:\/\/www.hs-niederrhein.de\">Hochschule Niederrhein<\/a><\/p>\n\n\n<figure class=\"wp-block-post-featured-image\"><img loading=\"lazy\" decoding=\"async\" width=\"1920\" height=\"2560\" src=\"https:\/\/standort-niederrhein.de\/wp-content\/uploads\/2024\/08\/2024-08-28-Feel-the-Yarn-scaled.jpg\" class=\"attachment-post-thumbnail size-post-thumbnail wp-post-image\" alt=\"\" style=\"object-fit:cover;\" srcset=\"https:\/\/standort-niederrhein.de\/wp-content\/uploads\/2024\/08\/2024-08-28-Feel-the-Yarn-scaled.jpg 1920w, https:\/\/standort-niederrhein.de\/wp-content\/uploads\/2024\/08\/2024-08-28-Feel-the-Yarn-1280x1707.jpg 1280w, https:\/\/standort-niederrhein.de\/wp-content\/uploads\/2024\/08\/2024-08-28-Feel-the-Yarn-980x1307.jpg 980w, https:\/\/standort-niederrhein.de\/wp-content\/uploads\/2024\/08\/2024-08-28-Feel-the-Yarn-480x640.jpg 480w\" sizes=\"(min-width: 0px) and (max-width: 480px) 480px, (min-width: 481px) and (max-width: 980px) 980px, (min-width: 981px) and (max-width: 1280px) 1280px, (min-width: 1281px) 1920px, 100vw\" \/><\/figure>\n\n\n<p>Prof. Ellen Bendt (l.), Ornella Bignami (Wettbewerbskomitee) und Master-Student Pascal Gracian Dyrna mit dem Entwurf des futuristischen Jumpsuits. | Foto: Hochschule Niederrhein<\/p>\n","protected":false},"excerpt":{"rendered":"<p>M\u00f6nchengladbach\/ Florenz. Auch wenn es am Ende nicht zu einem Platz auf dem Treppchen gereicht hat, so hat Pascal Gracian Dyrna vom Fachbereich Textil- und Bekleidungstechnik der Hochschule Niederrhein (HSNR) in Italien sein K\u00f6nnen eindrucksvoll unter Beweis gestellt. Der Masterstudent \u00fcberzeugte die Kritiker im renommierten Wettbewerb \u201eFeel the Yarn 2024\u201c. F\u00fcr die Realisation seines Jumpsuits [&hellip;]<\/p>\n","protected":false},"author":3,"featured_media":4748,"comment_status":"closed","ping_status":"closed","sticky":false,"template":"","format":"standard","meta":{"_et_pb_use_builder":"","_et_pb_old_content":"","_et_gb_content_width":"","footnotes":""},"categories":[1],"tags":[],"class_list":["post-4747","post","type-post","status-publish","format-standard","has-post-thumbnail","hentry","category-allgemein"],"_links":{"self":[{"href":"https:\/\/standort-niederrhein.de\/en\/wp-json\/wp\/v2\/posts\/4747","targetHints":{"allow":["GET"]}}],"collection":[{"href":"https:\/\/standort-niederrhein.de\/en\/wp-json\/wp\/v2\/posts"}],"about":[{"href":"https:\/\/standort-niederrhein.de\/en\/wp-json\/wp\/v2\/types\/post"}],"author":[{"embeddable":true,"href":"https:\/\/standort-niederrhein.de\/en\/wp-json\/wp\/v2\/users\/3"}],"replies":[{"embeddable":true,"href":"https:\/\/standort-niederrhein.de\/en\/wp-json\/wp\/v2\/comments?post=4747"}],"version-history":[{"count":1,"href":"https:\/\/standort-niederrhein.de\/en\/wp-json\/wp\/v2\/posts\/4747\/revisions"}],"predecessor-version":[{"id":4749,"href":"https:\/\/standort-niederrhein.de\/en\/wp-json\/wp\/v2\/posts\/4747\/revisions\/4749"}],"wp:featuredmedia":[{"embeddable":true,"href":"https:\/\/standort-niederrhein.de\/en\/wp-json\/wp\/v2\/media\/4748"}],"wp:attachment":[{"href":"https:\/\/standort-niederrhein.de\/en\/wp-json\/wp\/v2\/media?parent=4747"}],"wp:term":[{"taxonomy":"category","embeddable":true,"href":"https:\/\/standort-niederrhein.de\/en\/wp-json\/wp\/v2\/categories?post=4747"},{"taxonomy":"post_tag","embeddable":true,"href":"https:\/\/standort-niederrhein.de\/en\/wp-json\/wp\/v2\/tags?post=4747"}],"curies":[{"name":"wp","href":"https:\/\/api.w.org\/{rel}","templated":true}]}}