{"id":4738,"date":"2024-08-26T06:00:00","date_gmt":"2024-08-26T04:00:00","guid":{"rendered":"https:\/\/invest-in-niederrhein.de\/?p=4738"},"modified":"2024-08-26T17:18:39","modified_gmt":"2024-08-26T15:18:39","slug":"wissenschaftsministerin-ina-brandes-besucht-die-hochschule-rhein-waal","status":"publish","type":"post","link":"https:\/\/standort-niederrhein.de\/en\/2024\/08\/26\/wissenschaftsministerin-ina-brandes-besucht-die-hochschule-rhein-waal\/","title":{"rendered":"Wissenschaftsministerin Ina Brandes besucht die Hochschule Rhein-Waal"},"content":{"rendered":"\n<p><strong>Kleve. <\/strong>Beim Besuch der Ministerin f\u00fcr Kultur und Wissenschaft des Landes Nordrhein-Westfalen an der Hochschule Rhein-Waal (HSRW) ging es um aktuelle Herausforderungen f\u00fcr die Hochschule und die Region. Der Austausch mit Gespr\u00e4chspartnern aus Wirtschaft, Politik und Hochschule fand am Campus in Kleve statt.<\/p>\n\n\n\n<p>Die Hochschule als Innovationstreiber und die spezifischen Rahmenbedingungen insbesondere an den beiden Hochschulstandorten in Kleve und Kamp-Lintfort standen im Mittelpunkt des Austauschs. Dabei kamen auch Themen wie die Mobilit\u00e4t in der Region, die Wohnungssituation und der Fachkr\u00e4ftemangel zur Sprache. Eingeladen hatten Dr. G\u00fcnther Bergmann&nbsp;MdL und Prof. Dr. Oliver Locker-Gr\u00fctjen, Pr\u00e4sident der HSRW. Zu den Teilnehmenden z\u00e4hlten die B\u00fcrgermeister der beiden Hochschulstandorte Wolfgang Gebing, seit 2020 B\u00fcrgermeister der Stadt Kleve, und Prof. Dr. Christoph Landscheidt, seit 1999 B\u00fcrgermeister der Stadt Kamp-Lintfort. Die IHK Niederrhein wurde durch Ocke Hamann, Leiter des Gesch\u00e4ftsbereichs Standort, Digital, Innovation, Umwelt der IHK Duisburg, vertreten.<\/p>\n\n\n\n<p>Wissenschaftsministerin Ina Brandes: \u201eDie Ausbildung von Fachkr\u00e4ften geh\u00f6rt zu den gro\u00dfen Herausforderungen unserer Zeit. Sie sind die Erfolgsgaranten f\u00fcr den Wissenschafts- und Wirtschaftsstandort Nordrhein-Westfalen. Die Fachhochschule Rhein-Waal leistet mit ihrer regionalen Verwurzelung, engen Kooperationen mit Unternehmen und einer starken internationalen Ausrichtung hervorragende Arbeit bei der Ausbildung des wissenschaftlichen Nachwuchses.\u201c<\/p>\n\n\n\n<p>Hochschulpr\u00e4sident Locker-Gr\u00fctjen freute sich \u00fcber den Besuch der Ministerin und \u00fcberreichte ihr bei dieser Gelegenheit auch den neuen Hochschulentwicklungsplan: \u201eDer Hochschulentwicklungsplan 2030 ist als innovativer Zukunftsvertrag f\u00fcr unsere Hochschule zu verstehen. Die Hochschule Rhein-Waal sieht sich selbst als internationale Hochschule in der Region und f\u00fcr die Region.\u201c Die B\u00fcrgermeister Gebing und Landscheidt stimmten in ihrer Einsch\u00e4tzung mit dem Landtagsabgeordneten Bergmann \u00fcberein, dass die HSRW seit ihrer Gr\u00fcndung im Jahr 2009 sehr zur Weiterentwicklung der Region beigetragen hat. Nach Einsch\u00e4tzung des IHK-Vertreters Hamann sch\u00e4tzen die Unternehmen speziell durch ihren Praxisbezug den engen Kontakt zur Hochschule.<\/p>\n\n\n\n<p>Quelle: <a href=\"http:\/\/www.hochschule-rhein-waal.de\">Hochschule Rhein-Waal<\/a><\/p>\n\n\n<figure class=\"wp-block-post-featured-image\"><img loading=\"lazy\" decoding=\"async\" width=\"2560\" height=\"1707\" src=\"https:\/\/standort-niederrhein.de\/wp-content\/uploads\/2024\/08\/20240821_Besuch_Ministerin_Brandes_\u00a9HSRW_Andre_Ruckriegel_DSC_0714-scaled.jpg\" class=\"attachment-post-thumbnail size-post-thumbnail wp-post-image\" alt=\"\" style=\"object-fit:cover;\" srcset=\"https:\/\/standort-niederrhein.de\/wp-content\/uploads\/2024\/08\/20240821_Besuch_Ministerin_Brandes_\u00a9HSRW_Andre_Ruckriegel_DSC_0714-scaled.jpg 2560w, https:\/\/standort-niederrhein.de\/wp-content\/uploads\/2024\/08\/20240821_Besuch_Ministerin_Brandes_\u00a9HSRW_Andre_Ruckriegel_DSC_0714-300x200.jpg 300w, https:\/\/standort-niederrhein.de\/wp-content\/uploads\/2024\/08\/20240821_Besuch_Ministerin_Brandes_\u00a9HSRW_Andre_Ruckriegel_DSC_0714-1024x683.jpg 1024w, https:\/\/standort-niederrhein.de\/wp-content\/uploads\/2024\/08\/20240821_Besuch_Ministerin_Brandes_\u00a9HSRW_Andre_Ruckriegel_DSC_0714-768x512.jpg 768w, https:\/\/standort-niederrhein.de\/wp-content\/uploads\/2024\/08\/20240821_Besuch_Ministerin_Brandes_\u00a9HSRW_Andre_Ruckriegel_DSC_0714-1536x1024.jpg 1536w, https:\/\/standort-niederrhein.de\/wp-content\/uploads\/2024\/08\/20240821_Besuch_Ministerin_Brandes_\u00a9HSRW_Andre_Ruckriegel_DSC_0714-2048x1365.jpg 2048w, https:\/\/standort-niederrhein.de\/wp-content\/uploads\/2024\/08\/20240821_Besuch_Ministerin_Brandes_\u00a9HSRW_Andre_Ruckriegel_DSC_0714-1080x720.jpg 1080w, https:\/\/standort-niederrhein.de\/wp-content\/uploads\/2024\/08\/20240821_Besuch_Ministerin_Brandes_\u00a9HSRW_Andre_Ruckriegel_DSC_0714-1280x854.jpg 1280w, https:\/\/standort-niederrhein.de\/wp-content\/uploads\/2024\/08\/20240821_Besuch_Ministerin_Brandes_\u00a9HSRW_Andre_Ruckriegel_DSC_0714-980x653.jpg 980w, https:\/\/standort-niederrhein.de\/wp-content\/uploads\/2024\/08\/20240821_Besuch_Ministerin_Brandes_\u00a9HSRW_Andre_Ruckriegel_DSC_0714-480x320.jpg 480w\" sizes=\"(max-width: 2560px) 100vw, 2560px\" \/><\/figure>\n\n\n<p>Ministerin Ina Brandes mit den Gespr\u00e4chspartnern an der Hochschule Rhein-Waal (v.l.n.r.): Dr. Petra Radtke (Leitung der Stabsstelle des Pr\u00e4sidiums, HSRW), Sara Khaffaf-Roenspie\u00df (Kommissarische Leitung Dezernat Studienangelegenheiten, HSRW), Wolfgang Gebing (B\u00fcrgermeister der Stadt Kleve), Dr. G\u00fcnther Bergmann MdL, Ina Brandes (Ministerin f\u00fcr Kultur und Wissenschaft des Landes Nordrhein-Westfalen), Prof. Dr. Oliver Locker-Gr\u00fctjen (Pr\u00e4sident der HSRW), Ocke Hamann (Leiter des Gesch\u00e4ftsbereichs Standort, Digital, Innovation, Umwelt der IHK Duisburg), Prof. Christoph Landscheidt (B\u00fcrgermeister der Stadt Kamp-Lintfort) | Foto: HSRW \/Andre Ruckriegel<\/p>\n","protected":false},"excerpt":{"rendered":"<p>Kleve. Beim Besuch der Ministerin f\u00fcr Kultur und Wissenschaft des Landes Nordrhein-Westfalen an der Hochschule Rhein-Waal (HSRW) ging es um aktuelle Herausforderungen f\u00fcr die Hochschule und die Region. Der Austausch mit Gespr\u00e4chspartnern aus Wirtschaft, Politik und Hochschule fand am Campus in Kleve statt. Die Hochschule als Innovationstreiber und die spezifischen Rahmenbedingungen insbesondere an den beiden [&hellip;]<\/p>\n","protected":false},"author":3,"featured_media":4739,"comment_status":"closed","ping_status":"closed","sticky":false,"template":"","format":"standard","meta":{"_et_pb_use_builder":"","_et_pb_old_content":"","_et_gb_content_width":"","footnotes":""},"categories":[1],"tags":[],"class_list":["post-4738","post","type-post","status-publish","format-standard","has-post-thumbnail","hentry","category-allgemein"],"_links":{"self":[{"href":"https:\/\/standort-niederrhein.de\/en\/wp-json\/wp\/v2\/posts\/4738","targetHints":{"allow":["GET"]}}],"collection":[{"href":"https:\/\/standort-niederrhein.de\/en\/wp-json\/wp\/v2\/posts"}],"about":[{"href":"https:\/\/standort-niederrhein.de\/en\/wp-json\/wp\/v2\/types\/post"}],"author":[{"embeddable":true,"href":"https:\/\/standort-niederrhein.de\/en\/wp-json\/wp\/v2\/users\/3"}],"replies":[{"embeddable":true,"href":"https:\/\/standort-niederrhein.de\/en\/wp-json\/wp\/v2\/comments?post=4738"}],"version-history":[{"count":1,"href":"https:\/\/standort-niederrhein.de\/en\/wp-json\/wp\/v2\/posts\/4738\/revisions"}],"predecessor-version":[{"id":4740,"href":"https:\/\/standort-niederrhein.de\/en\/wp-json\/wp\/v2\/posts\/4738\/revisions\/4740"}],"wp:featuredmedia":[{"embeddable":true,"href":"https:\/\/standort-niederrhein.de\/en\/wp-json\/wp\/v2\/media\/4739"}],"wp:attachment":[{"href":"https:\/\/standort-niederrhein.de\/en\/wp-json\/wp\/v2\/media?parent=4738"}],"wp:term":[{"taxonomy":"category","embeddable":true,"href":"https:\/\/standort-niederrhein.de\/en\/wp-json\/wp\/v2\/categories?post=4738"},{"taxonomy":"post_tag","embeddable":true,"href":"https:\/\/standort-niederrhein.de\/en\/wp-json\/wp\/v2\/tags?post=4738"}],"curies":[{"name":"wp","href":"https:\/\/api.w.org\/{rel}","templated":true}]}}