{"id":4718,"date":"2024-08-20T06:00:00","date_gmt":"2024-08-20T04:00:00","guid":{"rendered":"https:\/\/invest-in-niederrhein.de\/?p=4718"},"modified":"2024-08-22T12:44:58","modified_gmt":"2024-08-22T10:44:58","slug":"foerderzusage-fuer-das-launchcenter-fuer-die-lebensmittelwirtschaft","status":"publish","type":"post","link":"https:\/\/standort-niederrhein.de\/en\/2024\/08\/20\/foerderzusage-fuer-das-launchcenter-fuer-die-lebensmittelwirtschaft\/","title":{"rendered":"F\u00f6rderzusage f\u00fcr das Launchcenter f\u00fcr die Lebensmittelwirtschaft"},"content":{"rendered":"\n<p><strong>Rhein-Kreis Neuss. <\/strong>Gute Nachrichten f\u00fcr das \u201eLaunchcenter f\u00fcr die Lebensmittelwirtschaft\u201c: F\u00fcr das Strukturwandelprojekt liegt der F\u00f6rderbescheid des Bundesamts f\u00fcr Wirtschaft und Ausfuhrkontrolle (BAFA) vor. \u201eDamit kann die Umsetzung entscheidend vorangetrieben werden. Das Launchcenter f\u00fcr die Lebensmittelwirtschaft wird als zentrale Plattform f\u00fcr die Entwicklung und Markteinf\u00fchrung neuer Produkte und Technologien in der Lebensmittelbranche dienen. Als Ort der Vernetzung bringt es beispielsweise Forschungseinrichtungen, bereits etablierte Unternehmen und Start-ups zusammen. Zu den Zielen geh\u00f6ren die Erschlie\u00dfung neuer beziehungsweise erweiterter Wertsch\u00f6pfungsmodelle sowie der Erhalt und die Schaffung auch hochwertiger zus\u00e4tzlicher Arbeits- und Ausbildungspl\u00e4tze\u201c, betont Landrat Hans-J\u00fcrgen Petrauschke.<\/p>\n\n\n\n<p>Dem Launchcenter f\u00fcr die Lebensmittelwirtschaft (LCL) liegt eine Kooperation zwischen dem Rhein-Kreis Neuss und der Hochschule Niederrhein zugrunde. Mit einem Gesamtf\u00f6rdervolumen von rund sieben Millionen Euro, davon rund 2,1 Millionen Euro f\u00fcr den Rhein-Kreis Neuss, sollen in den kommenden vier Jahren Projektlaufzeit Innovationen im Bereich der Lebensmittelwirtschaft vorangetrieben werden. Die restliche F\u00f6rdersumme erh\u00e4lt die Hochschule Niederrhein als Kooperationspartnerin in diesem Projekt. \u201eUnter dem Dach des LCL werden optimale Rahmenbedingungen und Strukturen f\u00fcr ein breites Innovationsfeld und einen erfolgreichen Technologie- und Wissenstransfer geschaffen. Aktuell pr\u00fcfen wir m\u00f6gliche Standorte in der Neusser Innenstadt\u201c, sagt Kreisdirektor Dirk Br\u00fcgge.<\/p>\n\n\n\n<p>Das LCL ist konzipiert f\u00fcr die gemeinsame Entwicklungsforschung, Vernetzung sowie den Technologie- und Wissenstransfer zwischen angewandter Wissenschaft und Wirtschaft. Die enge Zusammenarbeit zwischen dem Rhein-Kreis Neuss, der Hochschule Niederrhein, der Industrie- und Handelskammer (IHK) Mittlerer Niederrhein, dem Neusser Produktenmarkt und der regionalen Wirtschaft erm\u00f6glicht hierbei, dass wissenschaftliche Erkenntnisse direkt in praktische Anwendungen umgesetzt werden k\u00f6nnen.<\/p>\n\n\n\n<p>Quelle: <a href=\"http:\/\/www.rhein-kreis-neuss.de\">Rhein-Kreis Neuss<\/a><\/p>\n","protected":false},"excerpt":{"rendered":"<p>Rhein-Kreis Neuss. Gute Nachrichten f\u00fcr das \u201eLaunchcenter f\u00fcr die Lebensmittelwirtschaft\u201c: F\u00fcr das Strukturwandelprojekt liegt der F\u00f6rderbescheid des Bundesamts f\u00fcr Wirtschaft und Ausfuhrkontrolle (BAFA) vor. \u201eDamit kann die Umsetzung entscheidend vorangetrieben werden. Das Launchcenter f\u00fcr die Lebensmittelwirtschaft wird als zentrale Plattform f\u00fcr die Entwicklung und Markteinf\u00fchrung neuer Produkte und Technologien in der Lebensmittelbranche dienen. Als Ort [&hellip;]<\/p>\n","protected":false},"author":3,"featured_media":0,"comment_status":"closed","ping_status":"closed","sticky":false,"template":"","format":"standard","meta":{"_et_pb_use_builder":"","_et_pb_old_content":"","_et_gb_content_width":"","footnotes":""},"categories":[1],"tags":[],"class_list":["post-4718","post","type-post","status-publish","format-standard","hentry","category-allgemein"],"_links":{"self":[{"href":"https:\/\/standort-niederrhein.de\/en\/wp-json\/wp\/v2\/posts\/4718","targetHints":{"allow":["GET"]}}],"collection":[{"href":"https:\/\/standort-niederrhein.de\/en\/wp-json\/wp\/v2\/posts"}],"about":[{"href":"https:\/\/standort-niederrhein.de\/en\/wp-json\/wp\/v2\/types\/post"}],"author":[{"embeddable":true,"href":"https:\/\/standort-niederrhein.de\/en\/wp-json\/wp\/v2\/users\/3"}],"replies":[{"embeddable":true,"href":"https:\/\/standort-niederrhein.de\/en\/wp-json\/wp\/v2\/comments?post=4718"}],"version-history":[{"count":1,"href":"https:\/\/standort-niederrhein.de\/en\/wp-json\/wp\/v2\/posts\/4718\/revisions"}],"predecessor-version":[{"id":4719,"href":"https:\/\/standort-niederrhein.de\/en\/wp-json\/wp\/v2\/posts\/4718\/revisions\/4719"}],"wp:attachment":[{"href":"https:\/\/standort-niederrhein.de\/en\/wp-json\/wp\/v2\/media?parent=4718"}],"wp:term":[{"taxonomy":"category","embeddable":true,"href":"https:\/\/standort-niederrhein.de\/en\/wp-json\/wp\/v2\/categories?post=4718"},{"taxonomy":"post_tag","embeddable":true,"href":"https:\/\/standort-niederrhein.de\/en\/wp-json\/wp\/v2\/tags?post=4718"}],"curies":[{"name":"wp","href":"https:\/\/api.w.org\/{rel}","templated":true}]}}