{"id":4716,"date":"2024-08-19T06:00:00","date_gmt":"2024-08-19T04:00:00","guid":{"rendered":"https:\/\/invest-in-niederrhein.de\/?p=4716"},"modified":"2024-08-22T12:34:33","modified_gmt":"2024-08-22T10:34:33","slug":"kreis-viersen-entwickelt-zweites-foerderprojekt-fuer-einen-weiteren-mobilfunkmast","status":"publish","type":"post","link":"https:\/\/standort-niederrhein.de\/en\/2024\/08\/19\/kreis-viersen-entwickelt-zweites-foerderprojekt-fuer-einen-weiteren-mobilfunkmast\/","title":{"rendered":"Kreis Viersen entwickelt zweites F\u00f6rderprojekt f\u00fcr einen weiteren Mobilfunkmast"},"content":{"rendered":"\n<p><strong>Kreis Viersen.<\/strong> Der Fl\u00e4chenanteil an wei\u00dfen Flecken in der Mobilfunkversorgung, das hei\u00dft Bereiche ohne jeglichen Empfang, liegt im Kreis Viersen mit 3,8 Prozent \u00fcber dem NRW-Durchschnitt von 1,6 Prozent. Dies betrifft vor allem Gebiete im Westen des Kreises in Richtung Bundesgrenze.<\/p>\n\n\n\n<p>Nun hat der Kreis ein F\u00f6rderprojekt f\u00fcr einen Mobilfunkmasten auf dem Gel\u00e4nde der Javelin Barracks in Elmpt in der Gemeinde Niederkr\u00fcchten entwickelt und an die Mobilfunkinfrastrukturgesellschaft mbH (MIG), die das F\u00f6rderprogramm des Bundes umsetzt, \u00fcbergeben. Bis zum 9. September k\u00f6nnen Betreibende von Funkt\u00fcrmen bei der MIG einen Antrag auf F\u00f6rderung stellen. Anhand eines Kriterienkatalogs entscheidet die MIG \u00fcber den wirtschaftlichsten Antrag und vergibt die Bewilligung. Danach kann der gef\u00f6rderte Funkturmbetreiber mit der Detailplanung inklusive Gutachten zum Naturschutz und der Realisierung beginnen.<\/p>\n\n\n\n<p>&#8220;Wir freuen uns, durch unsere intensiven Vorarbeiten als Kreis Viersen gemeinsam mit der Gemeinde Niederkr\u00fcchten innerhalb kurzer Zeit bereits das zweite Projekt dieser Art auf den Weg gebracht zu haben&#8221;, betont Landrat Dr. Andreas Coenen. &#8220;Mit diesen beiden Projekten werden wir den Anteil an wei\u00dfen Flecken signifikant senken und arbeiten zusammen mit den Mobilfunkanbietern daran, kontinuierlich weitere Versorgungsl\u00fccken im Kreisgebiet zu schlie\u00dfen&#8221;, erkl\u00e4rt Dr. Coenen weiter.<\/p>\n\n\n\n<p>&#8220;Wir haben auf den Handlungsbedarf reagiert und fr\u00fchzeitig Gespr\u00e4che mit Netzbetreibern gef\u00fchrt. Aufgrund der gro\u00dfen Gebiete, die weit entfernt von der digitalen Infrastruktur liegen, sind Mobilfunkprojekte durch den langen Anbindungsweg f\u00fcr die eigene Realisierung der Betreiber unwirtschaftlich&#8221;, sagt Rainer R\u00f6der, Technischer Dezernent des Kreises Viersen. Christian B\u00f6ker, Leiter des Amtes f\u00fcr Digitale Infrastruktur und Verkehrsanlagen, erg\u00e4nzt: &#8220;Wir haben uns fr\u00fchzeitig um F\u00f6rderm\u00f6glichkeiten bem\u00fcht. Daher konnten wir bereits im Oktober 2023 erfolgreich die F\u00f6rderbewilligung f\u00fcr einen ersten Mast im Brachter Wald in der Burggemeinde Br\u00fcggen erreichen.&#8221;<\/p>\n\n\n\n<p>Quelle: <a href=\"http:\/\/www.kreis-viersen.de\">Kreis Viersen<\/a><\/p>\n","protected":false},"excerpt":{"rendered":"<p>Kreis Viersen. Der Fl\u00e4chenanteil an wei\u00dfen Flecken in der Mobilfunkversorgung, das hei\u00dft Bereiche ohne jeglichen Empfang, liegt im Kreis Viersen mit 3,8 Prozent \u00fcber dem NRW-Durchschnitt von 1,6 Prozent. Dies betrifft vor allem Gebiete im Westen des Kreises in Richtung Bundesgrenze. Nun hat der Kreis ein F\u00f6rderprojekt f\u00fcr einen Mobilfunkmasten auf dem Gel\u00e4nde der Javelin [&hellip;]<\/p>\n","protected":false},"author":3,"featured_media":0,"comment_status":"closed","ping_status":"closed","sticky":false,"template":"","format":"standard","meta":{"_et_pb_use_builder":"","_et_pb_old_content":"","_et_gb_content_width":"","footnotes":""},"categories":[1],"tags":[],"class_list":["post-4716","post","type-post","status-publish","format-standard","hentry","category-allgemein"],"_links":{"self":[{"href":"https:\/\/standort-niederrhein.de\/en\/wp-json\/wp\/v2\/posts\/4716","targetHints":{"allow":["GET"]}}],"collection":[{"href":"https:\/\/standort-niederrhein.de\/en\/wp-json\/wp\/v2\/posts"}],"about":[{"href":"https:\/\/standort-niederrhein.de\/en\/wp-json\/wp\/v2\/types\/post"}],"author":[{"embeddable":true,"href":"https:\/\/standort-niederrhein.de\/en\/wp-json\/wp\/v2\/users\/3"}],"replies":[{"embeddable":true,"href":"https:\/\/standort-niederrhein.de\/en\/wp-json\/wp\/v2\/comments?post=4716"}],"version-history":[{"count":1,"href":"https:\/\/standort-niederrhein.de\/en\/wp-json\/wp\/v2\/posts\/4716\/revisions"}],"predecessor-version":[{"id":4717,"href":"https:\/\/standort-niederrhein.de\/en\/wp-json\/wp\/v2\/posts\/4716\/revisions\/4717"}],"wp:attachment":[{"href":"https:\/\/standort-niederrhein.de\/en\/wp-json\/wp\/v2\/media?parent=4716"}],"wp:term":[{"taxonomy":"category","embeddable":true,"href":"https:\/\/standort-niederrhein.de\/en\/wp-json\/wp\/v2\/categories?post=4716"},{"taxonomy":"post_tag","embeddable":true,"href":"https:\/\/standort-niederrhein.de\/en\/wp-json\/wp\/v2\/tags?post=4716"}],"curies":[{"name":"wp","href":"https:\/\/api.w.org\/{rel}","templated":true}]}}