{"id":4704,"date":"2024-08-15T06:00:00","date_gmt":"2024-08-15T04:00:00","guid":{"rendered":"https:\/\/invest-in-niederrhein.de\/?p=4704"},"modified":"2024-08-22T12:15:38","modified_gmt":"2024-08-22T10:15:38","slug":"worado-ein-starker-akteur-am-dormagener-wohnungsmarkt","status":"publish","type":"post","link":"https:\/\/standort-niederrhein.de\/en\/2024\/08\/15\/worado-ein-starker-akteur-am-dormagener-wohnungsmarkt\/","title":{"rendered":"WORADO: ein starker Akteur am Dormagener Wohnungsmarkt"},"content":{"rendered":"\n<p><strong>Dormagen.<\/strong> Nicht allen gefiel vor einigen Jahren die Idee, eine st\u00e4dtische Wohnraumgesellschaft zu gr\u00fcnden. Insbesondere in der Politik gab es einige Stimmen, die die Gr\u00fcndung der WORADO sehr kritisch be\u00e4ugten. So baute das Team um Gesch\u00e4ftsf\u00fchrer Uwe Heidel nicht nur gegen die Wohnungskrise an, sondern auch gegen eine Portion Skepsis. Rund zweieinhalb Jahre sp\u00e4ter ist diese gr\u00f6\u00dftenteils gewichen. Mit mehr als 20 bereits fertiggestellten Wohneinheiten kann sich die Bilanz der WORADO durchaus sehen lassen. Bis Ende 2025 sollen bis zu 200 Wohneinheiten, zwei Kindertagesst\u00e4tten, zwei Einfamilienh\u00e4user und ein Doppelhaus entstehen. \u201eDie st\u00e4dtische Wohnraumgesellschaft hat sich in kurzer Zeit am Immobilienmarkt in Dormagen fest etabliert. Das ist nicht nur f\u00fcr uns als Stadtkonzern gut, sondern vor allem f\u00fcr die vielen Menschen, die in Dormagen auf Wohnungssuche sind\u201c, sagt B\u00fcrgermeister Erik Lierenfeld.<\/p>\n\n\n\n<p>Anfang April konnte mit dem Wohnhaus an der \u201eAlten Schule\u201c in Hackenbroich das erste Neubauprojekt der WORADO abgeschlossen werden. \u201eDie Fertigstellung war ein Meilenstein f\u00fcr uns. Wir freuen uns, dass sowohl die moderne Umsetzung mit W\u00e4rmepumpe und Dachbegr\u00fcnung als auch die Suche der Mieterinnen und Mieter reibungslos abgelaufen sind\u201c, erkl\u00e4rt Uwe Heidel, Gesch\u00e4ftsf\u00fchrer der WORADO. K\u00fcrzlich haben Heidel und sein Team ebenfalls ein Neubauprojekt an der Bahnhofstra\u00dfe in Dormagen-Mitte fertiggestellt, welches acht Wocheneinheiten bietet. Im November soll die erste von zwei Kindertagesst\u00e4tten in Nievenheim in Betrieb genommen werden. In der sechsz\u00fcgigen Kita k\u00f6nnen bis zu 98 Kinder betreut werden.<\/p>\n\n\n\n<p>Anfang Juli wurde der Neubau von 47 Wohnungen an der Stra\u00dfe \u201eAm Schwimmbad\u201c in Nievenheim fortgesetzt. Die Firma \u201ePellikaan\u201c hat seit dem 1. Juli s\u00e4mtliche Planungen, Genehmigungen, Auflagen und Anforderungen \u00fcbernommen. Geplant ist, dass im Mai 2025 die ersten Mieterinnen und Mieter dort einziehen k\u00f6nnen. \u201eDas Interesse an den Wohnungen ist gro\u00df. Bereits jetzt liegen uns f\u00fcr alle Wohnungen konkrete Mietanfragen vor\u201c, so Heidel.<\/p>\n\n\n\n<p>B\u00fcrgermeister Erik Lierenfeld freut sich \u00fcber die positiven R\u00fcckmeldungen, die er von den Dormagenerinnen und Dormagenern erh\u00e4lt: \u201eDen B\u00fcrgerinnen und B\u00fcrgern ist es wichtig, dass ein weiterer Akteur am Markt t\u00e4tig ist, um den hohen Wohnungsbedarf abzudecken.\u201c T\u00e4glich gehen bis zu 30 Mietanfragen bei der WORADO ein, obwohl es derzeit keine einzige freie Wohnung gibt. \u201eEin deutlicher Fingerzeig, dass der Wohnraum ben\u00f6tigt wird und die Gr\u00fcndung der Wohnraumgesellschaft ein wichtiger Baustein f\u00fcr die Dormagener Zukunft ist.\u201c<\/p>\n\n\n\n<p>Aktuell besteht das Team der WORADO aus Gesch\u00e4ftsf\u00fchrer Uwe Heidel, Projektkoordinator Sebastian Beversdorff und Immobilienkaufmann Baris Delibas. Im Oktober werden zwei neue Mitarbeiterinnen das Team verst\u00e4rken. \u201eDer Bau- und Immobiliensektor ist ein volatiler Markt, der Chancen und Risiken birgt. Diese Herausforderungen meistern wir mit einem hochmotivierten Team und dem Zuspruch aus der Bev\u00f6lkerung\u201c, erkl\u00e4rt Uwe Heidel. Die beiden neuen Mitarbeiterinnen werden dringend gebraucht, denn bereits jetzt laufen die ersten Gespr\u00e4che zu den Projekten im Jahr 2026. \u201eWir wollen uns nicht auf den abgeschlossenen Projekten ausruhen, sondern mit vollem Einsatz weitermachen, um das langfristige Ziel \u2013 den Dormagener Wohnungsmarkt zu entspannen \u2013 zu erreichen\u201c, betont Heidel.<\/p>\n\n\n\n<p>Quelle: <a href=\"http:\/\/www.dormagen.de\">Stadt Dormagen<\/a><\/p>\n\n\n<figure class=\"wp-block-post-featured-image\"><img loading=\"lazy\" decoding=\"async\" width=\"2560\" height=\"1440\" src=\"https:\/\/standort-niederrhein.de\/wp-content\/uploads\/2024\/08\/Bauvorhaben-Am-Felder-Hof_Copyrights_GGLogo-1-scaled.jpg\" class=\"attachment-post-thumbnail size-post-thumbnail wp-post-image\" alt=\"\" style=\"object-fit:cover;\" srcset=\"https:\/\/standort-niederrhein.de\/wp-content\/uploads\/2024\/08\/Bauvorhaben-Am-Felder-Hof_Copyrights_GGLogo-1-scaled.jpg 2560w, https:\/\/standort-niederrhein.de\/wp-content\/uploads\/2024\/08\/Bauvorhaben-Am-Felder-Hof_Copyrights_GGLogo-1-1280x720.jpg 1280w, https:\/\/standort-niederrhein.de\/wp-content\/uploads\/2024\/08\/Bauvorhaben-Am-Felder-Hof_Copyrights_GGLogo-1-980x551.jpg 980w, https:\/\/standort-niederrhein.de\/wp-content\/uploads\/2024\/08\/Bauvorhaben-Am-Felder-Hof_Copyrights_GGLogo-1-480x270.jpg 480w\" sizes=\"(min-width: 0px) and (max-width: 480px) 480px, (min-width: 481px) and (max-width: 980px) 980px, (min-width: 981px) and (max-width: 1280px) 1280px, (min-width: 1281px) 2560px, 100vw\" \/><\/figure>\n\n\n<p>Beispielhafte Darstellung des Bauvorhabens in Nievenheim, Am Felder Hof. Dort sollen 50 Wohneinheiten entstehen. | Foto: Goldstein Gruppe<\/p>\n","protected":false},"excerpt":{"rendered":"<p>Dormagen. Nicht allen gefiel vor einigen Jahren die Idee, eine st\u00e4dtische Wohnraumgesellschaft zu gr\u00fcnden. Insbesondere in der Politik gab es einige Stimmen, die die Gr\u00fcndung der WORADO sehr kritisch be\u00e4ugten. So baute das Team um Gesch\u00e4ftsf\u00fchrer Uwe Heidel nicht nur gegen die Wohnungskrise an, sondern auch gegen eine Portion Skepsis. Rund zweieinhalb Jahre sp\u00e4ter ist [&hellip;]<\/p>\n","protected":false},"author":3,"featured_media":4705,"comment_status":"closed","ping_status":"closed","sticky":false,"template":"","format":"standard","meta":{"_et_pb_use_builder":"","_et_pb_old_content":"","_et_gb_content_width":"","footnotes":""},"categories":[1],"tags":[],"class_list":["post-4704","post","type-post","status-publish","format-standard","has-post-thumbnail","hentry","category-allgemein"],"_links":{"self":[{"href":"https:\/\/standort-niederrhein.de\/en\/wp-json\/wp\/v2\/posts\/4704","targetHints":{"allow":["GET"]}}],"collection":[{"href":"https:\/\/standort-niederrhein.de\/en\/wp-json\/wp\/v2\/posts"}],"about":[{"href":"https:\/\/standort-niederrhein.de\/en\/wp-json\/wp\/v2\/types\/post"}],"author":[{"embeddable":true,"href":"https:\/\/standort-niederrhein.de\/en\/wp-json\/wp\/v2\/users\/3"}],"replies":[{"embeddable":true,"href":"https:\/\/standort-niederrhein.de\/en\/wp-json\/wp\/v2\/comments?post=4704"}],"version-history":[{"count":1,"href":"https:\/\/standort-niederrhein.de\/en\/wp-json\/wp\/v2\/posts\/4704\/revisions"}],"predecessor-version":[{"id":4706,"href":"https:\/\/standort-niederrhein.de\/en\/wp-json\/wp\/v2\/posts\/4704\/revisions\/4706"}],"wp:featuredmedia":[{"embeddable":true,"href":"https:\/\/standort-niederrhein.de\/en\/wp-json\/wp\/v2\/media\/4705"}],"wp:attachment":[{"href":"https:\/\/standort-niederrhein.de\/en\/wp-json\/wp\/v2\/media?parent=4704"}],"wp:term":[{"taxonomy":"category","embeddable":true,"href":"https:\/\/standort-niederrhein.de\/en\/wp-json\/wp\/v2\/categories?post=4704"},{"taxonomy":"post_tag","embeddable":true,"href":"https:\/\/standort-niederrhein.de\/en\/wp-json\/wp\/v2\/tags?post=4704"}],"curies":[{"name":"wp","href":"https:\/\/api.w.org\/{rel}","templated":true}]}}