{"id":4697,"date":"2024-08-13T06:00:00","date_gmt":"2024-08-13T04:00:00","guid":{"rendered":"https:\/\/invest-in-niederrhein.de\/?p=4697"},"modified":"2024-08-22T11:56:55","modified_gmt":"2024-08-22T09:56:55","slug":"politik-trifft-agroforst","status":"publish","type":"post","link":"https:\/\/standort-niederrhein.de\/en\/2024\/08\/13\/politik-trifft-agroforst\/","title":{"rendered":"Politik trifft Agroforst"},"content":{"rendered":"\n<p><strong>Kleve\/ Kamp-Lintfort. <\/strong>Stephan Wolters, CDU-Landtagsabgeordneter f\u00fcr den Kreis Kleve, besuchte das Projekt TransRegINT der Hochschule Rhein-Waal (HSRW), um gemeinsam mit Prof. Dr.-Ing. Peter Kisters, Vizepr\u00e4sident f\u00fcr Forschung, Innovation und Wissenstransfer der Hochschule Rhein-Waal sowie Projektleiter TransRegINT und Dr. Ana Kreter, Projektkoordinatorin Agroforst Reallabor im Projekt TransRegINT, M\u00f6glichkeiten der Zusammenarbeit im Bereich Agroforst zu er\u00f6rtern.<\/p>\n\n\n\n<p>Der Begriff Agroforst steht f\u00fcr das Konzept einer Kombination von Geh\u00f6lzen mit Ackerkulturen und\/oder Tierhaltung auf einer Fl\u00e4che. Seine Basis findet er in der Landwirtschaft oder, wie Stephan Wolters es formuliert: \u201eAgroforst entfaltet seinen gro\u00dfen Mehrwert als Anbausystem auf dem Acker.\u201c<\/p>\n\n\n\n<p>Die Landwirtschaft geh\u00f6rt ebenso wie der Gartenbau zu den herausragenden Branchen des Niederrheins und tr\u00e4gt ihren Anteil zu der strategischen Bedeutsamkeit der Region f\u00fcr die Wirtschaft des Landes NRW bei. Diesen Wirtschaftsbereich fit zu machen f\u00fcr die kommenden Generationen ist eine gro\u00dfe Aufgabe, wie Stephan Wolters und Prof. Dr.-Ing. Peter Kisters \u00fcbereinstimmend feststellten. Hierf\u00fcr m\u00fcsse die Beziehung zwischen der Generierung von Wissen und Technologie intensiviert werden. Dadurch k\u00f6nnen Forschungsergebnisse noch effektiver in kreative L\u00f6sungen f\u00fcr die dr\u00e4ngenden Herausforderungen unserer Zeit umgesetzt werden. \u201eDas ist auch das Hauptziel des durch das Bundesministerium f\u00fcr Bildung und Forschung gef\u00f6rderten Projekts TransRegINT &#8211; Transformation der Region Niederrhein: Innovation, Nachhaltigkeit, Teilhabe\u201c, hob Prof. Dr.-Ing. Peter Kisters hervor.<\/p>\n\n\n\n<p>Das Transformationsprojekt \u201eAgroforst Reallabor\u201c soll unter dem TransRegINT-Schirm an die Region Niederrhein angepasste Agroforstsysteme umsetzen und ein regionales Netzwerk der verschiedenen Akteur*innen schaffen. Das Team \u201eAgroforst Reallabor\u201c begleitet die Umsetzungen wissenschaftlich, um Daten zu den \u00f6kologischen, \u00f6konomischen und sozialen Leistungen dieser Systeme zu erheben.<\/p>\n\n\n\n<p>Stephan Wolters, Mitglied des Ausschusses Umwelt, Natur- und Verbraucherschutz, Landwirtschaft, Forsten und l\u00e4ndliche R\u00e4ume in NRW, unterst\u00fctzt die Etablierung von Agroforstsystemen auf politischer Seite. \u201eAgroforst ist zweifellos ein vielversprechender Ansatz, um die Bodenfruchtbarkeit zu verbessern, den Wasserr\u00fcckhalt zu erh\u00f6hen, die Biodiversit\u00e4t zu f\u00f6rdern, die Kohlenstoffbindungen zu erh\u00f6hen und die Widerstandsf\u00e4higkeit der landwirtschaftlichen Produktion gegen\u00fcber Klimaschwankungen zu st\u00e4rken\u201c, fasst er die \u00f6kologischen und \u00f6konomischen Vorteile von Agroforstsystemen zusammen.<\/p>\n\n\n\n<p>Bei der HSRW geht es mittlerweile vom Acker auch in den Zierpflanzenbau: Dr. Ana Kreter, Projektkoordinatorin Agroforst Reallabor im Projekt TransRegINT, f\u00fchrte als praktisches Beispiel die Zusammenarbeit mit dem Agrobusiness Niederrhein e.V. auf. Das Agroforst-Team unterst\u00fctzt seit neuestem ein Mitgliedsunternehmen der Netzwerkinitiative bei der Etablierung eines \u201eTopfpflanzenforsts\u201c, d. h. eines Agroforstsystems im Gartenbau.<\/p>\n\n\n\n<p>\u201eWichtig ist der Austausch mit allen an Agroforst beteiligten Personen und Institutionen, dazu geh\u00f6ren neben den Landwirten und Landwirtinnen unter anderem auch Forschende und Politiker. Umso mehr freue ich mich \u00fcber die Gelegenheit zum Austausch mit Herrn Wolters. Mit unseren unterschiedlichen Hintergr\u00fcnden k\u00f6nnen wir die verschiedenen Stakeholder im Prozess der Verbindung von Land- und Forstwirtschaft vereinen\u201c, betont Prof. Dr.-Ing. Peter Kisters. Stephan Wolters best\u00e4tigt: \u201eNur gemeinsam sind wir stark. Lassen Sie uns gemeinsam mit einer Stimme sprechen und Landwirtschaft, Wissenschaft und Transformation zusammenf\u00fchren.\u201c<\/p>\n\n\n\n<p><strong>Hintergrund<\/strong><br>Mit dem Projekt \u201aTransRegINT &#8211; Transformation der Region Niederrhein: Innovation, Nachhaltigkeit, Teilhabe\u2018 hat sich die Hochschule Rhein-Waal zum Ziel gesetzt, den nachhaltigen Wandel in der Region wissenschaftsbasiert mitzugestalten. Gef\u00f6rdert wird das Projekt durch das Programm \u201aInnovative Hochschule\u2018 des Bundesministeriums f\u00fcr Bildung und Forschung. Diese F\u00f6rderinitiative unterst\u00fctzt Hochschulen dabei, aus Forschungserkenntnissen kreative L\u00f6sungen f\u00fcr die dr\u00e4ngenden Herausforderungen unserer Zeit zu finden. Bis Ende 2027 wird \u201aTransRegINT\u2018 mit F\u00f6rdergeldern in H\u00f6he von knapp zehn Millionen Euro gef\u00f6rdert. Dies er-m\u00f6glicht es, L\u00f6sungen zu erarbeiten, um die Zukunft in der Region im Sinne der 17 Nachhal-tigkeitsziele der Vereinten Nationen zu gestalten.<\/p>\n\n\n\n<p>Quelle: <a href=\"http:\/\/www.hochschule-rhein-waal.de\">Hochschule Rhein-Waal<\/a><\/p>\n\n\n<figure class=\"wp-block-post-featured-image\"><img loading=\"lazy\" decoding=\"async\" width=\"2048\" height=\"1365\" src=\"https:\/\/standort-niederrhein.de\/wp-content\/uploads\/2024\/08\/2024.07.18_Agroforst-trifft-Politik_\u00a9HSRW_Florian_Gaisrucker.jpg\" class=\"attachment-post-thumbnail size-post-thumbnail wp-post-image\" alt=\"\" style=\"object-fit:cover;\" srcset=\"https:\/\/standort-niederrhein.de\/wp-content\/uploads\/2024\/08\/2024.07.18_Agroforst-trifft-Politik_\u00a9HSRW_Florian_Gaisrucker.jpg 2048w, https:\/\/standort-niederrhein.de\/wp-content\/uploads\/2024\/08\/2024.07.18_Agroforst-trifft-Politik_\u00a9HSRW_Florian_Gaisrucker-300x200.jpg 300w, https:\/\/standort-niederrhein.de\/wp-content\/uploads\/2024\/08\/2024.07.18_Agroforst-trifft-Politik_\u00a9HSRW_Florian_Gaisrucker-1024x683.jpg 1024w, https:\/\/standort-niederrhein.de\/wp-content\/uploads\/2024\/08\/2024.07.18_Agroforst-trifft-Politik_\u00a9HSRW_Florian_Gaisrucker-768x512.jpg 768w, https:\/\/standort-niederrhein.de\/wp-content\/uploads\/2024\/08\/2024.07.18_Agroforst-trifft-Politik_\u00a9HSRW_Florian_Gaisrucker-1536x1024.jpg 1536w, https:\/\/standort-niederrhein.de\/wp-content\/uploads\/2024\/08\/2024.07.18_Agroforst-trifft-Politik_\u00a9HSRW_Florian_Gaisrucker-1080x720.jpg 1080w, https:\/\/standort-niederrhein.de\/wp-content\/uploads\/2024\/08\/2024.07.18_Agroforst-trifft-Politik_\u00a9HSRW_Florian_Gaisrucker-1280x853.jpg 1280w, https:\/\/standort-niederrhein.de\/wp-content\/uploads\/2024\/08\/2024.07.18_Agroforst-trifft-Politik_\u00a9HSRW_Florian_Gaisrucker-980x653.jpg 980w, https:\/\/standort-niederrhein.de\/wp-content\/uploads\/2024\/08\/2024.07.18_Agroforst-trifft-Politik_\u00a9HSRW_Florian_Gaisrucker-480x320.jpg 480w\" sizes=\"(max-width: 2048px) 100vw, 2048px\" \/><\/figure>\n\n\n<p>Stephan Wolters, Dr. Ana Kreter und Prof. Dipl.-Ing. Peter Kisters (v.l.n.r.) sind \u00fcberzeugt, dass Agroforstsysteme eine wichtige Rolle in der nachhaltigen Landwirtschaft von morgen spielen werden. | Foto: Florian Gaisrucker \/ HSRW<\/p>\n","protected":false},"excerpt":{"rendered":"<p>Kleve\/ Kamp-Lintfort. Stephan Wolters, CDU-Landtagsabgeordneter f\u00fcr den Kreis Kleve, besuchte das Projekt TransRegINT der Hochschule Rhein-Waal (HSRW), um gemeinsam mit Prof. Dr.-Ing. Peter Kisters, Vizepr\u00e4sident f\u00fcr Forschung, Innovation und Wissenstransfer der Hochschule Rhein-Waal sowie Projektleiter TransRegINT und Dr. Ana Kreter, Projektkoordinatorin Agroforst Reallabor im Projekt TransRegINT, M\u00f6glichkeiten der Zusammenarbeit im Bereich Agroforst zu er\u00f6rtern. Der [&hellip;]<\/p>\n","protected":false},"author":3,"featured_media":4698,"comment_status":"closed","ping_status":"closed","sticky":false,"template":"","format":"standard","meta":{"_et_pb_use_builder":"","_et_pb_old_content":"","_et_gb_content_width":"","footnotes":""},"categories":[1],"tags":[],"class_list":["post-4697","post","type-post","status-publish","format-standard","has-post-thumbnail","hentry","category-allgemein"],"_links":{"self":[{"href":"https:\/\/standort-niederrhein.de\/en\/wp-json\/wp\/v2\/posts\/4697","targetHints":{"allow":["GET"]}}],"collection":[{"href":"https:\/\/standort-niederrhein.de\/en\/wp-json\/wp\/v2\/posts"}],"about":[{"href":"https:\/\/standort-niederrhein.de\/en\/wp-json\/wp\/v2\/types\/post"}],"author":[{"embeddable":true,"href":"https:\/\/standort-niederrhein.de\/en\/wp-json\/wp\/v2\/users\/3"}],"replies":[{"embeddable":true,"href":"https:\/\/standort-niederrhein.de\/en\/wp-json\/wp\/v2\/comments?post=4697"}],"version-history":[{"count":1,"href":"https:\/\/standort-niederrhein.de\/en\/wp-json\/wp\/v2\/posts\/4697\/revisions"}],"predecessor-version":[{"id":4699,"href":"https:\/\/standort-niederrhein.de\/en\/wp-json\/wp\/v2\/posts\/4697\/revisions\/4699"}],"wp:featuredmedia":[{"embeddable":true,"href":"https:\/\/standort-niederrhein.de\/en\/wp-json\/wp\/v2\/media\/4698"}],"wp:attachment":[{"href":"https:\/\/standort-niederrhein.de\/en\/wp-json\/wp\/v2\/media?parent=4697"}],"wp:term":[{"taxonomy":"category","embeddable":true,"href":"https:\/\/standort-niederrhein.de\/en\/wp-json\/wp\/v2\/categories?post=4697"},{"taxonomy":"post_tag","embeddable":true,"href":"https:\/\/standort-niederrhein.de\/en\/wp-json\/wp\/v2\/tags?post=4697"}],"curies":[{"name":"wp","href":"https:\/\/api.w.org\/{rel}","templated":true}]}}