{"id":4679,"date":"2024-08-05T06:00:00","date_gmt":"2024-08-05T04:00:00","guid":{"rendered":"https:\/\/invest-in-niederrhein.de\/?p=4679"},"modified":"2024-08-22T09:59:36","modified_gmt":"2024-08-22T07:59:36","slug":"mehr-als-100-nachwuchskraefte-beginnen-ihre-ausbildung-bei-der-stadt","status":"publish","type":"post","link":"https:\/\/standort-niederrhein.de\/en\/2024\/08\/05\/mehr-als-100-nachwuchskraefte-beginnen-ihre-ausbildung-bei-der-stadt\/","title":{"rendered":"Mehr als 100 Nachwuchskr\u00e4fte beginnen ihre Ausbildung bei der Stadt"},"content":{"rendered":"\n<p><strong>Krefeld. <\/strong>Am 1. August haben 106 Nachwuchskr\u00e4fte ihre Ausbildung bei der Stadtverwaltung Krefeld begonnen. Zu Beginn der viert\u00e4gigen Einf\u00fchrungsphase haben Stadtdirektor Markus Sch\u00f6n, Personaldezernentin Cigdem Bern und Ausbildungsleiterin Sabrina Buttler die neuen Auszubildenden in der Hauptfeuer- und Rettungswache begr\u00fc\u00dft. Insgesamt 22 der 30 Auszubildenden zum Verwaltungswirt\/zur Verwaltungswirtin wurden in diesem Rahmen von Stadtdirektor Markus Sch\u00f6n als Beamtenanw\u00e4rter vereidigt. Mit den aktuellen Neuzug\u00e4ngen verzeichnet die Stadtverwaltung erstmalig einen H\u00f6chstwert von \u00fcber 350 Nachwuchskr\u00e4ften.<\/p>\n\n\n\n<p>\u201eIn diesem Jahr konnten wir besonders viele Krefelderinnen und Krefelder unter den Auszubildenden begr\u00fc\u00dfen\u201c, stellt Cigdem Bern zufrieden fest. Schon im vergangenen Jahr hatten rund 50 Prozent der neuen st\u00e4dtischen Nachwuchskr\u00e4fte ihren Wohnort am Ausbildungsort. In diesem Jahr kommen rund zwei Drittel der neuen st\u00e4dtischen Mitarbeitenden aus Krefeld. \u201eDass die Stadtverwaltung in der Krefelder Bev\u00f6lkerung wieder mehr als Arbeitgeberin wahrgenommen wird, zeigt auch, dass sich vor allem junge Krefelderinnen und Krefelder vermehrt mit ihrer Heimatstadt identifizieren. Sie haben Lust, die Stadt, in der sie leben, mitzugestalten und weiterzuentwickeln\u201c, sagt Cigdem Bern.<\/p>\n\n\n\n<p>Beim Onboarding f\u00fcr die neuen Mitarbeitenden legt die Ausbildungsabteilung in diesem Jahr den Fokus noch mehr auf deren Vernetzung untereinander. Noch bis Dienstag, 6. August, nehmen die Nachwuchskr\u00e4fte an verschiedenen, zum Teil sportlichen Kennlern-Aktivit\u00e4ten teil. Am letzten Tag stehen f\u00fcr die unterschiedlichen Berufsgruppen individuelle Themen auf dem Programm. Neben den 30 neuen Kr\u00e4ften im Verwaltungsdienst haben am 1. August auch mehr als 50 Erzieherinnen und Erzieher f\u00fcr Kindertageseinrichtungen und den Offenen Ganztag ihren Dienst aufgenommen. In folgenden Ausbildungsbereichen gibt es ebenfalls ab sofort Verst\u00e4rkung: Forstwirt, Stra\u00dfenw\u00e4rter, Heilerziehungspfleger, Vermessungstechniker, Fachangestellter f\u00fcr Medien und Informationsdienste, G\u00e4rtner, Fachinformatiker, KOD-Mitarbeitender. Am 1. September folgen 30 Studierende, die ihren Praxisteil in der Stadtverwaltung absolvieren. Drei Studierende im Bereich Soziale Arbeit sowie drei Auszubildende zum Notfallsanit\u00e4ter treten ihren Dienst zum 1. Oktober an.<\/p>\n\n\n\n<p>Mit rund 4.000 Mitarbeitenden h\u00e4lt die Stadtverwaltung ein weit gef\u00e4chertes Angebot von 32 verschiedenen Ausbildungsberufen und Studieng\u00e4ngen vor. Weitere Informationen rund um die Themen Ausbildung und Studium bei der Stadtverwaltung gibt es im umfassenden <a href=\"http:\/\/www.krefeld.de\/karriere\">Karriere-Portal<\/a> der Stadt.<\/p>\n\n\n\n<p>Quelle: <a href=\"http:\/\/www.krefeld.de\">Stadt Krefeld<\/a><\/p>\n\n\n<figure class=\"wp-block-post-featured-image\"><img loading=\"lazy\" decoding=\"async\" width=\"1200\" height=\"765\" src=\"https:\/\/standort-niederrhein.de\/wp-content\/uploads\/2024\/08\/azubis-2024_1200.jpg\" class=\"attachment-post-thumbnail size-post-thumbnail wp-post-image\" alt=\"\" style=\"object-fit:cover;\" srcset=\"https:\/\/standort-niederrhein.de\/wp-content\/uploads\/2024\/08\/azubis-2024_1200.jpg 1200w, https:\/\/standort-niederrhein.de\/wp-content\/uploads\/2024\/08\/azubis-2024_1200-980x625.jpg 980w, https:\/\/standort-niederrhein.de\/wp-content\/uploads\/2024\/08\/azubis-2024_1200-480x306.jpg 480w\" sizes=\"(min-width: 0px) and (max-width: 480px) 480px, (min-width: 481px) and (max-width: 980px) 980px, (min-width: 981px) 1200px, 100vw\" \/><\/figure>\n\n\n<p>Neue st\u00e4dtische Auszubildende vor der Hauptfeuerwache. | Foto: Stadt Krefeld, Presse und Kommunikation, Dirk Jochmann<\/p>\n","protected":false},"excerpt":{"rendered":"<p>Krefeld. Am 1. August haben 106 Nachwuchskr\u00e4fte ihre Ausbildung bei der Stadtverwaltung Krefeld begonnen. Zu Beginn der viert\u00e4gigen Einf\u00fchrungsphase haben Stadtdirektor Markus Sch\u00f6n, Personaldezernentin Cigdem Bern und Ausbildungsleiterin Sabrina Buttler die neuen Auszubildenden in der Hauptfeuer- und Rettungswache begr\u00fc\u00dft. Insgesamt 22 der 30 Auszubildenden zum Verwaltungswirt\/zur Verwaltungswirtin wurden in diesem Rahmen von Stadtdirektor Markus Sch\u00f6n [&hellip;]<\/p>\n","protected":false},"author":3,"featured_media":4680,"comment_status":"closed","ping_status":"closed","sticky":false,"template":"","format":"standard","meta":{"_et_pb_use_builder":"","_et_pb_old_content":"","_et_gb_content_width":"","footnotes":""},"categories":[1],"tags":[],"class_list":["post-4679","post","type-post","status-publish","format-standard","has-post-thumbnail","hentry","category-allgemein"],"_links":{"self":[{"href":"https:\/\/standort-niederrhein.de\/en\/wp-json\/wp\/v2\/posts\/4679","targetHints":{"allow":["GET"]}}],"collection":[{"href":"https:\/\/standort-niederrhein.de\/en\/wp-json\/wp\/v2\/posts"}],"about":[{"href":"https:\/\/standort-niederrhein.de\/en\/wp-json\/wp\/v2\/types\/post"}],"author":[{"embeddable":true,"href":"https:\/\/standort-niederrhein.de\/en\/wp-json\/wp\/v2\/users\/3"}],"replies":[{"embeddable":true,"href":"https:\/\/standort-niederrhein.de\/en\/wp-json\/wp\/v2\/comments?post=4679"}],"version-history":[{"count":1,"href":"https:\/\/standort-niederrhein.de\/en\/wp-json\/wp\/v2\/posts\/4679\/revisions"}],"predecessor-version":[{"id":4681,"href":"https:\/\/standort-niederrhein.de\/en\/wp-json\/wp\/v2\/posts\/4679\/revisions\/4681"}],"wp:featuredmedia":[{"embeddable":true,"href":"https:\/\/standort-niederrhein.de\/en\/wp-json\/wp\/v2\/media\/4680"}],"wp:attachment":[{"href":"https:\/\/standort-niederrhein.de\/en\/wp-json\/wp\/v2\/media?parent=4679"}],"wp:term":[{"taxonomy":"category","embeddable":true,"href":"https:\/\/standort-niederrhein.de\/en\/wp-json\/wp\/v2\/categories?post=4679"},{"taxonomy":"post_tag","embeddable":true,"href":"https:\/\/standort-niederrhein.de\/en\/wp-json\/wp\/v2\/tags?post=4679"}],"curies":[{"name":"wp","href":"https:\/\/api.w.org\/{rel}","templated":true}]}}