{"id":4658,"date":"2024-08-02T06:00:00","date_gmt":"2024-08-02T04:00:00","guid":{"rendered":"https:\/\/invest-in-niederrhein.de\/?p=4658"},"modified":"2024-07-25T11:44:57","modified_gmt":"2024-07-25T09:44:57","slug":"einkaufsverhalten-in-rees","status":"publish","type":"post","link":"https:\/\/standort-niederrhein.de\/en\/2024\/08\/02\/einkaufsverhalten-in-rees\/","title":{"rendered":"Einkaufsverhalten in Rees"},"content":{"rendered":"\n<p><strong>Rees. <\/strong>Die Zukunft des Handels mitgestalten \u2013 die Chance hat Rees jetzt gemeinsam mit 20 anderen Kommunen in NRW mit dem Forschungsprojekt \u201eEinkaufsverhalten und Einkaufsm\u00f6glichkeiten in<br>NRW\u201c, der Universit\u00e4t Siegen. Auftraggeber ist das Ministerium f\u00fcr Wirtschaft, Industrie, Klimaschutz und Energie des Landes NRW.<\/p>\n\n\n\n<p>\u201eWir rufen als Projektpartner die unterschiedlichen Peer-Gruppen wie Bev\u00f6lkerung, Einzelhandel sowie weitere Institutionen und Organisationen auf, an einer <a href=\"https:\/\/schramm-klein.com\/\">Online-Befragung<\/a> teilzunehmen, um das<br>Einkaufsverhalten unserer Stadt zu ermitteln\u201c, erkl\u00e4rt Sebastian Hense, B\u00fcrgermeister der Stadt Rees. Die Umfrage dauere maximal zehn Minuten. <\/p>\n\n\n\n<p>Die Kosten des Forschungsprojektes \u00fcbernimmt das Ministerium. Die \u00d6ffentlichkeits- und Netzwerkarbeit sowie die Durchf\u00fchrung der Befragungen obliegt der Stadt Rees. Mindestens 120 Personen sollen daran teilnehmen. Diese m\u00fcssen nicht zwangsl\u00e4ufig in Rees beheimatet sein.<\/p>\n\n\n\n<p>Der Projektabschluss ist f\u00fcr Dezember 2024 vorgesehen. Die Vorstellung der Studie soll kurz danach im Anschluss erfolgen.<\/p>\n\n\n\n<p>\u201eDie Erkenntnisse und Zusammenh\u00e4nge sollen ein repr\u00e4sentatives Meinungsbild der Handelssituation vor Ort bieten, das als Grundlage zur praktischen Ausgestaltung, zum Beispiel f\u00fcr das Einzelhandelskonzept der Stadt Rees, aber auch f\u00fcr die Planung und Stadtentwicklung dient\u201c, erkl\u00e4rt Sandra Kimm-Hamacher von der Wirtschaftsf\u00f6rderung.<\/p>\n\n\n\n<p>Die Studie steht der Stadt Rees zur individuellen Nutzung und weiteren Verwendung zur Verf\u00fcgung.<br>NRW-weit sind Klein-, Mittel- und Gro\u00dfst\u00e4dte wie Ahaus, L\u00fcnen, Paderborn oder Nettetal aufgerufen worden, sich f\u00fcr das Projekt zu bewerben. Rees nimmt als einzige Stadt im Kreis Kleve daran teil.<\/p>\n\n\n\n<p>Quelle: <a href=\"http:\/\/www.rees.de\">Stadt Rees<\/a><\/p>\n\n\n<figure class=\"wp-block-post-featured-image\"><img loading=\"lazy\" decoding=\"async\" width=\"750\" height=\"500\" src=\"https:\/\/standort-niederrhein.de\/wp-content\/uploads\/2024\/07\/Pressemitteilung_REES_2024_143_Studie-zum-Einkaufsverhalten-in-Rees.png\" class=\"attachment-post-thumbnail size-post-thumbnail wp-post-image\" alt=\"\" style=\"object-fit:cover;\" srcset=\"https:\/\/standort-niederrhein.de\/wp-content\/uploads\/2024\/07\/Pressemitteilung_REES_2024_143_Studie-zum-Einkaufsverhalten-in-Rees.png 750w, https:\/\/standort-niederrhein.de\/wp-content\/uploads\/2024\/07\/Pressemitteilung_REES_2024_143_Studie-zum-Einkaufsverhalten-in-Rees-480x320.png 480w\" sizes=\"(min-width: 0px) and (max-width: 480px) 480px, (min-width: 481px) 750px, 100vw\" \/><\/figure>\n\n\n<p>Aktuell l\u00e4uft eine Befragung \u00fcber das Einkaufsverhalten in Rees. Hier: (v. Li.) Sandra Kimm-Hamacher, Wirtschaftsf\u00f6rderung, und Sebastian Hense, B\u00fcrgermeister. | Foto: Stadt Rees<\/p>\n","protected":false},"excerpt":{"rendered":"<p>Rees. Die Zukunft des Handels mitgestalten \u2013 die Chance hat Rees jetzt gemeinsam mit 20 anderen Kommunen in NRW mit dem Forschungsprojekt \u201eEinkaufsverhalten und Einkaufsm\u00f6glichkeiten inNRW\u201c, der Universit\u00e4t Siegen. Auftraggeber ist das Ministerium f\u00fcr Wirtschaft, Industrie, Klimaschutz und Energie des Landes NRW. \u201eWir rufen als Projektpartner die unterschiedlichen Peer-Gruppen wie Bev\u00f6lkerung, Einzelhandel sowie weitere Institutionen [&hellip;]<\/p>\n","protected":false},"author":3,"featured_media":4659,"comment_status":"closed","ping_status":"closed","sticky":false,"template":"","format":"standard","meta":{"_et_pb_use_builder":"","_et_pb_old_content":"","_et_gb_content_width":"","footnotes":""},"categories":[1],"tags":[],"class_list":["post-4658","post","type-post","status-publish","format-standard","has-post-thumbnail","hentry","category-allgemein"],"_links":{"self":[{"href":"https:\/\/standort-niederrhein.de\/en\/wp-json\/wp\/v2\/posts\/4658","targetHints":{"allow":["GET"]}}],"collection":[{"href":"https:\/\/standort-niederrhein.de\/en\/wp-json\/wp\/v2\/posts"}],"about":[{"href":"https:\/\/standort-niederrhein.de\/en\/wp-json\/wp\/v2\/types\/post"}],"author":[{"embeddable":true,"href":"https:\/\/standort-niederrhein.de\/en\/wp-json\/wp\/v2\/users\/3"}],"replies":[{"embeddable":true,"href":"https:\/\/standort-niederrhein.de\/en\/wp-json\/wp\/v2\/comments?post=4658"}],"version-history":[{"count":1,"href":"https:\/\/standort-niederrhein.de\/en\/wp-json\/wp\/v2\/posts\/4658\/revisions"}],"predecessor-version":[{"id":4660,"href":"https:\/\/standort-niederrhein.de\/en\/wp-json\/wp\/v2\/posts\/4658\/revisions\/4660"}],"wp:featuredmedia":[{"embeddable":true,"href":"https:\/\/standort-niederrhein.de\/en\/wp-json\/wp\/v2\/media\/4659"}],"wp:attachment":[{"href":"https:\/\/standort-niederrhein.de\/en\/wp-json\/wp\/v2\/media?parent=4658"}],"wp:term":[{"taxonomy":"category","embeddable":true,"href":"https:\/\/standort-niederrhein.de\/en\/wp-json\/wp\/v2\/categories?post=4658"},{"taxonomy":"post_tag","embeddable":true,"href":"https:\/\/standort-niederrhein.de\/en\/wp-json\/wp\/v2\/tags?post=4658"}],"curies":[{"name":"wp","href":"https:\/\/api.w.org\/{rel}","templated":true}]}}