{"id":4646,"date":"2024-07-31T06:00:00","date_gmt":"2024-07-31T04:00:00","guid":{"rendered":"https:\/\/invest-in-niederrhein.de\/?p=4646"},"modified":"2024-07-24T12:14:39","modified_gmt":"2024-07-24T10:14:39","slug":"wirtschaftsfoerderung-kreis-kleve-mit-neuer-homepage","status":"publish","type":"post","link":"https:\/\/standort-niederrhein.de\/en\/2024\/07\/31\/wirtschaftsfoerderung-kreis-kleve-mit-neuer-homepage\/","title":{"rendered":"Wirtschaftsf\u00f6rderung Kreis Kleve mit neuer Homepage"},"content":{"rendered":"\n<p><strong>Kreis Kleve. <\/strong>Es war ein arbeitsintensiver Prozess, doch das Ergebnis kann sich sehen lassen: Die Neugestaltung des Internetauftritts der Wirtschaftsf\u00f6rderung Kreis Kleve ist abgeschlossen und die neue Homepage nun online.<\/p>\n\n\n\n<p>Unter der gewohnten Adresse www.wfg-kreis-kleve.de pr\u00e4sentiert sich die Kreis-WfG jetzt in einem modernen Design. Eine klare Struktur und Gliederung erleichtern die Orientierung auf der Seite. Die neue Homepage wurde f\u00fcr Mobilger\u00e4te optimiert.<\/p>\n\n\n\n<p>Besucher k\u00f6nnen sich online unter anderem \u00fcber &nbsp;&nbsp;den Kreis Kleve als attraktiven Standort zum Leben und Arbeiten informieren, Ortsportr\u00e4ts der 16 kreisangeh\u00f6rigen St\u00e4dte und Gemeinden abrufen und N\u00e4heres zu den Bereichen Wirtschaft, Tourismus sowie Innovation &amp; Wasserstoff erfahren. Im News- und Pressebereich finden sich aktuelle Themen der Kreis-Wirtschaftsf\u00f6rderung. Das Team stellt sich unter <a href=\"http:\/\/www.wfg-kreis-kleve.de\">www.wfg-kreis-kleve.de<\/a> ebenso vor wie der F\u00f6rderverein der Hochschule Rhein-Waal \u2013 Campus Cleve e.V.. Die Rubrik Netzwerk-Projekte sowie ein Veranstaltungskalender mit der M\u00f6glichkeit zur Anmeldung runden die neue Homepage ab.<\/p>\n\n\n\n<p>Verst\u00e4rkt setzt die Wirtschaftsf\u00f6rderung Kreis Kleve auch auf Social Media. Erg\u00e4nzend zu Facebook und LinkedIn wurde Instagram als neuer Kanal hinzugenommen. Auch dort informiert die Kreis-WfG regelm\u00e4\u00dfig zu aktuellen Wirtschafts- und Tourismus-Themen, stellt ihre Projekte vor, l\u00e4dt zu Veranstaltungen ein und r\u00fcckt Unternehmen aus dem Kreis Kleve in den Fokus.<\/p>\n\n\n\n<p>Nat\u00fcrlich freut sich das Team der Wirtschaftsf\u00f6rderung Kreis Kleve \u00fcber jeden, der die neue Homepage besucht oder ihr auf den Social-Media-Kan\u00e4len folgt.<\/p>\n\n\n\n<p>Quelle: <a href=\"http:\/\/www.wfg-kreis-kleve.de\">WFG Kreis Kleve<\/a><\/p>\n\n\n<figure class=\"wp-block-post-featured-image\"><img loading=\"lazy\" decoding=\"async\" width=\"1500\" height=\"879\" src=\"https:\/\/standort-niederrhein.de\/wp-content\/uploads\/2024\/07\/WFG-Kreis-Kleve-Homepage-Laptop.jpg\" class=\"attachment-post-thumbnail size-post-thumbnail wp-post-image\" alt=\"\" style=\"object-fit:cover;\" srcset=\"https:\/\/standort-niederrhein.de\/wp-content\/uploads\/2024\/07\/WFG-Kreis-Kleve-Homepage-Laptop.jpg 1500w, https:\/\/standort-niederrhein.de\/wp-content\/uploads\/2024\/07\/WFG-Kreis-Kleve-Homepage-Laptop-1280x750.jpg 1280w, https:\/\/standort-niederrhein.de\/wp-content\/uploads\/2024\/07\/WFG-Kreis-Kleve-Homepage-Laptop-980x574.jpg 980w, https:\/\/standort-niederrhein.de\/wp-content\/uploads\/2024\/07\/WFG-Kreis-Kleve-Homepage-Laptop-480x281.jpg 480w\" sizes=\"(min-width: 0px) and (max-width: 480px) 480px, (min-width: 481px) and (max-width: 980px) 980px, (min-width: 981px) and (max-width: 1280px) 1280px, (min-width: 1281px) 1500px, 100vw\" \/><\/figure>","protected":false},"excerpt":{"rendered":"<p>Kreis Kleve. Es war ein arbeitsintensiver Prozess, doch das Ergebnis kann sich sehen lassen: Die Neugestaltung des Internetauftritts der Wirtschaftsf\u00f6rderung Kreis Kleve ist abgeschlossen und die neue Homepage nun online. Unter der gewohnten Adresse www.wfg-kreis-kleve.de pr\u00e4sentiert sich die Kreis-WfG jetzt in einem modernen Design. Eine klare Struktur und Gliederung erleichtern die Orientierung auf der Seite. [&hellip;]<\/p>\n","protected":false},"author":3,"featured_media":4647,"comment_status":"closed","ping_status":"closed","sticky":false,"template":"","format":"standard","meta":{"_et_pb_use_builder":"","_et_pb_old_content":"","_et_gb_content_width":"","footnotes":""},"categories":[1],"tags":[],"class_list":["post-4646","post","type-post","status-publish","format-standard","has-post-thumbnail","hentry","category-allgemein"],"_links":{"self":[{"href":"https:\/\/standort-niederrhein.de\/en\/wp-json\/wp\/v2\/posts\/4646","targetHints":{"allow":["GET"]}}],"collection":[{"href":"https:\/\/standort-niederrhein.de\/en\/wp-json\/wp\/v2\/posts"}],"about":[{"href":"https:\/\/standort-niederrhein.de\/en\/wp-json\/wp\/v2\/types\/post"}],"author":[{"embeddable":true,"href":"https:\/\/standort-niederrhein.de\/en\/wp-json\/wp\/v2\/users\/3"}],"replies":[{"embeddable":true,"href":"https:\/\/standort-niederrhein.de\/en\/wp-json\/wp\/v2\/comments?post=4646"}],"version-history":[{"count":1,"href":"https:\/\/standort-niederrhein.de\/en\/wp-json\/wp\/v2\/posts\/4646\/revisions"}],"predecessor-version":[{"id":4648,"href":"https:\/\/standort-niederrhein.de\/en\/wp-json\/wp\/v2\/posts\/4646\/revisions\/4648"}],"wp:featuredmedia":[{"embeddable":true,"href":"https:\/\/standort-niederrhein.de\/en\/wp-json\/wp\/v2\/media\/4647"}],"wp:attachment":[{"href":"https:\/\/standort-niederrhein.de\/en\/wp-json\/wp\/v2\/media?parent=4646"}],"wp:term":[{"taxonomy":"category","embeddable":true,"href":"https:\/\/standort-niederrhein.de\/en\/wp-json\/wp\/v2\/categories?post=4646"},{"taxonomy":"post_tag","embeddable":true,"href":"https:\/\/standort-niederrhein.de\/en\/wp-json\/wp\/v2\/tags?post=4646"}],"curies":[{"name":"wp","href":"https:\/\/api.w.org\/{rel}","templated":true}]}}