{"id":4643,"date":"2024-07-30T06:00:00","date_gmt":"2024-07-30T04:00:00","guid":{"rendered":"https:\/\/invest-in-niederrhein.de\/?p=4643"},"modified":"2024-07-24T12:07:11","modified_gmt":"2024-07-24T10:07:11","slug":"ihk-gratuliert-zum-jubilaeum-und-ueberreicht-urkunde","status":"publish","type":"post","link":"https:\/\/standort-niederrhein.de\/en\/2024\/07\/30\/ihk-gratuliert-zum-jubilaeum-und-ueberreicht-urkunde\/","title":{"rendered":"IHK gratuliert zum Jubil\u00e4um und \u00fcberreicht Urkunde"},"content":{"rendered":"\n<p><strong>Mittlerer Niederrhein. <\/strong>Die Telefonbau Arthur Schwabe GmbH &amp; Co. KG \u2013 kurz TAS \u2013 feiert in diesem Jahr ihr 100-j\u00e4hriges Bestehen. Am 1. Juli 1924 hatte der Fernmeldetechniker Arthur Schwabe in M\u00f6nchengladbach-Rheydt den Schritt in die Selbstst\u00e4ndigkeit gewagt. Seitdem machte sich TAS rasch einen Namen als kompetenter Partner f\u00fcr Fernmeldeanlagen \u2013 auch \u00fcber die Stadtgrenzen hinaus. So telefonierte sp\u00e4ter Konrad Adenauer, der erste Bundeskanzler der Bundesrepublik Deutschland, \u00fcber eine Anlage von TAS. \u201eIch freue mich, dass die TAS seit so vielen Jahren in M\u00f6nchengladbach und dar\u00fcber hinaus erfolgreich ist\u201c, sagte J\u00fcrgen Steinmetz, Hauptgesch\u00e4ftsf\u00fchrer der Industrie- und Handelskammer (IHK) Mittlerer Niederrhein. \u201eWir w\u00fcnschen dem Unternehmen weiterhin viel Erfolg und eine gute Zukunft.\u201c Steinmetz \u00fcberreichte den beiden Gesch\u00e4ftsf\u00fchrern Frank Lisges und Stephan Holzem eine Urkunde.<\/p>\n\n\n\n<p>Das Unternehmen ist bereits fr\u00fch in den Bereich Sicherheitstechnik eingestiegen: 1967 brachte TAS ein patentiertes Alarm\u00fcbertragungsger\u00e4t auf der Basis von Telefonleitungen auf den Markt.1978 wechselte das Unternehmen in das neu erschlossene Gewerbegebiet Giesenkirchen. \u201eSeit den 80er Jahren haben wir neben unserer Zentrale in M\u00f6nchengladbach acht weitere Standorte\u201c, erkl\u00e4rt Lisges. \u201eZu unseren Kunden z\u00e4hlen Unternehmen unter anderem aus der Industrie, der Finanzwirtschaft und dem Handel.\u201c Inzwischen setzt TAS den Standard im Markt f\u00fcr Alarm\u00fcbertragungsger\u00e4te. Das Unternehmen ist damit europaweit in mehr als 100.000 Liegenschaften vertreten.<\/p>\n\n\n\n<p>\u201eUnser Kerngesch\u00e4ft sind Cloud-L\u00f6sungen und Sicherheitskonzepte unter Ber\u00fccksichtigung von Einbruch- und Brandmeldeanlagen, Video\u00fcberwachungs- und Zutrittskontrollsystemen sowie Cyber Security\u201c, berichtet Holzem. Das Unternehmen besch\u00e4ftigt 210 Menschen.<\/p>\n\n\n\n<p>Quelle: <a href=\"https:\/\/mittlerer-niederrhein.ihk.de\/de\/oeffentlichkeitsarbeit\/pressemitteilungen\/2024\/ihk-gratuliert-zum-jubilaeum-und-ueberreicht-urkunde.html\">IHK Mittlerer Niederrhein<\/a><\/p>\n\n\n<figure class=\"wp-block-post-featured-image\"><img loading=\"lazy\" decoding=\"async\" width=\"987\" height=\"392\" src=\"https:\/\/standort-niederrhein.de\/wp-content\/uploads\/2024\/07\/pm166_jubilaeum_100_jahre_tas-artikel2.jpg\" class=\"attachment-post-thumbnail size-post-thumbnail wp-post-image\" alt=\"\" style=\"object-fit:cover;\" srcset=\"https:\/\/standort-niederrhein.de\/wp-content\/uploads\/2024\/07\/pm166_jubilaeum_100_jahre_tas-artikel2.jpg 987w, https:\/\/standort-niederrhein.de\/wp-content\/uploads\/2024\/07\/pm166_jubilaeum_100_jahre_tas-artikel2-980x389.jpg 980w, https:\/\/standort-niederrhein.de\/wp-content\/uploads\/2024\/07\/pm166_jubilaeum_100_jahre_tas-artikel2-480x191.jpg 480w\" sizes=\"(min-width: 0px) and (max-width: 480px) 480px, (min-width: 481px) and (max-width: 980px) 980px, (min-width: 981px) 987px, 100vw\" \/><\/figure>\n\n\n<p>IHK-Hauptgesch\u00e4ftsf\u00fchrer J\u00fcrgen Steinmetz (l.) gratulierte den beiden Gesch\u00e4ftsf\u00fchrern Frank Lisges (M.) und Stephan Holzem. | Foto: IHK Mittlerer Niederrhein<\/p>\n","protected":false},"excerpt":{"rendered":"<p>Mittlerer Niederrhein. Die Telefonbau Arthur Schwabe GmbH &amp; Co. KG \u2013 kurz TAS \u2013 feiert in diesem Jahr ihr 100-j\u00e4hriges Bestehen. Am 1. Juli 1924 hatte der Fernmeldetechniker Arthur Schwabe in M\u00f6nchengladbach-Rheydt den Schritt in die Selbstst\u00e4ndigkeit gewagt. Seitdem machte sich TAS rasch einen Namen als kompetenter Partner f\u00fcr Fernmeldeanlagen \u2013 auch \u00fcber die Stadtgrenzen [&hellip;]<\/p>\n","protected":false},"author":3,"featured_media":4644,"comment_status":"closed","ping_status":"closed","sticky":false,"template":"","format":"standard","meta":{"_et_pb_use_builder":"","_et_pb_old_content":"","_et_gb_content_width":"","footnotes":""},"categories":[1],"tags":[],"class_list":["post-4643","post","type-post","status-publish","format-standard","has-post-thumbnail","hentry","category-allgemein"],"_links":{"self":[{"href":"https:\/\/standort-niederrhein.de\/en\/wp-json\/wp\/v2\/posts\/4643","targetHints":{"allow":["GET"]}}],"collection":[{"href":"https:\/\/standort-niederrhein.de\/en\/wp-json\/wp\/v2\/posts"}],"about":[{"href":"https:\/\/standort-niederrhein.de\/en\/wp-json\/wp\/v2\/types\/post"}],"author":[{"embeddable":true,"href":"https:\/\/standort-niederrhein.de\/en\/wp-json\/wp\/v2\/users\/3"}],"replies":[{"embeddable":true,"href":"https:\/\/standort-niederrhein.de\/en\/wp-json\/wp\/v2\/comments?post=4643"}],"version-history":[{"count":1,"href":"https:\/\/standort-niederrhein.de\/en\/wp-json\/wp\/v2\/posts\/4643\/revisions"}],"predecessor-version":[{"id":4645,"href":"https:\/\/standort-niederrhein.de\/en\/wp-json\/wp\/v2\/posts\/4643\/revisions\/4645"}],"wp:featuredmedia":[{"embeddable":true,"href":"https:\/\/standort-niederrhein.de\/en\/wp-json\/wp\/v2\/media\/4644"}],"wp:attachment":[{"href":"https:\/\/standort-niederrhein.de\/en\/wp-json\/wp\/v2\/media?parent=4643"}],"wp:term":[{"taxonomy":"category","embeddable":true,"href":"https:\/\/standort-niederrhein.de\/en\/wp-json\/wp\/v2\/categories?post=4643"},{"taxonomy":"post_tag","embeddable":true,"href":"https:\/\/standort-niederrhein.de\/en\/wp-json\/wp\/v2\/tags?post=4643"}],"curies":[{"name":"wp","href":"https:\/\/api.w.org\/{rel}","templated":true}]}}