{"id":4621,"date":"2024-07-24T06:00:00","date_gmt":"2024-07-24T04:00:00","guid":{"rendered":"https:\/\/invest-in-niederrhein.de\/?p=4621"},"modified":"2024-07-22T11:52:29","modified_gmt":"2024-07-22T09:52:29","slug":"eine-millionen-bienen-liefern-bio-honig-aus-bedburg-hau","status":"publish","type":"post","link":"https:\/\/standort-niederrhein.de\/en\/2024\/07\/24\/eine-millionen-bienen-liefern-bio-honig-aus-bedburg-hau\/","title":{"rendered":"Eine Millionen Bienen liefern Bio-Honig aus Bedburg-Hau"},"content":{"rendered":"\n<p><strong>Kreis Kleve\/ Bedburg-Hau. <\/strong>So flei\u00dfig wie hier wird vielleicht sonst nirgendwo im Kreis Kleve gearbeitet. Gesch\u00e4tzt eine Million Bienen sammeln derzeit t\u00e4glich rund um die Bio-Imkerei \u201eBienenk\u00f6nig Niederrhein\u201c in Bedburg-Hau Pollen und Nektar und liefern Imker Timo Weitz damit die Grundlage f\u00fcr seinen leckeren Bio-Honig und viele weitere Produkte. Die Wirtschaftsf\u00f6rderung Kreis Kleve war dort zum Abschluss ihrer \u201eSommertour 2024\u201c unter dem Motto \u201eKulinarische Reise \u2013 Eine Genusswoche im Kreis Kleve\u201c zu Gast und traf auf einen engagierten jungen Imker, der sein Hobby mit viel Leidenschaft betreibt.<\/p>\n\n\n\n<p>In Bedburg-Hau-Schneppenbaum an der Uedemer Stra\u00dfe 204 bezog Weitz Ende 2023 eine Katstelle, die ihm mit ihren umliegenden Weiden und Feldern beste Voraussetzungen f\u00fcr die Imkerei liefert, die er seit sechs Jahren betriebt. Dort baute er seinen Bestand an Bienenv\u00f6lkern von sechs auf 22 aus und kreierte mit \u201eBienenk\u00f6nig Niederrhein\u201c eine eigene Marke, unter der er seinen Bio-Honig vertreibt. Dabei produziert er nicht etwa bestimmte Sorten wie Raps- oder Linden-Honig, sondern vielmehr eine Fr\u00fch- und eine Sommer-Tracht. Die Bienen sammeln den Pollen und Nektar, der in der Umgebung vorkommt. \u201eUnsere Fr\u00fchtrachthonige sind gepr\u00e4gt von der Obstbl\u00fcte lokaler Fallobstwiesen und Rapsfeldern. Die Sommertrachthonige hingegen sind w\u00fcrzig, und in manchen Jahren enth\u00e4lt dieser auch Teile von Honigtau. Die Sommertrachthonig gibt es bei uns in cremig und fl\u00fcssig. Auf Vorbestellung bieten wir auch Wabenhonig in St\u00fccken oder in ganzen Waben an\u201c, erl\u00e4uterte Weitz den G\u00e4sten der Sommertour.<\/p>\n\n\n\n<p>Kreativit\u00e4t beweist der junge Imker, der hauptberuflich einen Schamotte-Handel betreibt, bei der Zusammenstellung seiner Honig-Kreationen. Im Produkt-Portfolio befinden sich Ingwer im Honig, aber auch Kurkuma, Sanddorn, Spirulina, Green Matcha, Chili oder Zimt. Ein Beststeller ist das \u201eHonigb\u00e4rchenglas\u201c mit der Sommertracht. \u201eViele Ideen schlummern noch in unserer Ideenkiste. Wir sind auch immer f\u00fcr neue Ideen und Honigkreationen aufgeschlossen\u201c, betonte Weitz.<\/p>\n\n\n\n<p>Doch der \u201eBienenk\u00f6nig Niederrhein\u201c produziert nicht nur Honig, sondern noch viele weitere Imkerei-Erzeugnisse. Dazu geh\u00f6rt etwa Bienenwachs, das in kleinen Dosen angeboten wird. Propolis gel\u00f6st in Alkohol bietet Weitz als Tinktur an. Seine Bienenwachskerzen bestehen aus Naturwabenbau aus der Imkerei in Bedburg-Hau. Bienenwachst\u00fccher, Bl\u00fctenpollen, Honigseife und lokales Bienenbrot, auch Perga genannt, erg\u00e4nzen die Produktpalette. &nbsp;<\/p>\n\n\n\n<p>Die Honig-Kreationen vom \u201eBienenk\u00f6nig Niederrhein\u201c und viele Imkerei-Erzeugnisse gibt es \u2013 je nach Verf\u00fcgbarkeit \u2013 aus dem \u201eHonigschrank\u201c vor Ort, der t\u00e4glich von Sonnenaufgang bis Sonnenuntergang bef\u00fcllt ist. Bezahlt werden kann in bar oder digital. Aber auch im Ladenlokal von \u201eSchauplatz\u201c in Kevelaer, auf dem \u201eNaturhof\u201c Kevelaer, im \u201eH\u00fcdderather Hofladen\u201c, in lokalen Edeka-M\u00e4rkten sowie im Biomarkt in Kleve sind die \u201eBienenk\u00f6nig\u201c-Produkte zu erwerben.<\/p>\n\n\n\n<p>Sowohl Brigitte Jansen, Gesch\u00e4ftsf\u00fchrerin der Wirtschaftsf\u00f6rderung Kreis Kleve, als auch Stephan Reinders, B\u00fcrgermeister der Gemeinde Bedburg-Hau, zeigten sich beim Sommertour-Besuch begeistert von der einzigartigen Bio-Imkerei. \u201eDie von Ihnen hergestellten Produkte sind ebenso vielf\u00e4ltig wie besonders. Man merkt Ihnen die Leidenschaft an, mit der Sie imkern\u201c, wandte sich Jansen an Timo Weitz. B\u00fcrgermeister Reinders \u00e4u\u00dferte seine Freude dar\u00fcber, dass der \u201eBienenk\u00f6nig Niederrhein\u201c in Bedburg-Hau heimisch geworden ist und dort mit seiner Bio-Imkerei nicht zuletzt auch einen wertvollen Beitrag zur Artenvielfalt und zum Umweltschutz liefert. \u201eUnsere kulinarische Reise im Rahmen der Sommertour 2024 hat gezeigt, dass im Kreis Kleve einzigarte Genussprodukte entstehen, die es Wert sind, entdeckt zu werden\u201c, res\u00fcmierte Jansen zum Abschluss.<\/p>\n\n\n\n<p>Quelle: <a href=\"http:\/\/www.wfg-kreis-kleve.de\">WFG Kreis Kleve<\/a><\/p>\n\n\n<figure class=\"wp-block-post-featured-image\"><img loading=\"lazy\" decoding=\"async\" width=\"2311\" height=\"1500\" src=\"https:\/\/standort-niederrhein.de\/wp-content\/uploads\/2024\/07\/Bienenkoenig1_PI.jpg\" class=\"attachment-post-thumbnail size-post-thumbnail wp-post-image\" alt=\"\" style=\"object-fit:cover;\" srcset=\"https:\/\/standort-niederrhein.de\/wp-content\/uploads\/2024\/07\/Bienenkoenig1_PI.jpg 2311w, https:\/\/standort-niederrhein.de\/wp-content\/uploads\/2024\/07\/Bienenkoenig1_PI-1280x831.jpg 1280w, https:\/\/standort-niederrhein.de\/wp-content\/uploads\/2024\/07\/Bienenkoenig1_PI-980x636.jpg 980w, https:\/\/standort-niederrhein.de\/wp-content\/uploads\/2024\/07\/Bienenkoenig1_PI-480x312.jpg 480w\" sizes=\"(min-width: 0px) and (max-width: 480px) 480px, (min-width: 481px) and (max-width: 980px) 980px, (min-width: 981px) and (max-width: 1280px) 1280px, (min-width: 1281px) 2311px, 100vw\" \/><\/figure>\n\n\n<p>Von links:\u00a0 Fabienne van Lier und Brigitte Jansen (Wirtschaftsf\u00f6rderung Kreis Kleve), Stephan\u00a0Reinders <strong>(<\/strong>B\u00fcrgermeister Gemeinde Bedburg-Hau), Marc Cattelaens (Wirtschaftsf\u00f6rderung Kreis Kleve), Irina Schultz (Wirtschaftsf\u00f6rderung Kreis Kleve) und Imker Timo Weitz beim Sommertour-Besuch. | Foto: WFG Kreis Kleve<\/p>\n","protected":false},"excerpt":{"rendered":"<p>Kreis Kleve\/ Bedburg-Hau. So flei\u00dfig wie hier wird vielleicht sonst nirgendwo im Kreis Kleve gearbeitet. Gesch\u00e4tzt eine Million Bienen sammeln derzeit t\u00e4glich rund um die Bio-Imkerei \u201eBienenk\u00f6nig Niederrhein\u201c in Bedburg-Hau Pollen und Nektar und liefern Imker Timo Weitz damit die Grundlage f\u00fcr seinen leckeren Bio-Honig und viele weitere Produkte. Die Wirtschaftsf\u00f6rderung Kreis Kleve war dort [&hellip;]<\/p>\n","protected":false},"author":3,"featured_media":4622,"comment_status":"closed","ping_status":"closed","sticky":false,"template":"","format":"standard","meta":{"_et_pb_use_builder":"","_et_pb_old_content":"","_et_gb_content_width":"","footnotes":""},"categories":[1],"tags":[],"class_list":["post-4621","post","type-post","status-publish","format-standard","has-post-thumbnail","hentry","category-allgemein"],"_links":{"self":[{"href":"https:\/\/standort-niederrhein.de\/en\/wp-json\/wp\/v2\/posts\/4621","targetHints":{"allow":["GET"]}}],"collection":[{"href":"https:\/\/standort-niederrhein.de\/en\/wp-json\/wp\/v2\/posts"}],"about":[{"href":"https:\/\/standort-niederrhein.de\/en\/wp-json\/wp\/v2\/types\/post"}],"author":[{"embeddable":true,"href":"https:\/\/standort-niederrhein.de\/en\/wp-json\/wp\/v2\/users\/3"}],"replies":[{"embeddable":true,"href":"https:\/\/standort-niederrhein.de\/en\/wp-json\/wp\/v2\/comments?post=4621"}],"version-history":[{"count":1,"href":"https:\/\/standort-niederrhein.de\/en\/wp-json\/wp\/v2\/posts\/4621\/revisions"}],"predecessor-version":[{"id":4623,"href":"https:\/\/standort-niederrhein.de\/en\/wp-json\/wp\/v2\/posts\/4621\/revisions\/4623"}],"wp:featuredmedia":[{"embeddable":true,"href":"https:\/\/standort-niederrhein.de\/en\/wp-json\/wp\/v2\/media\/4622"}],"wp:attachment":[{"href":"https:\/\/standort-niederrhein.de\/en\/wp-json\/wp\/v2\/media?parent=4621"}],"wp:term":[{"taxonomy":"category","embeddable":true,"href":"https:\/\/standort-niederrhein.de\/en\/wp-json\/wp\/v2\/categories?post=4621"},{"taxonomy":"post_tag","embeddable":true,"href":"https:\/\/standort-niederrhein.de\/en\/wp-json\/wp\/v2\/tags?post=4621"}],"curies":[{"name":"wp","href":"https:\/\/api.w.org\/{rel}","templated":true}]}}