{"id":4608,"date":"2024-07-21T06:00:00","date_gmt":"2024-07-21T04:00:00","guid":{"rendered":"https:\/\/invest-in-niederrhein.de\/?p=4608"},"modified":"2024-07-18T07:24:21","modified_gmt":"2024-07-18T05:24:21","slug":"oberbuergermeister-frank-meyer-besucht-haendler-in-der-innenstadt","status":"publish","type":"post","link":"https:\/\/standort-niederrhein.de\/en\/2024\/07\/21\/oberbuergermeister-frank-meyer-besucht-haendler-in-der-innenstadt\/","title":{"rendered":"Oberb\u00fcrgermeister Frank Meyer besucht H\u00e4ndler in der Innenstadt"},"content":{"rendered":"\n<p><strong>Krefeld. <\/strong>Bei einem Rundgang durch die Krefelder Innenstadt hat sich Oberb\u00fcrgermeister Frank Meyer ein pers\u00f6nliches Bild von der Lage des Einzelhandels im Stadtzentrum verschafft. Im Gespr\u00e4ch mit H\u00e4ndlern, Angestellten und Filialisten ging es um aktuelle Herausforderungen und m\u00f6gliche Impulse f\u00fcr eine st\u00e4rkere<br>Kundenfrequenz. \u201eWir wissen um die Schwierigkeiten des station\u00e4ren Handels und kennen die Zahlen zu Umsatzr\u00fcckg\u00e4ngen und zur Abwanderung ins Internet. Aber mich interessiert auch die konkrete Perspektive der Betroffenen\u201c, sagt Frank Meyer, der zudem regelm\u00e4\u00dfig am Zukunftsdialog Innenstadt teilnimmt. \u201eSolche Runden sind das eine, doch der Besuch im Gesch\u00e4ftsalltag und das pers\u00f6nliche Gespr\u00e4ch bieten noch mal eine andere Chance, Themen zu vertiefen.\u201c<\/p>\n\n\n\n<p>In Begleitung von Innenstadtkoordinator Thomas Brocker besuchte Frank Meyer die Gesch\u00e4fte Schinke Couture, Stelkes Str\u00fcmpfe, Dessous Moden Heinen und C&amp;A. Nahezu einhellig berichteten die H\u00e4ndler von einer deutlich sp\u00fcrbaren Kaufzur\u00fcckhaltung. Gleichzeitig wurden die Aktivit\u00e4ten der Stadt Krefeld und<br>privater Initiativen wie \u201eE\u00e4te Drenke Danze\u201c gelobt, mit Hilfe von Veranstaltungen einen st\u00e4rkeren Fokus auf die Innenstadt zu richten. Die Idee, im leerstehenden Kaufhof- oder Primark-Geb\u00e4ude k\u00fcnftig die Volkshochschule unterzubringen, stie\u00df ebenfalls auf Anklang. Dadurch und durch weitere Neuansiedlungen wie das \u201eLog in\u201c und das \u201eEt Br\u00f6ckske\u201c erhofft man sich mehr Frequenz \u2013 wenngleich die Bauphasen nat\u00fcrlich eine zus\u00e4tzliche Belastung f\u00fcr den Handel mit sich bringen.<\/p>\n\n\n\n<p>Positive R\u00fcckmeldungen gab es auch zu den mobilen Gr\u00fcnelementen und Sitzb\u00e4nken zur Versch\u00f6nerung des Stadtbildes sowie zur Reinigung durch die GSAK. Thema in den Gespr\u00e4chen war zudem die Sozial- und Ordnungspolitik mit einer st\u00e4rkeren Pr\u00e4senz des Kommunalen Ordnungsdienstes (KOD), der Einrichtung des Drogenhilfezentrums und der Vertreibung der Drogenszene vom Theaterplatz. Klares Feedback hier: Aggressives Betteln, Alkohol und Drogenkonsum sind nicht g\u00e4nzlich aus der Innenstadt verschwunden, aber vielerorts wird eine Verbesserung der Situation wahrgenommen.<\/p>\n\n\n\n<p><strong>Positive Entwicklungen in der Innenstadt sind erkennbar<\/strong><br>\u201eIch freue mich, dass unsere Anstrengungen zur St\u00e4rkung der Innenstadt gesehen und wertgesch\u00e4tzt werden\u201c, sagt Frank Meyer. \u201eAber umgekehrt bin ich auch beeindruckt, mit welcher Professionalit\u00e4t und Leidenschaft viele H\u00e4ndler um Kunden werben und um ihr Gesch\u00e4ft k\u00e4mpfen. Da sehe ich trotz schwieriger gesellschaftlicher Rahmenbedingungen ein enormes Potenzial, das wir f\u00fcr unsere Innenstadt noch st\u00e4rker zur Geltung bringen m\u00fcssen.\u201c So seien das individuelle Angebot, die intensive Beratung und die pers\u00f6nliche Atmosph\u00e4re klare St\u00e4rken des Krefelder Einzelhandels: \u201eDa kann der reine Onlinehandel nicht mithalten.\u201c<\/p>\n\n\n\n<p>In den Gespr\u00e4chen wurde deutlich, dass neben den zahlreichen Schwierigkeiten auch positive Entwicklungen zu erkennen sind, die Hoffnung machen. So gebe es zuletzt verst\u00e4rkt j\u00fcngere Krefelder, die mit frischen Ideen eigene Ladenlokale nachfragen. Dazu tragen auch Programme wie \u201ePlatz f\u00fcr deine Visionen\u201c bei, mit<br>denen leerstehende Gesch\u00e4ftsr\u00e4ume neu vermietet werden. Als Standortvorteil der Krefelder Innenstadt gilt auch die relativ hohe Zahl an Parkh\u00e4usern und verf\u00fcgbaren Stellpl\u00e4tzen. Handlungsbedarf wird zum Teil beim \u00f6ffentlichen Nahverkehr und bei der Aufenthaltsqualit\u00e4t gesehen. So w\u00fcnschen sich die H\u00e4ndler mehr hochwertige Gastronomie und Tische im Au\u00dfenbereich. Doch auch in diesem Punkt hat es zuletzt positive Entwicklungen gegeben, etwa auf dem Platz an der Alten Kirche oder auf dem Joseph-Beuys-Platz.<\/p>\n\n\n\n<p>Quelle: <a href=\"http:\/\/www.krefeld.de\">Stadt Krefeld<\/a><\/p>\n\n\n<figure class=\"wp-block-post-featured-image\"><img loading=\"lazy\" decoding=\"async\" width=\"1200\" height=\"675\" src=\"https:\/\/standort-niederrhein.de\/wp-content\/uploads\/2024\/07\/innenstadtrundgang-haendler-ob-1200.jpg\" class=\"attachment-post-thumbnail size-post-thumbnail wp-post-image\" alt=\"\" style=\"object-fit:cover;\" srcset=\"https:\/\/standort-niederrhein.de\/wp-content\/uploads\/2024\/07\/innenstadtrundgang-haendler-ob-1200.jpg 1200w, https:\/\/standort-niederrhein.de\/wp-content\/uploads\/2024\/07\/innenstadtrundgang-haendler-ob-1200-980x551.jpg 980w, https:\/\/standort-niederrhein.de\/wp-content\/uploads\/2024\/07\/innenstadtrundgang-haendler-ob-1200-480x270.jpg 480w\" sizes=\"(min-width: 0px) and (max-width: 480px) 480px, (min-width: 481px) and (max-width: 980px) 980px, (min-width: 981px) 1200px, 100vw\" \/><\/figure>\n\n\n<p>Beim Rundgang durch die Innenstadt traf Oberb\u00fcrgermeister Frank Meyer mehrere Einzelh\u00e4ndler zum Gespr\u00e4ch unter anderem Dessous Moden Heinen (mit Michaela Heinen, l., und Lidia Fruk. | Foto: Stadt Krefeld, Presse und Kommunikation, Andreas Bischof<\/p>\n","protected":false},"excerpt":{"rendered":"<p>Krefeld. Bei einem Rundgang durch die Krefelder Innenstadt hat sich Oberb\u00fcrgermeister Frank Meyer ein pers\u00f6nliches Bild von der Lage des Einzelhandels im Stadtzentrum verschafft. Im Gespr\u00e4ch mit H\u00e4ndlern, Angestellten und Filialisten ging es um aktuelle Herausforderungen und m\u00f6gliche Impulse f\u00fcr eine st\u00e4rkereKundenfrequenz. \u201eWir wissen um die Schwierigkeiten des station\u00e4ren Handels und kennen die Zahlen zu [&hellip;]<\/p>\n","protected":false},"author":3,"featured_media":4609,"comment_status":"closed","ping_status":"closed","sticky":false,"template":"","format":"standard","meta":{"_et_pb_use_builder":"","_et_pb_old_content":"","_et_gb_content_width":"","footnotes":""},"categories":[1],"tags":[],"class_list":["post-4608","post","type-post","status-publish","format-standard","has-post-thumbnail","hentry","category-allgemein"],"_links":{"self":[{"href":"https:\/\/standort-niederrhein.de\/en\/wp-json\/wp\/v2\/posts\/4608","targetHints":{"allow":["GET"]}}],"collection":[{"href":"https:\/\/standort-niederrhein.de\/en\/wp-json\/wp\/v2\/posts"}],"about":[{"href":"https:\/\/standort-niederrhein.de\/en\/wp-json\/wp\/v2\/types\/post"}],"author":[{"embeddable":true,"href":"https:\/\/standort-niederrhein.de\/en\/wp-json\/wp\/v2\/users\/3"}],"replies":[{"embeddable":true,"href":"https:\/\/standort-niederrhein.de\/en\/wp-json\/wp\/v2\/comments?post=4608"}],"version-history":[{"count":1,"href":"https:\/\/standort-niederrhein.de\/en\/wp-json\/wp\/v2\/posts\/4608\/revisions"}],"predecessor-version":[{"id":4610,"href":"https:\/\/standort-niederrhein.de\/en\/wp-json\/wp\/v2\/posts\/4608\/revisions\/4610"}],"wp:featuredmedia":[{"embeddable":true,"href":"https:\/\/standort-niederrhein.de\/en\/wp-json\/wp\/v2\/media\/4609"}],"wp:attachment":[{"href":"https:\/\/standort-niederrhein.de\/en\/wp-json\/wp\/v2\/media?parent=4608"}],"wp:term":[{"taxonomy":"category","embeddable":true,"href":"https:\/\/standort-niederrhein.de\/en\/wp-json\/wp\/v2\/categories?post=4608"},{"taxonomy":"post_tag","embeddable":true,"href":"https:\/\/standort-niederrhein.de\/en\/wp-json\/wp\/v2\/tags?post=4608"}],"curies":[{"name":"wp","href":"https:\/\/api.w.org\/{rel}","templated":true}]}}