{"id":4595,"date":"2024-07-19T06:00:00","date_gmt":"2024-07-19T04:00:00","guid":{"rendered":"https:\/\/invest-in-niederrhein.de\/?p=4595"},"modified":"2024-07-17T12:07:27","modified_gmt":"2024-07-17T10:07:27","slug":"der-erste-weinhof-vom-niederrhein","status":"publish","type":"post","link":"https:\/\/standort-niederrhein.de\/en\/2024\/07\/19\/der-erste-weinhof-vom-niederrhein\/","title":{"rendered":"Der erste Weinhof vom Niederrhein\u00a0"},"content":{"rendered":"\n<p><strong>Kreis Kleve\/ Geldern \u2013 Kerken. <\/strong>Die Karte der Weinanbaugebiete in Deutschland wurde neu geschrieben. Nicht nur in Rheinhessen, in der Pfalz und im Moseltal ranken sich Reben an den St\u00f6cken empor, auch im Gelderland wachsen und gedeihen inzwischen Weintrauben. Winzer Gianluca Antoniazzi keltert sie in Kerken und vertreibt den Wein anschlie\u00dfend in seinem Weinhandel Viniazzi in Geldern-Pont sowie im Online-Shop. Die Wirtschaftsf\u00f6rderung Kreis Kleve besuchte Antoniazzi nun in seinem Weinkeller auf dem Hof von Johannes Deselaers in Kerken. Anlass war die Sommertour 2024, die unter dem Motto \u201eKulinarische Reise \u2013 Eine Genusswoche im Kreis Kleve\u201c steht.<\/p>\n\n\n\n<p>Die Delegation rund um Brigitte Jansen, Gesch\u00e4ftsf\u00fchrerin der Wirtschaftsf\u00f6rderung Kreis Kleve, war beeindruckt von der Leidenschaft, mit der der junge Winzer im Kreis Kleve Wein produziert. \u201eSie machen etwas au\u00dfergew\u00f6hnliches \u2013 und das mit Erfolg: Vergangenes Jahr konnten Sie den ersten Ertrag ernten und ihren Erstlings-Jahrgang pr\u00e4sentieren\u201c, sagte Jansen. Auch B\u00e4rbel Wolters, stellvertretende B\u00fcrgermeisterin der Stadt Geldern, Renate F\u00fcrtjes, stellvertretende B\u00fcrgermeisterin der Gemeinde Kerken, und Nicole Thissen, Wirtschaftsf\u00f6rderin der Gemeinde Kerken, hatten viel Lob f\u00fcr den Winzer im Gep\u00e4ck. Mit Recht: Antoniazzi hat es in wenigen Jahren geschafft, den ersten Weinhof am Niederrhein zu etablieren.<\/p>\n\n\n\n<p>\u201eIm elterlichen Restaurant All\u00b4Arco kam ich schon fr\u00fch mit der Materie Wein in Ber\u00fchrung. Hinzu kam meine Leidenschaft f\u00fcr die Natur, die Freude am Kontakt und Austausch mit Menschen sowie der Wunsch, etwas mit den eigenen H\u00e4nden zu erschaffen\u201c, blickt der junge Gelderner zur\u00fcck. &nbsp;Schon 2018, zwei Jahre bevor er seinen Weinhandel er\u00f6ffnete, beantragte Antoniazzi offiziell, Reben in seiner Heimat anpflanzen zu d\u00fcrfen. Nachdem er Brief und Siegel in H\u00e4nden hielt, legte er 2021 direkt mit dem Weinanbau los. 2023 kamen die ersten 5.000 Flaschen seines selbst produzierten Rebsafts der Marke \u201eWeinhof Viniazzi\u201c in die Regale seiner Weinhandlung. \u201eDie B\u00f6den hier bieten sehr gute Voraussetzungen f\u00fcr den Weinanbau und das Klima wird auch immer w\u00e4rmer, was dem Wein nat\u00fcrlich entgegenkommt\u201c, sagt Antoniazzi.<\/p>\n\n\n\n<p>In diesem Jahr richtete er seinen eigenen Weinkeller auf dem Hof von Deselaers in Kerken ein; das erm\u00f6glicht ihm, die Produktion deutlich auszuweiten. 20.000 Liter fassen die Edelstahl-Tanks, Antoniazzi rechnet in diesem Jahr mit einem Ertrag von 10.000 bis 12.000 Litern, was rund 15.000 Flaschen Wein entspricht. Anfang Oktober kommt zun\u00e4chst Antoniazzis Federwei\u00dfer in seine Weinhandlung, zwei bis drei Monate sp\u00e4ter der Wein des Jahrgangs 2024. \u201eWir haben uns f\u00fcr f\u00fcnf verschiedene Rebsorten entschieden, darunter sind drei Wei\u00dfweinsorten mit Muscaris, Johanniter und Riesel, sowie zwei Rotweinsorten mit Cabaret Noir und Satin Noir. Sekt soll im kommenden Jahr hinzukommen\u201c, erl\u00e4uterte der Winzer den G\u00e4sten bei der Sommertour.<\/p>\n\n\n\n<p>Schon jetzt sei der Weinhof von Viniazzi mit seinen dreieinhalb Hektar der drittgr\u00f6\u00dfte in NRW, so Antoniazzi. Doch er hat noch viel vor. \u201eWir wollen Weinanbauregion werden und uns daf\u00fcr mit Landwirten, die auch Weinanbauer werden wollen, zusammenschlie\u00dfen\u201c, berichtete Antoniazzi. Sobald man f\u00fcnf Jahre in Folge einen Ertrag vorweisen k\u00f6nne, sollte es dann auch m\u00f6glich sein, die Regionsbezeichnung \u201eNiederrhein\u201c vorne aufs Etikett zu bringen, so der ausgebildete Winzer weiter. Mittelfristig will der studierte Oenologe die Produktion auf 40.000 Liter Wein ausbauen, gut vorstellen kann er sich ein eigenes klassisches Weingut mit angeschlossenen Ferienwohnungen.<\/p>\n\n\n\n<p>Auch wenn es viel Freude bereitet, das Ergebnis in Flaschen abgef\u00fcllt zu sehen &#8211; der Weinanbau ist harte Arbeit. Gut, dass Gianluca Antoniazzi die Unterst\u00fctzung seiner ganzen Familie sicher ist. Selbst die zweij\u00e4hrige Tochter brachte sich bereits ein: Sie malte das Etikett, das die Flaschen mit dem lokalen Wein ziert.<\/p>\n\n\n\n<p>Das Team der Wirtschaftsf\u00f6rderung Kreis Kleve und alle G\u00e4ste der Sommertour w\u00fcnschten dem Winzer weiter viel Erfolg und sind zuversichtlich, dass man k\u00fcnftig noch viel Gutes vom \u201eWein vom Niederrhein\u201c h\u00f6ren wird.<\/p>\n\n\n\n<p>Quelle: <a href=\"http:\/\/www.wfg-kreis-kleve.de\">WFG Kreis Kleve<\/a><\/p>\n\n\n<figure class=\"wp-block-post-featured-image\"><img loading=\"lazy\" decoding=\"async\" width=\"2227\" height=\"1500\" src=\"https:\/\/standort-niederrhein.de\/wp-content\/uploads\/2024\/07\/Viniazzi_PI.jpg\" class=\"attachment-post-thumbnail size-post-thumbnail wp-post-image\" alt=\"\" style=\"object-fit:cover;\" srcset=\"https:\/\/standort-niederrhein.de\/wp-content\/uploads\/2024\/07\/Viniazzi_PI.jpg 2227w, https:\/\/standort-niederrhein.de\/wp-content\/uploads\/2024\/07\/Viniazzi_PI-1280x862.jpg 1280w, https:\/\/standort-niederrhein.de\/wp-content\/uploads\/2024\/07\/Viniazzi_PI-980x660.jpg 980w, https:\/\/standort-niederrhein.de\/wp-content\/uploads\/2024\/07\/Viniazzi_PI-480x323.jpg 480w\" sizes=\"(min-width: 0px) and (max-width: 480px) 480px, (min-width: 481px) and (max-width: 980px) 980px, (min-width: 981px) and (max-width: 1280px) 1280px, (min-width: 1281px) 2227px, 100vw\" \/><\/figure>\n\n\n<p>Von links: Fabienne van Lier und Marc Cattelaens (Wirtschaftsf\u00f6rderung Kreis Kleve), Winzer Gianluca Antoniazzi, Renate F\u00fcrtjes (stellvertretende B\u00fcrgermeisterin Gemeinde Kerken), Brigitte Jansen (Gesch\u00e4ftsf\u00fchrerin Wirtschaftsf\u00f6rderung Kreis Kleve), B\u00e4rbel Wolters (stellvertretende B\u00fcrgermeisterin Stadt Geldern), und Nicole Thissen (Wirtschaftsf\u00f6rderin Gemeinde Kerken) im Weinkeller in Kerken. | Foto: WFG Kreis Kleve<\/p>\n","protected":false},"excerpt":{"rendered":"<p>Kreis Kleve\/ Geldern \u2013 Kerken. Die Karte der Weinanbaugebiete in Deutschland wurde neu geschrieben. Nicht nur in Rheinhessen, in der Pfalz und im Moseltal ranken sich Reben an den St\u00f6cken empor, auch im Gelderland wachsen und gedeihen inzwischen Weintrauben. Winzer Gianluca Antoniazzi keltert sie in Kerken und vertreibt den Wein anschlie\u00dfend in seinem Weinhandel Viniazzi [&hellip;]<\/p>\n","protected":false},"author":3,"featured_media":4596,"comment_status":"closed","ping_status":"closed","sticky":false,"template":"","format":"standard","meta":{"_et_pb_use_builder":"","_et_pb_old_content":"","_et_gb_content_width":"","footnotes":""},"categories":[1],"tags":[],"class_list":["post-4595","post","type-post","status-publish","format-standard","has-post-thumbnail","hentry","category-allgemein"],"_links":{"self":[{"href":"https:\/\/standort-niederrhein.de\/en\/wp-json\/wp\/v2\/posts\/4595","targetHints":{"allow":["GET"]}}],"collection":[{"href":"https:\/\/standort-niederrhein.de\/en\/wp-json\/wp\/v2\/posts"}],"about":[{"href":"https:\/\/standort-niederrhein.de\/en\/wp-json\/wp\/v2\/types\/post"}],"author":[{"embeddable":true,"href":"https:\/\/standort-niederrhein.de\/en\/wp-json\/wp\/v2\/users\/3"}],"replies":[{"embeddable":true,"href":"https:\/\/standort-niederrhein.de\/en\/wp-json\/wp\/v2\/comments?post=4595"}],"version-history":[{"count":4,"href":"https:\/\/standort-niederrhein.de\/en\/wp-json\/wp\/v2\/posts\/4595\/revisions"}],"predecessor-version":[{"id":4604,"href":"https:\/\/standort-niederrhein.de\/en\/wp-json\/wp\/v2\/posts\/4595\/revisions\/4604"}],"wp:featuredmedia":[{"embeddable":true,"href":"https:\/\/standort-niederrhein.de\/en\/wp-json\/wp\/v2\/media\/4596"}],"wp:attachment":[{"href":"https:\/\/standort-niederrhein.de\/en\/wp-json\/wp\/v2\/media?parent=4595"}],"wp:term":[{"taxonomy":"category","embeddable":true,"href":"https:\/\/standort-niederrhein.de\/en\/wp-json\/wp\/v2\/categories?post=4595"},{"taxonomy":"post_tag","embeddable":true,"href":"https:\/\/standort-niederrhein.de\/en\/wp-json\/wp\/v2\/tags?post=4595"}],"curies":[{"name":"wp","href":"https:\/\/api.w.org\/{rel}","templated":true}]}}