{"id":4591,"date":"2024-07-17T06:00:00","date_gmt":"2024-07-17T04:00:00","guid":{"rendered":"https:\/\/invest-in-niederrhein.de\/?p=4591"},"modified":"2024-07-16T07:50:10","modified_gmt":"2024-07-16T05:50:10","slug":"ausstellung-am-fachbereich-design","status":"publish","type":"post","link":"https:\/\/standort-niederrhein.de\/en\/2024\/07\/17\/ausstellung-am-fachbereich-design\/","title":{"rendered":"Ausstellung am Fachbereich Design"},"content":{"rendered":"\n<p><strong>Krefeld. <\/strong>Seit 120 Jahren werden am Fachbereich Design der Hochschule Niederrhein Studierende ausgebildet. Viele kennen den Fachbereich noch unter den Namen der Vorg\u00e4ngerinstitutionen \u2013 zum Beispiel als Werkkunstschule, die an Petersstra\u00dfe beheimatet war. Das gro\u00dfe Jubil\u00e4um feiert die Hochschule jetzt mit einem umfangreichen Programm.<\/p>\n\n\n\n<p>Zum Auftakt startet der Fachbereich am Campus Krefeld West (Flur auf der 1. Etage, Geb\u00e4ude N) am Frankenring 20 mit der am vergangenen Freitag offiziell er\u00f6ffneten Ausstellung \u201eKOMM KOMM KOMM\u201c, die einen Ausschnitt aus dem umfangreichen digitalen Archiv zeigt.<\/p>\n\n\n\n<p>Dieses umfasst Projekte, die der Fachbereich Design mit, in oder \u00fcber die Stadt Krefeld durchgef\u00fchrt hat \u2013 geb\u00fcndelt auf einer eigenen Website. Der Titel \u201eKOMM KOMM KOMM\u201c deutet auf den Dreiklang hin, den Hochschulen als \u201edritte Mission\u201c bezeichnen \u2013 die Ankn\u00fcpfung von Forschung und Lehre an die Gesellschaft.<\/p>\n\n\n\n<p>Das Archiv wurde erstmals 2023 anl\u00e4sslich des Stadtjubil\u00e4ums \u201e650 Jahre Krefeld\u201c vorgestellt. Es beinhaltet mittlerweile mehr als 70 Projekte. Exemplarisch k\u00f6nnen Besucher:innen jetzt 24 davon in der Ausstellung entdecken \u2013 und zwar bis Ende des Jahres. \u00d6ffnungszeiten: Montag bis Freitag von 9 bis 19 Uhr. Der Eintritt ist frei.<\/p>\n\n\n\n<p>Die angehenden Kommunikationsdesigner:innen Samuel Heinbach, Katharina Heyer und Pauline Vor wurden im Rahmen eines Projektkurses von Prof. Nora Gummert-Hauser und Dipl.-Des. Jens K\u00f6nen bei der Entwicklung der Ausstellung begleitet.<\/p>\n\n\n\n<p>\u201eWir freuen uns, dass wir mit dem Archiv einen Ort geschaffen haben, an dem sichtbar wird, wie sich der Fachbereich Design in den letzten Jahrzehnten in die Stadtentwicklung eingebracht hat. Zum einen durch ganz konkrete Projekte mit der Stadt Krefeld und ihren Akteur:innen. Aber auch Ausstellungen am Fachbereich, in den Krefelder Museen, im Kunstverein oder in der Pf\u00f6rtnerloge, Mitmach-Aktionen, Projekt- und Abschlussarbeiten der Studierenden sowie Diskussions- und Vortragsformate f\u00fcr alle Krefelder:innen geh\u00f6rten dazu\u201c, sagt Prof. Nora Gummert-Hauser.<\/p>\n\n\n\n<p>Quelle: <a href=\"http:\/\/www.hs-niederrhein.de\">Hochschule Niederrhein<\/a><\/p>\n\n\n<figure class=\"wp-block-post-featured-image\"><img loading=\"lazy\" decoding=\"async\" width=\"2560\" height=\"1119\" src=\"https:\/\/standort-niederrhein.de\/wp-content\/uploads\/2024\/07\/Bild3-scaled.jpg\" class=\"attachment-post-thumbnail size-post-thumbnail wp-post-image\" alt=\"\" style=\"object-fit:cover;\" srcset=\"https:\/\/standort-niederrhein.de\/wp-content\/uploads\/2024\/07\/Bild3-scaled.jpg 2560w, https:\/\/standort-niederrhein.de\/wp-content\/uploads\/2024\/07\/Bild3-1280x560.jpg 1280w, https:\/\/standort-niederrhein.de\/wp-content\/uploads\/2024\/07\/Bild3-980x428.jpg 980w, https:\/\/standort-niederrhein.de\/wp-content\/uploads\/2024\/07\/Bild3-480x210.jpg 480w\" sizes=\"(min-width: 0px) and (max-width: 480px) 480px, (min-width: 481px) and (max-width: 980px) 980px, (min-width: 981px) and (max-width: 1280px) 1280px, (min-width: 1281px) 2560px, 100vw\" \/><\/figure>\n\n\n<p>Bis Dezember 2024 ist die Ausstellung \u201eKOMM KOMM KOMM\u201c am Campus Krefeld West f\u00fcr die \u00d6ffentlichkeit zug\u00e4nglich. | Fotos: Hochschule Niederrhein<\/p>\n","protected":false},"excerpt":{"rendered":"<p>Krefeld. Seit 120 Jahren werden am Fachbereich Design der Hochschule Niederrhein Studierende ausgebildet. Viele kennen den Fachbereich noch unter den Namen der Vorg\u00e4ngerinstitutionen \u2013 zum Beispiel als Werkkunstschule, die an Petersstra\u00dfe beheimatet war. Das gro\u00dfe Jubil\u00e4um feiert die Hochschule jetzt mit einem umfangreichen Programm. Zum Auftakt startet der Fachbereich am Campus Krefeld West (Flur auf [&hellip;]<\/p>\n","protected":false},"author":3,"featured_media":4592,"comment_status":"closed","ping_status":"closed","sticky":false,"template":"","format":"standard","meta":{"_et_pb_use_builder":"","_et_pb_old_content":"","_et_gb_content_width":"","footnotes":""},"categories":[1],"tags":[],"class_list":["post-4591","post","type-post","status-publish","format-standard","has-post-thumbnail","hentry","category-allgemein"],"_links":{"self":[{"href":"https:\/\/standort-niederrhein.de\/en\/wp-json\/wp\/v2\/posts\/4591","targetHints":{"allow":["GET"]}}],"collection":[{"href":"https:\/\/standort-niederrhein.de\/en\/wp-json\/wp\/v2\/posts"}],"about":[{"href":"https:\/\/standort-niederrhein.de\/en\/wp-json\/wp\/v2\/types\/post"}],"author":[{"embeddable":true,"href":"https:\/\/standort-niederrhein.de\/en\/wp-json\/wp\/v2\/users\/3"}],"replies":[{"embeddable":true,"href":"https:\/\/standort-niederrhein.de\/en\/wp-json\/wp\/v2\/comments?post=4591"}],"version-history":[{"count":1,"href":"https:\/\/standort-niederrhein.de\/en\/wp-json\/wp\/v2\/posts\/4591\/revisions"}],"predecessor-version":[{"id":4593,"href":"https:\/\/standort-niederrhein.de\/en\/wp-json\/wp\/v2\/posts\/4591\/revisions\/4593"}],"wp:featuredmedia":[{"embeddable":true,"href":"https:\/\/standort-niederrhein.de\/en\/wp-json\/wp\/v2\/media\/4592"}],"wp:attachment":[{"href":"https:\/\/standort-niederrhein.de\/en\/wp-json\/wp\/v2\/media?parent=4591"}],"wp:term":[{"taxonomy":"category","embeddable":true,"href":"https:\/\/standort-niederrhein.de\/en\/wp-json\/wp\/v2\/categories?post=4591"},{"taxonomy":"post_tag","embeddable":true,"href":"https:\/\/standort-niederrhein.de\/en\/wp-json\/wp\/v2\/tags?post=4591"}],"curies":[{"name":"wp","href":"https:\/\/api.w.org\/{rel}","templated":true}]}}