{"id":4588,"date":"2024-07-18T06:00:00","date_gmt":"2024-07-18T04:00:00","guid":{"rendered":"https:\/\/invest-in-niederrhein.de\/?p=4588"},"modified":"2024-07-15T10:22:34","modified_gmt":"2024-07-15T08:22:34","slug":"drei-brueder-brennen-fuer-den-niederrhein","status":"publish","type":"post","link":"https:\/\/standort-niederrhein.de\/en\/2024\/07\/18\/drei-brueder-brennen-fuer-den-niederrhein\/","title":{"rendered":"Drei Br\u00fcder brennen f\u00fcr den Niederrhein"},"content":{"rendered":"\n<p><strong>Kreis Kleve\/ Kerken. <\/strong>Diese drei Br\u00fcder sind im Geiste vereint: \u00a0Lars, Timo und Ole Looschelders &#8211; und das im wahrsten Wortsinne: BR\u00dcDERGEIST hei\u00dft ihre Brennerei, in der sie Spirituosen mit viel Heimatliebe herstellen. In Kerken waren die Looschelders-Br\u00fcder nun Gastgeber beim zweiten Teil der \u201eSommertour\u201c der Wirtschaftsf\u00f6rderung Kreis Kleve, die in diesem Jahr unter dem Motto \u201eKulinarische Reise \u2013 Genusswoche im Kreis Kleve\u201c steht. Auch Kerkens B\u00fcrgermeister Dirk M\u00f6cking und Wirtschaftsf\u00f6rderin Nicole Thissen lie\u00dfen sich von den drei Gr\u00fcndern ihre noch junge Erfolgsgeschichte erz\u00e4hlen. \u00a0<\/p>\n\n\n\n<p>Diese nahm ihren Anfang 2019, als die drei Br\u00fcder beschlossen, die Grundlagen f\u00fcr ihr eigenes Unternehmen zu schaffen. Weil die drei an der Fontys Universit\u00e4t in Venlo ausgebildeten Betriebswerte sehr heimatverbunden sind, war f\u00fcr sie von Beginn an klar, dass sie ein Produkt kreieren wollen, das am Niederrhein Tradition hat. &nbsp;\u201eSo sind wir auf Korn gekommen. Allein in Kerken gab es vor 80 Jahren noch bis zu 15 registrierte Brennereien\u201c, berichtete Lars Looschelders beim Sommertour-Besuch. \u201eAber es musste ein milder Korn sein, der auch bei Raumtemperatur schmeckt\u201c, sagte der Gesch\u00e4ftsf\u00fchrer von \u201eBr\u00fcdergeist\u201c.<\/p>\n\n\n\n<p>Nach einer Experimentier- und Verk\u00f6stigungsphase mit Familie und Freunden sind schlie\u00dflich die ersten Produkte BR\u00dcDERGEIST milder Korn und Tante Dele entstanden. Der milde Korn lagert sechs Monate in F\u00e4ssern aus Limousin-Eiche und ist \u2013 der Name sagt es \u2013 sehr mild im Geschmack. Tante Dele ist ein niederrheinischer Holunderbeeren-Lik\u00f6r. \u201eDieser basiert auf einem alten Familienrezept f\u00fcr einen Lik\u00f6r, der traditionell auf dem Sch\u00fctzenfest in unserem Dorf ausgeschenkt wird. Wir verbinden damit viele tolle Erinnerungen\u201c, sagt Timo Looschelders. Mit der Zeit kamen diverse Kreationen hinzu, etwa die \u201eLovecrafter\u201c-Spirituosen. Dabei wird der BR\u00dcDERGEIST-Korn mit heimischen Fr\u00fcchten wie Himbeere, Johannisbeere und Quitte nat\u00fcrlich aromatisiert. &nbsp;<\/p>\n\n\n\n<p>Nachdem \u00fcber den BR\u00dcDERGEIST-Online-Shop immer mehr Bestellungen eintrafen, im Mai 2021 die ersten Produkte ausgeliefert wurden und sich der Erfolg der Kerkener Br\u00fcder schnell herumsprach, wurden auch der Lebensmitteleinzelhandel auf BR\u00dcDERGEIST aufmerksam. Mittlerweile sind deren Spirituosen in hunderten Superm\u00e4rkten erh\u00e4ltlich, k\u00f6nnen aber auch in der Kerkener Brennerei an der H\u00fclser Stra\u00dfe 54 erworben werden. Ihr Distributionsnetz wollen die Looschelders-Br\u00fcder weiter ausbauen, und nehmen dabei auch die Gastronomie in den Blick. Zahlreiche Merchandising-Produkte sollen helfen, BR\u00dcDERGEIST als Marke vom Niederrhein noch bekannter zu machen.<\/p>\n\n\n\n<p>In ihrer Destille wollen die drei Br\u00fcder k\u00fcnftig noch weitere, neue Spirituosen brennen. Die BR\u00dcDERGEIST- und Lovecrafter-Spirituosen, die in der Regel als Longdrink genossen werden, k\u00f6nnen auch in der Kerkener Brennerei im Rahmen von regelm\u00e4\u00dfig stattfindenden Tastings verk\u00f6stigt werden.<\/p>\n\n\n\n<p>Kreis-Wirtschaftsf\u00f6rderin Brigitte Jansen war begeistert von der Kreativit\u00e4t, vom Handwerk und vom Engagement der Looschelders-Br\u00fcder. \u201eDie Tatsache, dass sie \u00fcber sehr viele Kooperationspartner in der Region verf\u00fcgen, zeigt einmal mehr, dass die Unternehmen im Kreis Kleve Hand in Hand arbeiten. Und \u00fcber Sie kann man v\u00f6llig zu Recht sagen: Sie brennen f\u00fcr den Niederrhein\u201c, wandte sich Jansen zum Abschluss des Sommertour-Besuchs an die drei Jungunternehmer von BR\u00dcDERGEIST. Auch B\u00fcrgermeister Dirk M\u00f6cking ist \u00fcberzeugt: \u201eWir haben hier mit Br\u00fcdergeist in Kerken eine echte ,Perle\u2018 und im Kreis Kleve viele einzigartige kulinarische Produkte, die es zu entdecken lohnt.\u201c<\/p>\n\n\n\n<p>Quelle: <a href=\"http:\/\/www.wfg-kreis-kleve.de\">WFG Kreis Kleve<\/a><\/p>\n\n\n<figure class=\"wp-block-post-featured-image\"><img loading=\"lazy\" decoding=\"async\" width=\"2488\" height=\"1500\" src=\"https:\/\/standort-niederrhein.de\/wp-content\/uploads\/2024\/07\/SommertourBruedergeist_PI1.jpg\" class=\"attachment-post-thumbnail size-post-thumbnail wp-post-image\" alt=\"\" style=\"object-fit:cover;\" srcset=\"https:\/\/standort-niederrhein.de\/wp-content\/uploads\/2024\/07\/SommertourBruedergeist_PI1.jpg 2488w, https:\/\/standort-niederrhein.de\/wp-content\/uploads\/2024\/07\/SommertourBruedergeist_PI1-1280x772.jpg 1280w, https:\/\/standort-niederrhein.de\/wp-content\/uploads\/2024\/07\/SommertourBruedergeist_PI1-980x591.jpg 980w, https:\/\/standort-niederrhein.de\/wp-content\/uploads\/2024\/07\/SommertourBruedergeist_PI1-480x289.jpg 480w\" sizes=\"(min-width: 0px) and (max-width: 480px) 480px, (min-width: 481px) and (max-width: 980px) 980px, (min-width: 981px) and (max-width: 1280px) 1280px, (min-width: 1281px) 2488px, 100vw\" \/><\/figure>\n\n\n<p>Von links: Dirk M\u00f6cking (B\u00fcrgermeister Gemeinde Kerken), Nils K\u00f6ster (Wirtschaftsf\u00f6rderung Kreis Kleve), Nicole Thissen (Wirtschaftsf\u00f6rderin Gemeinde Kerken), Marc Cattelaens, Fabienne van Lier und Brigitte Jansen (Wirtschaftsf\u00f6rderung Kreis Kleve) mit Timo, Ole und Lars Looschelders beim Unternehmensbesuch in der Kerkener Brennerei. | Foto: WFG Kreis Kleve<\/p>\n","protected":false},"excerpt":{"rendered":"<p>Kreis Kleve\/ Kerken. Diese drei Br\u00fcder sind im Geiste vereint: \u00a0Lars, Timo und Ole Looschelders &#8211; und das im wahrsten Wortsinne: BR\u00dcDERGEIST hei\u00dft ihre Brennerei, in der sie Spirituosen mit viel Heimatliebe herstellen. In Kerken waren die Looschelders-Br\u00fcder nun Gastgeber beim zweiten Teil der \u201eSommertour\u201c der Wirtschaftsf\u00f6rderung Kreis Kleve, die in diesem Jahr unter dem [&hellip;]<\/p>\n","protected":false},"author":3,"featured_media":4589,"comment_status":"closed","ping_status":"closed","sticky":false,"template":"","format":"standard","meta":{"_et_pb_use_builder":"","_et_pb_old_content":"","_et_gb_content_width":"","footnotes":""},"categories":[1],"tags":[],"class_list":["post-4588","post","type-post","status-publish","format-standard","has-post-thumbnail","hentry","category-allgemein"],"_links":{"self":[{"href":"https:\/\/standort-niederrhein.de\/en\/wp-json\/wp\/v2\/posts\/4588","targetHints":{"allow":["GET"]}}],"collection":[{"href":"https:\/\/standort-niederrhein.de\/en\/wp-json\/wp\/v2\/posts"}],"about":[{"href":"https:\/\/standort-niederrhein.de\/en\/wp-json\/wp\/v2\/types\/post"}],"author":[{"embeddable":true,"href":"https:\/\/standort-niederrhein.de\/en\/wp-json\/wp\/v2\/users\/3"}],"replies":[{"embeddable":true,"href":"https:\/\/standort-niederrhein.de\/en\/wp-json\/wp\/v2\/comments?post=4588"}],"version-history":[{"count":1,"href":"https:\/\/standort-niederrhein.de\/en\/wp-json\/wp\/v2\/posts\/4588\/revisions"}],"predecessor-version":[{"id":4590,"href":"https:\/\/standort-niederrhein.de\/en\/wp-json\/wp\/v2\/posts\/4588\/revisions\/4590"}],"wp:featuredmedia":[{"embeddable":true,"href":"https:\/\/standort-niederrhein.de\/en\/wp-json\/wp\/v2\/media\/4589"}],"wp:attachment":[{"href":"https:\/\/standort-niederrhein.de\/en\/wp-json\/wp\/v2\/media?parent=4588"}],"wp:term":[{"taxonomy":"category","embeddable":true,"href":"https:\/\/standort-niederrhein.de\/en\/wp-json\/wp\/v2\/categories?post=4588"},{"taxonomy":"post_tag","embeddable":true,"href":"https:\/\/standort-niederrhein.de\/en\/wp-json\/wp\/v2\/tags?post=4588"}],"curies":[{"name":"wp","href":"https:\/\/api.w.org\/{rel}","templated":true}]}}