{"id":4556,"date":"2024-07-12T07:00:00","date_gmt":"2024-07-12T05:00:00","guid":{"rendered":"https:\/\/invest-in-niederrhein.de\/?p=4556"},"modified":"2024-07-11T10:01:01","modified_gmt":"2024-07-11T08:01:01","slug":"esg-kann-eine-chance-fuer-unternehmen-sein","status":"publish","type":"post","link":"https:\/\/standort-niederrhein.de\/en\/2024\/07\/12\/esg-kann-eine-chance-fuer-unternehmen-sein\/","title":{"rendered":"ESG kann eine Chance f\u00fcr Unternehmen sein"},"content":{"rendered":"\n<p><strong>Kreis Kleve\/ Emmerich am Rhein. <\/strong>Das Wort allein ist schon ein Unget\u00fcm und auch die inhaltliche Auseinandersetzung mit dem Lieferkettensorgfaltspflichtengesetz stellt viele Unternehmerinnen und Unternehmer vor Herausforderungen. Warum es sich trotzdem lohnen kann, sich m\u00f6glichst fr\u00fchzeitig mit dem Thema ESG-Reporting zu besch\u00e4ftigen, erl\u00e4uterten Expertinnen und Experten nun auf Einladung der Wirtschaftsf\u00f6rderung Kreis Kleve. Die dritte der von den Volksbanken und Sparkassen im Kreis Kleve gef\u00f6rderten ESG-Veranstaltung, dieses Mal im PAN Kunstforum in Emmerich am Rhein, stie\u00df erneut auf gro\u00dfes Interesse bei Unternehmerinnen und Unternehmern.<\/p>\n\n\n\n<p>Nach der Begr\u00fc\u00dfung durch Brigitte Jansen, die Gesch\u00e4ftsf\u00fchrerin der Wirtschaftsf\u00f6rderung Kreis Kleve, lieferte Dr. Benedikt R\u00f6sen, Innovationsmanager bei der Kreis-WfG, einen kurzen R\u00fcckblick auf die vorausgegangenen beiden Veranstaltungen.<\/p>\n\n\n\n<p>Die nunmehr dritte ESG-Veranstaltung nahm das Lieferkettengesetz in den Fokus. Und mit diesem kennt sich Prof. Dr. habil. Lisa Fr\u00f6hlich als Gr\u00fcnderin des ISPIRA &#8211; Think Tank f\u00fcr nachhaltige Lieferketten sowie langj\u00e4hrige Pr\u00e4sidentin der CBS International Business School bestens aus. In ihrem Vortrag erl\u00e4uterte sie den G\u00e4sten, weshalb das Gesetz f\u00fcr Unternehmen vielmehr eine Chance als ein Kostentreiber sein kann. Ihre Empfehlung lautetet: Vor allem beim Einkauf sollten Firmen ein Bewusstsein entwickeln f\u00fcr die Vorteile nachhaltiger Lieferketten und die Produktbeschaffung entsprechend strategisch angehen. Beim ESG-Reporting gelte es, alle Mitarbeitenden mit ins Boot zu nehmen, \u201edas kann ein Nachhaltigkeitsmanager nicht allein machen\u201c, so Prof. Fr\u00f6hlich. Die Berichtspflicht eben auch ein Hilfsmittel, ein ad\u00e4quates Risikomanagement aufzubauen.<\/p>\n\n\n\n<p>Wie Nachhaltigkeit in der Praxis umgesetzt und entsprechend dokumentiert wird, erl\u00e4uterten Constanze Drescher von der Dr. M\u00fcller, Hufschmidt Steuerberatungsgesellschaft mbH aus Straelen sowie Stefan Ingenhaag und Lena Arretz von der M\u00fchlhoff Umformtechnik GmbH aus Uedem. Bei der Dr. M\u00fcller, Hufschmidt Steuerberatungsgesellschaft mbH sind es viele kleine Ma\u00dfnahmen, die in Summe helfen, Energie und Ressourcen einzusparen sowie Mitarbeitende zu binden und neue Fachkr\u00e4fte zu gewinnen. Das Unternehmen betreibt unter anderem eine gro\u00dfe Solaranlage mit einem Ladepark f\u00fcr E-Autos, wickelt die meisten Vorg\u00e4nge papierlos ab, umgibt sich mit einer \u00f6kologisch wertvollen Ganzjahresgartenanlage und engagiert sich im Umwelt- und Naturschutz. Zur Unternehmenskultur geh\u00f6ren aber auch soziales Engagement.<\/p>\n\n\n\n<p>Die M\u00fchlhoff Umformtechnik GmbH bindet die gesamten 360 Mitarbeiterinnen und Mitarbeiter ins Thema ESG-Reporting ein. Mit Erfolg: \u201eViele Daten und viel Wissen liegen schon vor\u201c, res\u00fcmierte Lena Arretz, die bei M\u00fchlhoff ein sechsmonatiges Praxissemester absolviert. Ihr Fazit: \u201eDas Lieferkettensorgfaltspflichtengesetz l\u00e4sst sich auch gut intern, also ohne externe Berater, umsetzen. K\u00fcnftig m\u00f6chte der Automobilzulieferer bei der ESG-Berichterstattung vermehrt k\u00fcnstliche Intelligenz zum Einsatz bringen. Au\u00dferdem sollen Daten automatisch erfasst, statt manuell in Listen eingetragen werden. Prokurist Stefan Ingenhaag riet den G\u00e4sten im PAN Kunstforum, sich fr\u00fchzeitig mit dem Thema ESG zu besch\u00e4ftigen und sich dabei auch mit anderen Firmen in der Region inhaltlich auszutauschen.<\/p>\n\n\n\n<p>Bei der abschlie\u00dfenden Podiumsdiskussion wurde nochmals deutlich, dass das Lieferkettensorgfaltspflichtengesetz eine Chance bietet, Risiken in der Lieferkette zu minimieren sowie in Nachhaltigkeit und Automatisierungsprozesse zu investieren. Dadurch k\u00f6nnen Unternehmen Kosten einsparen und sich weiter erfolgreich am Markt positionieren.<\/p>\n\n\n\n<p>Quelle: <a href=\"http:\/\/www.wfg-kreis-kleve.de\">WFG Kreis Kleve<\/a><\/p>\n\n\n<figure class=\"wp-block-post-featured-image\"><img loading=\"lazy\" decoding=\"async\" width=\"2560\" height=\"1581\" src=\"https:\/\/standort-niederrhein.de\/wp-content\/uploads\/2024\/07\/Foto-Referenten-3.-ESG-03072024_Zuschnitt-scaled.jpg\" class=\"attachment-post-thumbnail size-post-thumbnail wp-post-image\" alt=\"\" style=\"object-fit:cover;\" srcset=\"https:\/\/standort-niederrhein.de\/wp-content\/uploads\/2024\/07\/Foto-Referenten-3.-ESG-03072024_Zuschnitt-scaled.jpg 2560w, https:\/\/standort-niederrhein.de\/wp-content\/uploads\/2024\/07\/Foto-Referenten-3.-ESG-03072024_Zuschnitt-1280x791.jpg 1280w, https:\/\/standort-niederrhein.de\/wp-content\/uploads\/2024\/07\/Foto-Referenten-3.-ESG-03072024_Zuschnitt-980x605.jpg 980w, https:\/\/standort-niederrhein.de\/wp-content\/uploads\/2024\/07\/Foto-Referenten-3.-ESG-03072024_Zuschnitt-480x296.jpg 480w\" sizes=\"(min-width: 0px) and (max-width: 480px) 480px, (min-width: 481px) and (max-width: 980px) 980px, (min-width: 981px) and (max-width: 1280px) 1280px, (min-width: 1281px) 2560px, 100vw\" \/><\/figure>\n\n\n<p>Von links: Stefan Ingenhaag und Lena Arretz von der M\u00fchlhoff Umformtechnik GmbH, Simon Kawaters und Constanze Drescher von der Dr. M\u00fcller, Hufschmidt Steuerberatungsgesellschaft mbH, Fabienne van Lier, Brigitte Jansen, Dr. Benedikt R\u00f6sen und Marc Cattelaens von der Wirtschaftsf\u00f6rderung Kreis Kleve sowie Prof. Dr. habil. Lisa Fr\u00f6hlich von ISPIRA &#8211; Think Tank f\u00fcr nachhaltige Lieferketten. | Foto: WFG Kreis Kelve<\/p>\n","protected":false},"excerpt":{"rendered":"<p>Kreis Kleve\/ Emmerich am Rhein. Das Wort allein ist schon ein Unget\u00fcm und auch die inhaltliche Auseinandersetzung mit dem Lieferkettensorgfaltspflichtengesetz stellt viele Unternehmerinnen und Unternehmer vor Herausforderungen. Warum es sich trotzdem lohnen kann, sich m\u00f6glichst fr\u00fchzeitig mit dem Thema ESG-Reporting zu besch\u00e4ftigen, erl\u00e4uterten Expertinnen und Experten nun auf Einladung der Wirtschaftsf\u00f6rderung Kreis Kleve. Die dritte [&hellip;]<\/p>\n","protected":false},"author":3,"featured_media":4557,"comment_status":"closed","ping_status":"closed","sticky":false,"template":"","format":"standard","meta":{"_et_pb_use_builder":"","_et_pb_old_content":"","_et_gb_content_width":"","footnotes":""},"categories":[1],"tags":[],"class_list":["post-4556","post","type-post","status-publish","format-standard","has-post-thumbnail","hentry","category-allgemein"],"_links":{"self":[{"href":"https:\/\/standort-niederrhein.de\/en\/wp-json\/wp\/v2\/posts\/4556","targetHints":{"allow":["GET"]}}],"collection":[{"href":"https:\/\/standort-niederrhein.de\/en\/wp-json\/wp\/v2\/posts"}],"about":[{"href":"https:\/\/standort-niederrhein.de\/en\/wp-json\/wp\/v2\/types\/post"}],"author":[{"embeddable":true,"href":"https:\/\/standort-niederrhein.de\/en\/wp-json\/wp\/v2\/users\/3"}],"replies":[{"embeddable":true,"href":"https:\/\/standort-niederrhein.de\/en\/wp-json\/wp\/v2\/comments?post=4556"}],"version-history":[{"count":1,"href":"https:\/\/standort-niederrhein.de\/en\/wp-json\/wp\/v2\/posts\/4556\/revisions"}],"predecessor-version":[{"id":4558,"href":"https:\/\/standort-niederrhein.de\/en\/wp-json\/wp\/v2\/posts\/4556\/revisions\/4558"}],"wp:featuredmedia":[{"embeddable":true,"href":"https:\/\/standort-niederrhein.de\/en\/wp-json\/wp\/v2\/media\/4557"}],"wp:attachment":[{"href":"https:\/\/standort-niederrhein.de\/en\/wp-json\/wp\/v2\/media?parent=4556"}],"wp:term":[{"taxonomy":"category","embeddable":true,"href":"https:\/\/standort-niederrhein.de\/en\/wp-json\/wp\/v2\/categories?post=4556"},{"taxonomy":"post_tag","embeddable":true,"href":"https:\/\/standort-niederrhein.de\/en\/wp-json\/wp\/v2\/tags?post=4556"}],"curies":[{"name":"wp","href":"https:\/\/api.w.org\/{rel}","templated":true}]}}