{"id":4536,"date":"2024-07-11T07:00:00","date_gmt":"2024-07-11T05:00:00","guid":{"rendered":"https:\/\/invest-in-niederrhein.de\/?p=4536"},"modified":"2024-07-10T09:30:07","modified_gmt":"2024-07-10T07:30:07","slug":"regierungspraesident-begruesst-sorgsame-und-umsichtige-haushaltswirtschaft-des-kreises","status":"publish","type":"post","link":"https:\/\/standort-niederrhein.de\/en\/2024\/07\/11\/regierungspraesident-begruesst-sorgsame-und-umsichtige-haushaltswirtschaft-des-kreises\/","title":{"rendered":"Regierungspr\u00e4sident begr\u00fc\u00dft sorgsame und umsichtige Haushaltswirtschaft des Kreises"},"content":{"rendered":"\n<p><strong>Rhein-Kreis Neuss. <\/strong>Regierungspr\u00e4sident Thomas Sch\u00fcrmann hat heute gr\u00fcnes Licht f\u00fcr den Haushalt des Rhein-Kreises Neuss f\u00fcr das Jahr 2024 mit der H\u00f6he der allgemeinen Kreisumlage sowie der Umlagen f\u00fcr das Jugendamt und die Kreismusikschule gegeben. In seiner Haushaltsverf\u00fcgung begr\u00fc\u00dft er, dass Politik und Verwaltung im Rhein-Kreis Neuss an der sorgsamen und umsichtigen Haushaltswirtschaft festhalten und hierbei die Interessen der kreisangeh\u00f6rigen Gemeinden einbeziehen. Besonders hebt er dabei die Inanspruchnahme der Ausgleichsr\u00fccklage hervor, mit dem der Kreis die Belastung der Kommunen vor dem Hintergrund der angespannten Haushaltslage der St\u00e4dte und Gemeinden reduziert. Die immer weiter steigenden Aufwendungen und der gleichzeitig hohe Investitionsbedarf in die kommunale Infrastruktur w\u00fcrden aber auch eine enorme Herausforderung verdeutlichen.<\/p>\n\n\n\n<p>\u201eIch freue mich \u00fcber die Best\u00e4tigung unserer sorgsamen Haushaltspolitik und die hiermit verbundene W\u00fcrdigung unserer Unterst\u00fctzung der Kommunen durch die Entnahme aus der Ausgleichsr\u00fccklage\u201c, ordnet Landrat Hans-J\u00fcrgen Petrauschke die positive Nachricht aus D\u00fcsseldorf ein. Mit der nun vorliegenden Verf\u00fcgung k\u00f6nne nun die Umsetzung der vielf\u00e4ltigen Projekte, f\u00fcr die im Haushalt Mittel zur Verf\u00fcgung gestellt wurden, starten. \u201eDie Kreisverwaltung wird alles daran setzen, weiter optimale Rahmenbedingungen f\u00fcr eine positive Entwicklung der Wirtschaft zu schaffen. Dies erm\u00f6glicht uns die umfangreichen Leistungen f\u00fcr Soziales, was den gr\u00f6\u00dften Teil des Haushaltes ausmacht, aber auch Klimaschutz oder Jugend- und Kulturf\u00f6rderung\u201c, so Petrauschke.<\/p>\n\n\n\n<p>Der Kreistag hat den Haushalt f\u00fcr das Jahr 2024 mit einem Gesamtvolumen von 651,1 Millionen Euro in seiner Sitzung am 20. M\u00e4rz mit gro\u00dfer Mehrheit verabschiedet. Der Hebesatz der Kreisumlage wurde auf 32,2 Prozentpunkte festgelegt. Seit der Einf\u00fchrung des Neuen Kommunalen Finanzmanagements war er nur in 2023 (31,5 Prozentpunkte) und 2022 (32,0 Prozentpunkte) niedriger. Alleine die Aufwendungen f\u00fcr die Landschaftsumlage und Sozialhilfe liegen mit 361,7 Millionen Euro deutlich \u00fcber den Ertr\u00e4gen aus der Kreisumlage (275,9 Millionen Euro) und Schl\u00fcsselzuweisungen (58,9 Millionen Euro).<\/p>\n\n\n\n<p>Quelle: <a href=\"http:\/\/www.rhein-kreis-neuss.de\">Rhein-Kreis Neuss<\/a><\/p>\n","protected":false},"excerpt":{"rendered":"<p>Rhein-Kreis Neuss. Regierungspr\u00e4sident Thomas Sch\u00fcrmann hat heute gr\u00fcnes Licht f\u00fcr den Haushalt des Rhein-Kreises Neuss f\u00fcr das Jahr 2024 mit der H\u00f6he der allgemeinen Kreisumlage sowie der Umlagen f\u00fcr das Jugendamt und die Kreismusikschule gegeben. In seiner Haushaltsverf\u00fcgung begr\u00fc\u00dft er, dass Politik und Verwaltung im Rhein-Kreis Neuss an der sorgsamen und umsichtigen Haushaltswirtschaft festhalten und [&hellip;]<\/p>\n","protected":false},"author":3,"featured_media":0,"comment_status":"closed","ping_status":"closed","sticky":false,"template":"","format":"standard","meta":{"_et_pb_use_builder":"","_et_pb_old_content":"","_et_gb_content_width":"","footnotes":""},"categories":[1],"tags":[],"class_list":["post-4536","post","type-post","status-publish","format-standard","hentry","category-allgemein"],"_links":{"self":[{"href":"https:\/\/standort-niederrhein.de\/en\/wp-json\/wp\/v2\/posts\/4536","targetHints":{"allow":["GET"]}}],"collection":[{"href":"https:\/\/standort-niederrhein.de\/en\/wp-json\/wp\/v2\/posts"}],"about":[{"href":"https:\/\/standort-niederrhein.de\/en\/wp-json\/wp\/v2\/types\/post"}],"author":[{"embeddable":true,"href":"https:\/\/standort-niederrhein.de\/en\/wp-json\/wp\/v2\/users\/3"}],"replies":[{"embeddable":true,"href":"https:\/\/standort-niederrhein.de\/en\/wp-json\/wp\/v2\/comments?post=4536"}],"version-history":[{"count":1,"href":"https:\/\/standort-niederrhein.de\/en\/wp-json\/wp\/v2\/posts\/4536\/revisions"}],"predecessor-version":[{"id":4537,"href":"https:\/\/standort-niederrhein.de\/en\/wp-json\/wp\/v2\/posts\/4536\/revisions\/4537"}],"wp:attachment":[{"href":"https:\/\/standort-niederrhein.de\/en\/wp-json\/wp\/v2\/media?parent=4536"}],"wp:term":[{"taxonomy":"category","embeddable":true,"href":"https:\/\/standort-niederrhein.de\/en\/wp-json\/wp\/v2\/categories?post=4536"},{"taxonomy":"post_tag","embeddable":true,"href":"https:\/\/standort-niederrhein.de\/en\/wp-json\/wp\/v2\/tags?post=4536"}],"curies":[{"name":"wp","href":"https:\/\/api.w.org\/{rel}","templated":true}]}}