{"id":4534,"date":"2024-07-11T06:00:00","date_gmt":"2024-07-11T04:00:00","guid":{"rendered":"https:\/\/invest-in-niederrhein.de\/?p=4534"},"modified":"2024-07-10T09:28:14","modified_gmt":"2024-07-10T07:28:14","slug":"gruenes-licht-fuer-staedtischen-haushalt-2024-2025","status":"publish","type":"post","link":"https:\/\/standort-niederrhein.de\/en\/2024\/07\/11\/gruenes-licht-fuer-staedtischen-haushalt-2024-2025\/","title":{"rendered":"Gr\u00fcnes Licht f\u00fcr st\u00e4dtischen Haushalt 2024\/2025"},"content":{"rendered":"\n<p><strong>Krefeld.<\/strong> \u201eGr\u00fcnes Licht\u201c f\u00fcr ihren Doppelhaushalt 2024\/2025 hat die Stadt Krefeld von der Kommunalaufsicht aus D\u00fcsseldorf bekommen. Durch die von Regierungspr\u00e4sident Thomas Sch\u00fcrmann unterzeichnete Verf\u00fcgung kann die Haushaltssatzung im Amtsblatt der Stadt Krefeld offiziell bekanntgemacht werden und am Dienstag, 9. Juli, in Kraft treten. Oberb\u00fcrgermeister Frank Meyer erkl\u00e4rt dazu: \u201eWir freuen uns, dass unsere Haushaltsplanung durch die Bezirksregierung in der Form best\u00e4tigt wird. So k\u00f6nnen nun neue Investitionsvorhaben, die aufgrund der vorl\u00e4ufigen Haushaltsf\u00fchrung zur\u00fcckgestellt werden mussten, zeitnah begonnen werden. Wichtig ist aus meiner Sicht auch insbesondere, dass die Zusch\u00fcsse f\u00fcr freie Tr\u00e4ger in voller H\u00f6he ausgezahlt werden k\u00f6nnen.\u201c<\/p>\n\n\n\n<p>Trotz externer finanzieller Einfl\u00fcsse durch die Inflation und die Tarifsteigerungen ist es der Stadt gelungen, ihren Haushalt auszugleichen. Die im Haushaltsplan der Stadt f\u00fcr die Jahre 2024 und 2025 ausgewiesenen Fehlbetr\u00e4ge von 25,2 Millionen beziehungsweise 46,4 Millionen Euro k\u00f6nnen durch die Ausgleichsr\u00fccklage aufgefangen werden. \u201eHierbei zeigt sich, dass aufgrund der positiven Jahresabschl\u00fcsse der vergangenen Jahre die Ausgleichsr\u00fccklage ausreichend aufgef\u00fcllt werden konnte, um in solchen \u2013 vor\u00fcbergehend schwierigen \u2013 Haushaltslagen handlungsf\u00e4hig zu bleiben\u201c, so Stadtk\u00e4mmer Ulrich Cyprian.<\/p>\n\n\n\n<p>Auch angesichts der \u201efrohen Kunde aus D\u00fcsseldorf\u201c legt der Krefelder Stadtk\u00e4mmerer seinen Fokus aber weiter auf die Stabilisierung des Haushalts: \u201eWir stehen weiterhin vor schwierigen finanziellen Herausforderungen, wie der notwendigen und bisher ausgebliebenen Kostenerstattungen im Zuge der Konnexit\u00e4t durch Bund und Land sowie der Ausbuchung der finanziellen Belastungen aus der Corona-Krise und dem Ukraine-Russland-Konflikt. Auch zuk\u00fcnftig m\u00fcssen wir uns auf eine stringente Haushaltsf\u00fchrung und auf eine Prozess-\/Leistungsoptimierung konzentrieren, um die finanziellen \u201aZ\u00fcgel in der Hand zu halten\u2018. Ziel ist es, auch in den kommenden Jahren ausgeglichene Haushalte vorlegen zu k\u00f6nnen. Nichts desto trotz ist die Botschaft aus D\u00fcsseldorf eine Best\u00e4tigung unseres Handelns. Mein gro\u00dfer Dank gilt insbesondere allen Mitarbeiterinnen und Mitarbeitern in der Verwaltung, die uns tatkr\u00e4ftig bei der Erstellung des Haushaltes unterst\u00fctzt haben sowie den Entscheidungstragenden im Rat f\u00fcr die konstruktiven und guten Haushaltsberatungen.\u201c<\/p>\n\n\n\n<p>Regierungspr\u00e4sident Thomas Sch\u00fcrmann hat in einer Pressemitteilung zum Krefelder Haushalt erkl\u00e4rt: \u201eDie erfreulichen Entwicklungen in Krefeld auf der Ertragsseite k\u00f6nnen die vielf\u00e4ltig auf die Aufwandsseite des Haushalts wirkenden Herausforderungen derzeit nicht vollst\u00e4ndig auffangen. Ich bin aber zuversichtlich, dass es der Stadt auch bei steigenden Aufwendungen und einer Fortsetzung ihrer Investitionst\u00e4tigkeit k\u00fcnftig wieder gelingen wird, einen dauerhaft ausgeglichenen Haushalt zu gew\u00e4hrleisten.\u201c<\/p>\n\n\n\n<p>Quelle: <a href=\"http:\/\/www.krefeld.de\">Stadt Krefeld<\/a><\/p>\n","protected":false},"excerpt":{"rendered":"<p>Krefeld. \u201eGr\u00fcnes Licht\u201c f\u00fcr ihren Doppelhaushalt 2024\/2025 hat die Stadt Krefeld von der Kommunalaufsicht aus D\u00fcsseldorf bekommen. Durch die von Regierungspr\u00e4sident Thomas Sch\u00fcrmann unterzeichnete Verf\u00fcgung kann die Haushaltssatzung im Amtsblatt der Stadt Krefeld offiziell bekanntgemacht werden und am Dienstag, 9. Juli, in Kraft treten. Oberb\u00fcrgermeister Frank Meyer erkl\u00e4rt dazu: \u201eWir freuen uns, dass unsere Haushaltsplanung [&hellip;]<\/p>\n","protected":false},"author":3,"featured_media":0,"comment_status":"closed","ping_status":"closed","sticky":false,"template":"","format":"standard","meta":{"_et_pb_use_builder":"","_et_pb_old_content":"","_et_gb_content_width":"","footnotes":""},"categories":[1],"tags":[],"class_list":["post-4534","post","type-post","status-publish","format-standard","hentry","category-allgemein"],"_links":{"self":[{"href":"https:\/\/standort-niederrhein.de\/en\/wp-json\/wp\/v2\/posts\/4534","targetHints":{"allow":["GET"]}}],"collection":[{"href":"https:\/\/standort-niederrhein.de\/en\/wp-json\/wp\/v2\/posts"}],"about":[{"href":"https:\/\/standort-niederrhein.de\/en\/wp-json\/wp\/v2\/types\/post"}],"author":[{"embeddable":true,"href":"https:\/\/standort-niederrhein.de\/en\/wp-json\/wp\/v2\/users\/3"}],"replies":[{"embeddable":true,"href":"https:\/\/standort-niederrhein.de\/en\/wp-json\/wp\/v2\/comments?post=4534"}],"version-history":[{"count":1,"href":"https:\/\/standort-niederrhein.de\/en\/wp-json\/wp\/v2\/posts\/4534\/revisions"}],"predecessor-version":[{"id":4535,"href":"https:\/\/standort-niederrhein.de\/en\/wp-json\/wp\/v2\/posts\/4534\/revisions\/4535"}],"wp:attachment":[{"href":"https:\/\/standort-niederrhein.de\/en\/wp-json\/wp\/v2\/media?parent=4534"}],"wp:term":[{"taxonomy":"category","embeddable":true,"href":"https:\/\/standort-niederrhein.de\/en\/wp-json\/wp\/v2\/categories?post=4534"},{"taxonomy":"post_tag","embeddable":true,"href":"https:\/\/standort-niederrhein.de\/en\/wp-json\/wp\/v2\/tags?post=4534"}],"curies":[{"name":"wp","href":"https:\/\/api.w.org\/{rel}","templated":true}]}}