{"id":4527,"date":"2024-07-10T06:00:00","date_gmt":"2024-07-10T04:00:00","guid":{"rendered":"https:\/\/invest-in-niederrhein.de\/?p=4527"},"modified":"2024-07-08T08:24:33","modified_gmt":"2024-07-08T06:24:33","slug":"altbauneu-macht-sich-ab-sofort-im-kreis-fuer-energetische-sanierung-von-altbauten-stark","status":"publish","type":"post","link":"https:\/\/standort-niederrhein.de\/en\/2024\/07\/10\/altbauneu-macht-sich-ab-sofort-im-kreis-fuer-energetische-sanierung-von-altbauten-stark\/","title":{"rendered":"ALTBAUNEU macht sich ab sofort im Kreis f\u00fcr energetische Sanierung von Altbauten stark"},"content":{"rendered":"\n<p><strong>Rhein-Kreis Neuss.<\/strong> Der Rhein-Kreis Neuss ist jetzt Mitglied im landesweiten Netzwerk ALT<em>BAU<\/em>NEU. An Rhein, Erft und Gillbach ist der Anteil der Altbauten in Wohnsiedlungen schlie\u00dflich hoch. Eine Vielzahl der H\u00e4user wurden vor 1995 gebaut und damit vor Inkrafttreten der Energiesparverordnung. \u201eW\u00fcrden diese H\u00e4user energetisch saniert, also f\u00fcr die Zukunft fit gemacht, lie\u00dfen sich der Energieverbrauch und damit die Kosten f\u00fcr die Eigent\u00fcmer oftmals halbieren\u201c, so Landrat Hans-J\u00fcrgen Petrauschke.<\/p>\n\n\n\n<p>Die Sanierung des eigenen Hauses ist aber leichter gesagt als getan. Viele Entscheidungen m\u00fcssen getroffen werden, und der k\u00fcnftige Energiestandard ist nur eine davon. Hausbesitzer stehen oftmals vor einem Berg von Fragen und f\u00fchlen sich \u00fcberfordert. ALT<em>BAU<\/em>NEU im Rhein-Kreis Neuss setzt genau dort an und stellt den B\u00fcrgerinnen und B\u00fcrgern allgemeine, aber vor allem auch lokale Informationen rund um die energetische Sanierung ihres Hauses zur Verf\u00fcgung.<\/p>\n\n\n\n<p>Im Blick sind dabei immer auch Themen des Klimaschutzes und der Nachhaltigkeit. \u201eDie Modernisierung und energetische Sanierung eines Geb\u00e4udes \u2013 oft kombiniert mit dem Einsatz erneuerbarer Energiequellen \u2013 ist vorbildliches Engagement im Sinn des Klimaschutzes\u201c, erkl\u00e4rt Kreisdirektor Dirk Br\u00fcgge.<\/p>\n\n\n\n<p>Das Netzwerk ALT<em>BAU<\/em>NEU wird durch die Landesgesellschaft f\u00fcr Energie und Klimaschutz (\u201eNRW.Energy4Climate\u201c) koordiniert und vom Wirtschaftsministerium unterst\u00fctzt. Energetische Sanierung sowie deren F\u00f6rderm\u00f6glichkeiten sind zentrale Themen des Zusammenschlusses. \u201eWir, die lokalen Ansprechpartner von ALT<em>BAU<\/em>NEU, profitieren von der \u00fcberregionalen Netzwerkarbeit. Wir nutzen die M\u00f6glichkeit, Ideen zu teilen und erarbeiten gemeinsam aktuelle Materialien, die wir vor Ort einsetzen k\u00f6nnen\u201c, so Regina Krings, die als Klimaschutzmanagerin beim Rhein-Kreis Neuss Ansprechpartnerin f\u00fcr ALT<em>BAU<\/em>NEU ist. Weitere Informationen rund um das Thema \u201eEnergetische Sanierung\u201c stehen im <a href=\"https:\/\/www.alt-bau-neu.de\/rhein-kreis-neuss\">Internet<\/a>.<\/p>\n\n\n\n<p>Quelle: <a href=\"http:\/\/www.rhein-kreis-neuss.de\">Rhein-Kreis Neuss<\/a><\/p>\n\n\n<figure class=\"wp-block-post-featured-image\"><img loading=\"lazy\" decoding=\"async\" width=\"2560\" height=\"1768\" src=\"https:\/\/standort-niederrhein.de\/wp-content\/uploads\/2024\/07\/2024-06-05-Klimaschutzkonzept-33-scaled.jpg\" class=\"attachment-post-thumbnail size-post-thumbnail wp-post-image\" alt=\"\" style=\"object-fit:cover;\" srcset=\"https:\/\/standort-niederrhein.de\/wp-content\/uploads\/2024\/07\/2024-06-05-Klimaschutzkonzept-33-scaled.jpg 2560w, https:\/\/standort-niederrhein.de\/wp-content\/uploads\/2024\/07\/2024-06-05-Klimaschutzkonzept-33-1280x884.jpg 1280w, https:\/\/standort-niederrhein.de\/wp-content\/uploads\/2024\/07\/2024-06-05-Klimaschutzkonzept-33-980x677.jpg 980w, https:\/\/standort-niederrhein.de\/wp-content\/uploads\/2024\/07\/2024-06-05-Klimaschutzkonzept-33-480x332.jpg 480w\" sizes=\"(min-width: 0px) and (max-width: 480px) 480px, (min-width: 481px) and (max-width: 980px) 980px, (min-width: 981px) and (max-width: 1280px) 1280px, (min-width: 1281px) 2560px, 100vw\" \/><\/figure>\n\n\n<p>Neues Mitglied im Netzwerk ALT<em>BAU<\/em>NEU (von links): Kreisdirektor Dirk Br\u00fcgge, die Klimaschutzmanagerinnen Regina Krings und Ina Grothe sowie Landrat Hans-J\u00fcrgen Petrauschke. | Foto: Rhein-Kreis Neuss<\/p>\n","protected":false},"excerpt":{"rendered":"<p>Rhein-Kreis Neuss. Der Rhein-Kreis Neuss ist jetzt Mitglied im landesweiten Netzwerk ALTBAUNEU. An Rhein, Erft und Gillbach ist der Anteil der Altbauten in Wohnsiedlungen schlie\u00dflich hoch. Eine Vielzahl der H\u00e4user wurden vor 1995 gebaut und damit vor Inkrafttreten der Energiesparverordnung. \u201eW\u00fcrden diese H\u00e4user energetisch saniert, also f\u00fcr die Zukunft fit gemacht, lie\u00dfen sich der Energieverbrauch [&hellip;]<\/p>\n","protected":false},"author":3,"featured_media":4528,"comment_status":"closed","ping_status":"closed","sticky":false,"template":"","format":"standard","meta":{"_et_pb_use_builder":"","_et_pb_old_content":"","_et_gb_content_width":"","footnotes":""},"categories":[1],"tags":[],"class_list":["post-4527","post","type-post","status-publish","format-standard","has-post-thumbnail","hentry","category-allgemein"],"_links":{"self":[{"href":"https:\/\/standort-niederrhein.de\/en\/wp-json\/wp\/v2\/posts\/4527","targetHints":{"allow":["GET"]}}],"collection":[{"href":"https:\/\/standort-niederrhein.de\/en\/wp-json\/wp\/v2\/posts"}],"about":[{"href":"https:\/\/standort-niederrhein.de\/en\/wp-json\/wp\/v2\/types\/post"}],"author":[{"embeddable":true,"href":"https:\/\/standort-niederrhein.de\/en\/wp-json\/wp\/v2\/users\/3"}],"replies":[{"embeddable":true,"href":"https:\/\/standort-niederrhein.de\/en\/wp-json\/wp\/v2\/comments?post=4527"}],"version-history":[{"count":1,"href":"https:\/\/standort-niederrhein.de\/en\/wp-json\/wp\/v2\/posts\/4527\/revisions"}],"predecessor-version":[{"id":4529,"href":"https:\/\/standort-niederrhein.de\/en\/wp-json\/wp\/v2\/posts\/4527\/revisions\/4529"}],"wp:featuredmedia":[{"embeddable":true,"href":"https:\/\/standort-niederrhein.de\/en\/wp-json\/wp\/v2\/media\/4528"}],"wp:attachment":[{"href":"https:\/\/standort-niederrhein.de\/en\/wp-json\/wp\/v2\/media?parent=4527"}],"wp:term":[{"taxonomy":"category","embeddable":true,"href":"https:\/\/standort-niederrhein.de\/en\/wp-json\/wp\/v2\/categories?post=4527"},{"taxonomy":"post_tag","embeddable":true,"href":"https:\/\/standort-niederrhein.de\/en\/wp-json\/wp\/v2\/tags?post=4527"}],"curies":[{"name":"wp","href":"https:\/\/api.w.org\/{rel}","templated":true}]}}