{"id":4504,"date":"2024-07-05T06:00:00","date_gmt":"2024-07-05T04:00:00","guid":{"rendered":"https:\/\/invest-in-niederrhein.de\/?p=4504"},"modified":"2024-07-03T13:46:39","modified_gmt":"2024-07-03T11:46:39","slug":"umgestaltung-lewerentzstrasse-abgeschlossen-projekt-mit-strahlkraft","status":"publish","type":"post","link":"https:\/\/standort-niederrhein.de\/en\/2024\/07\/05\/umgestaltung-lewerentzstrasse-abgeschlossen-projekt-mit-strahlkraft\/","title":{"rendered":"Umgestaltung Lewerentzstra\u00dfe abgeschlossen: Projekt mit Strahlkraft"},"content":{"rendered":"\n<p><strong>Krefeld. <\/strong>Betrachtet man nur den Umfang der Fl\u00e4che, der auf der Lewerentzstra\u00dfe zwischen<br>Ro\u00dfstra\u00dfe und Frankenring nun erfolgreich umgestaltet wurde, k\u00f6nnte der Eindruck einer kleinen Bauma\u00dfnahme entstehen. Die Bedeutung dieser Fl\u00e4che aber ist enorm, denn in einem gro\u00dfen Gemeinschaftsprojekt haben Hochschule Niederrhein, Stadt Krefeld und der Kommunalbetrieb Krefeld (KBK) hier in einem kreativen Prozess einen Ort geschaffen, der nun als multifunktionale Aufenthaltsfl\u00e4che genutzt werden kann. \u201eUrbane R\u00e4ume entstehen dort, wo sich Menschen entscheiden, \u00f6ffentliche R\u00e4ume zu ihrem erweiterten Wohnzimmer zu machen. Sie beginnen dann, den Raum zu gestalten, ihn zu pflegen und ihn durch Eigeninitiative aufzuwerten\u201c, sagt Beatrice Kamper, Leiterin des Fachbereichs Stadt- und Verkehrsplanung. \u201eDie St\u00e4dtebauf\u00f6rderung hat uns erm\u00f6glicht, solche Orte in der s\u00fcdlichen Innenstadt zu entwickeln. Die Umgestaltung der Lewerentzstra\u00dfe ist daf\u00fcr ein tolles Referenzprojekt.\u201c<\/p>\n\n\n\n<p>Die Fl\u00e4che am Ende der Lewerentzstra\u00dfe ist durch den KBK in Teilen entsiegelt und die Gr\u00fcnfl\u00e4chen vom Frankenring fortgesetzt worden. Au\u00dferdem wurden die Container unterflur gesetzt und ein Stromkasten integriert, der die M\u00f6glichkeit schafft, Veranstaltungstechnik anzuschlie\u00dfen. Die Stromversorgung kann von der Hochschule, aber auch von Nachbarschaftsinitiativen genutzt werden. Auch Betonb\u00e4nke wurden aufgestellt und Bodenh\u00fclsen in den Platz integriert. \u201eWir m\u00f6chten die Bodenh\u00fclsen zuk\u00fcnftig vielf\u00e4ltig nutzen und k\u00f6nnten uns zum Beispiel vorstellen, mithilfe der H\u00fclsen-Gegenst\u00fccke eine B\u00fchne aufzubauen, Tische oder auch eine Leinwand\u201c, erkl\u00e4rt Design-Professor Nicolas Beucker von der Hochschule. Dar\u00fcber hinaus wurden Fahrradanlehnb\u00fcgel aufgestellt und Poller gesetzt, die daf\u00fcr sorgen, dass der Platz nicht befahren werden kann. Die B\u00e4ume, die im Rahmen des Bund-L\u00e4nder-Programmes bereits 2010 auf der Lewerentzstra\u00dfe gepflanzt wurden, spenden Schatten und sorgen gleichzeitig f\u00fcr weiteres Gr\u00fcn auf dem Platz. Ein zus\u00e4tzlicher Zaun grenzt den \u00f6ffentlichen Raum von privaten Fl\u00e4chen ab. \u201eAuch hier haben wir verschiedene Ideen \u2013 der Zaun k\u00f6nnte f\u00fcr Open-Air-Galerien genutzt oder im Rahmen der \u201aEssbaren Stadt\u2018 gestaltet werden\u201c, f\u00fchrt Beucker aus. \u201eWir freuen uns, dass nun hier in Zusammenarbeit mit vielen Akteuren ein \u00f6ffentlicher Experimentierraum entstanden ist.\u201c <\/p>\n\n\n\n<p>Der Teil zwischen der Ro\u00dfstra\u00dfe und dem Frankenring wurde vor vielen Jahren als Stra\u00dfe entwidmet und damit zur Sackgasse. \u00dcber die Jahre funktionierten Wildparker den Raum um, er verwahrloste. Als 2014 die S\u00fcdstadt durch die Pl\u00e4ne der Montag-Stiftung und der Stadt Krefeld, die Samtweberei zu einem neuen<br>nachbarschaftlichen Zentrum zu entwickeln, immer weiter in den Blick geriet, erhielt auch der ungenutzte Teil der Lewerentzstra\u00dfe neue Aufmerksamkeit. 2015 initiierte das Kompetenzzentrum \u201eSocial Urban Design\u201c (SOUND) der Hochschule Niederrhein das \u201eStadt.Raum.Festival Viertelpuls\u201c, das in Kooperation mit der<br>Montagstiftung und der Stadt Krefeld in der S\u00fcdstadt durchgef\u00fchrt wurde. Unter anderem wurde w\u00e4hrend des Festivals die ungenutzte Sackgasse bespielt.<\/p>\n\n\n\n<p>\u201eDie Lewerentzstra\u00dfe bildet die Hauptverbindungsachse zwischen dem Fachbereich Design der Hochschule und der Innenstadt\u201c, erkl\u00e4rt Beucker. \u201eW\u00e4hrend wir von der einen Seite mit dem Bau von Bernhard Pfau ein tolles Entree erleben, wirkte das Endst\u00fcck der Lewerentzstra\u00dfe verwahrlost und ungestaltet. Das wollten wir<br>\u00e4ndern.\u201c Kurz vor dem Festival konnte \u00fcber die Privatinitiative einer Eigent\u00fcmerin und einer gelungenen Kooperation zwischen der Hochschule Niederrhein und dem Gestaltungsbeirat, eine gro\u00dfe Hauswand gestaltet werden. Noch heute bringt das \u201eCosmos\u201c-Wandbild des K\u00fcnstlerkollektivs \u201ebetont.es\u201c, ebenfalls ehemals Studierende der Hochschule, Atmosph\u00e4re auf den Platz. Zum Festival installierte die Hochschule au\u00dferdem eine gro\u00dfe Sitzinsel in der Sackgasse und erzielte in Absprache mit der Stadt eine Sperrung der Stra\u00dfe f\u00fcr Fahrzeuge. Die Hochschule nutzte hier ebenfalls den provisorischen Raum f\u00fcr Veranstaltungen.<\/p>\n\n\n\n<p>Mit dem Aufwind aus dem Festival im R\u00fccken f\u00fchrte die Stadt Krefeld anschlie\u00dfend eine Beteiligungswerkstatt an der Hochschule durch. Planungsexperten aus Architektur, Landschaftsplanung und Krefelder Designkollektive erarbeiteten Ideen, die mit der B\u00fcrgerschaft diskutiert wurden. Darauf aufbauend wurden diese durch das Kompetenzzentrum \u201eSound\u201c der Hochschule ausgearbeitet. \u201eEs entstanden zwei Hauptziele: Die Basisqualit\u00e4t als Durchgangsraum herzustellen sowie Aufenthaltsfl\u00e4che f\u00fcr die B\u00fcrgerschaft und die Hochschule zu schaffen\u201c, erinnert sich Beucker.<\/p>\n\n\n\n<p>Die Stadt finalisierte die Pl\u00e4ne, und das Projekt wurde als F\u00f6rderma\u00dfnahme in das Bund-L\u00e4nder-F\u00f6rderprogramm \u201eWachstum und nachhaltige Erneuerung\u201c, ehemals Stadtumbau West, aufgenommen. Mit dem notwendigen politischen Beschluss im Sommer letzten Jahres wurde der KBK mit der Umsetzung beauftragt. Diese ist inzwischen abgeschlossen. \u201eIch freue mich sehr, dass es uns gelungen ist, den<br>unscheinbaren Wendehammer in einen familienfreundlichen Treffpunkt mit hoher Aufenthaltsqualit\u00e4t umzuwandeln und als lebendigen, gr\u00fcnen Platz f\u00fcr Jung und Alt zu gestalten\u201c, sagt KBK-Vorstand Andreas Horster.<\/p>\n\n\n\n<p>Quelle: <a href=\"http:\/\/www.krefeld.de\">Stadt Krefeld<\/a><\/p>\n\n\n<figure class=\"wp-block-post-featured-image\"><img loading=\"lazy\" decoding=\"async\" width=\"2560\" height=\"1737\" src=\"https:\/\/standort-niederrhein.de\/wp-content\/uploads\/2024\/07\/Stadt-KR-neuer-Platz-Lewerentzsrasse-Frankenring-_02-scaled.jpg\" class=\"attachment-post-thumbnail size-post-thumbnail wp-post-image\" alt=\"\" style=\"object-fit:cover;\" srcset=\"https:\/\/standort-niederrhein.de\/wp-content\/uploads\/2024\/07\/Stadt-KR-neuer-Platz-Lewerentzsrasse-Frankenring-_02-scaled.jpg 2560w, https:\/\/standort-niederrhein.de\/wp-content\/uploads\/2024\/07\/Stadt-KR-neuer-Platz-Lewerentzsrasse-Frankenring-_02-1280x869.jpg 1280w, https:\/\/standort-niederrhein.de\/wp-content\/uploads\/2024\/07\/Stadt-KR-neuer-Platz-Lewerentzsrasse-Frankenring-_02-980x665.jpg 980w, https:\/\/standort-niederrhein.de\/wp-content\/uploads\/2024\/07\/Stadt-KR-neuer-Platz-Lewerentzsrasse-Frankenring-_02-480x326.jpg 480w\" sizes=\"(min-width: 0px) and (max-width: 480px) 480px, (min-width: 481px) and (max-width: 980px) 980px, (min-width: 981px) and (max-width: 1280px) 1280px, (min-width: 1281px) 2560px, 100vw\" \/><\/figure>\n\n\n<p>Viele Jahre war die Sackgasse an der Lewerentzstra\u00dfe ungenutzt. Jetzt ist durch die Zusammenarbeit von Stadt, KBK und Hochschule ein \u00f6ffentlicher Aufenthaltsraum entstanden, der auch als Veranstaltungsfl\u00e4che genutzt werden kann. | Foto: Stadt Krefeld, Presse und Kommunikation<\/p>\n","protected":false},"excerpt":{"rendered":"<p>Krefeld. Betrachtet man nur den Umfang der Fl\u00e4che, der auf der Lewerentzstra\u00dfe zwischenRo\u00dfstra\u00dfe und Frankenring nun erfolgreich umgestaltet wurde, k\u00f6nnte der Eindruck einer kleinen Bauma\u00dfnahme entstehen. Die Bedeutung dieser Fl\u00e4che aber ist enorm, denn in einem gro\u00dfen Gemeinschaftsprojekt haben Hochschule Niederrhein, Stadt Krefeld und der Kommunalbetrieb Krefeld (KBK) hier in einem kreativen Prozess einen Ort [&hellip;]<\/p>\n","protected":false},"author":3,"featured_media":4506,"comment_status":"closed","ping_status":"closed","sticky":false,"template":"","format":"standard","meta":{"_et_pb_use_builder":"","_et_pb_old_content":"","_et_gb_content_width":"","footnotes":""},"categories":[1],"tags":[],"class_list":["post-4504","post","type-post","status-publish","format-standard","has-post-thumbnail","hentry","category-allgemein"],"_links":{"self":[{"href":"https:\/\/standort-niederrhein.de\/en\/wp-json\/wp\/v2\/posts\/4504","targetHints":{"allow":["GET"]}}],"collection":[{"href":"https:\/\/standort-niederrhein.de\/en\/wp-json\/wp\/v2\/posts"}],"about":[{"href":"https:\/\/standort-niederrhein.de\/en\/wp-json\/wp\/v2\/types\/post"}],"author":[{"embeddable":true,"href":"https:\/\/standort-niederrhein.de\/en\/wp-json\/wp\/v2\/users\/3"}],"replies":[{"embeddable":true,"href":"https:\/\/standort-niederrhein.de\/en\/wp-json\/wp\/v2\/comments?post=4504"}],"version-history":[{"count":2,"href":"https:\/\/standort-niederrhein.de\/en\/wp-json\/wp\/v2\/posts\/4504\/revisions"}],"predecessor-version":[{"id":4508,"href":"https:\/\/standort-niederrhein.de\/en\/wp-json\/wp\/v2\/posts\/4504\/revisions\/4508"}],"wp:featuredmedia":[{"embeddable":true,"href":"https:\/\/standort-niederrhein.de\/en\/wp-json\/wp\/v2\/media\/4506"}],"wp:attachment":[{"href":"https:\/\/standort-niederrhein.de\/en\/wp-json\/wp\/v2\/media?parent=4504"}],"wp:term":[{"taxonomy":"category","embeddable":true,"href":"https:\/\/standort-niederrhein.de\/en\/wp-json\/wp\/v2\/categories?post=4504"},{"taxonomy":"post_tag","embeddable":true,"href":"https:\/\/standort-niederrhein.de\/en\/wp-json\/wp\/v2\/tags?post=4504"}],"curies":[{"name":"wp","href":"https:\/\/api.w.org\/{rel}","templated":true}]}}