{"id":4462,"date":"2024-07-04T06:00:00","date_gmt":"2024-07-04T04:00:00","guid":{"rendered":"https:\/\/invest-in-niederrhein.de\/?p=4462"},"modified":"2024-07-02T14:01:23","modified_gmt":"2024-07-02T12:01:23","slug":"bundesverband-der-mittelstaendischen-wirtschaft-organisierte-business-fruehstueck-fuer-regionale-unternehmen","status":"publish","type":"post","link":"https:\/\/standort-niederrhein.de\/en\/2024\/07\/04\/bundesverband-der-mittelstaendischen-wirtschaft-organisierte-business-fruehstueck-fuer-regionale-unternehmen\/","title":{"rendered":"Bundesverband der mittelst\u00e4ndischen Wirtschaft organisierte Business-Fr\u00fchst\u00fcck f\u00fcr regionale Unternehmen"},"content":{"rendered":"\n<p><strong>Rhein-Kreis Neuss.<\/strong> Das Thema \u201eResilienz als Erfolgsfaktor im Unternehmen\u201c stand jetzt im Mittelpunkt eines Business-Fr\u00fchst\u00fccks f\u00fcr regionale Unternehmen in der TZG Akademie. Organisator war Stephan Moritz, Leiter des Kreisverbandes des Bundesverbandes mittelst\u00e4ndische Wirtschaft. Als Referent zu Gast war Patrik Wenke, der sich selbst als Happyloge bezeichnet und das menschliche Gl\u00fcck erforscht.<\/p>\n\n\n\n<p>\u201eDie derzeitigen Sorgenkinder der Unternehmen sind wie ein bunter Blumenstrau\u00df: Energiebeschaffung, Fachkr\u00e4ftemangel, begrenzte Rohstoffe und gest\u00f6rte Lieferketten, Nachhaltigkeit, Digitalisierung, Resilienz und Cybersicherheit brennen unter den N\u00e4geln. Die L\u00f6sungen hierf\u00fcr sind nicht von heute auf morgen umsetzbar. Deshalb sind Netzwerktreffen wie diese auch so wichtig\u201c, fasst Raimund Franzen zusammen, der zusammen mit Benjamin Josephs Gesch\u00e4ftsf\u00fchrer der TZG GmbH <a>und der Gemeinn\u00fctzigen Besch\u00e4ftigungsf\u00f6rderungsgesellschaft (bfg)<\/a> ist.<\/p>\n\n\n\n<p>Der Mittelstand erwirtschaftet 99 Prozent der deutschen Wirtschaftsleistung und stellt somit das \u00f6konomische R\u00fcckgrat dar. Digitale Transformation, Klimawandel und demographischer Wandel geh\u00f6ren zu den Megatrends und massiven Herausforderungen, welche die Unternehmen zu neuem Denken veranlassen. Diejenigen, die diese Krisen als Chance begreifen, k\u00f6nnen, sofern sie richtig handeln, gest\u00e4rkt aus ihnen hervorgehen.&nbsp;<\/p>\n\n\n\n<p>Stephan Moritz freute sich \u00fcber die gute Resonanz: \u201eDas zeigt uns, dass wir mit diesem Thema bei unserem Business-Fr\u00fchst\u00fcck einen Nerv getroffen haben und belegt das gro\u00dfe Interesse an einem pers\u00f6nlichen Erfahrungs-Austausch. Wir sind mit unseren Themen bei diesem Veranstaltungsformat immer am Puls der Zeit und bei den Themen, die mittelst\u00e4ndische Unternehmen besch\u00e4ftigen. Es hat mich pers\u00f6nlich gefreut, dass wir hier die beiden Themen Bildung f\u00fcr Mitarbeitende und Gesundheit f\u00fcr Mitarbeitende so gut kombinieren konnten. Eine tolle Veranstaltung, auch dank der sehr guten Organisation vor Ort.\u201c<\/p>\n\n\n\n<p>Das 1986 gegr\u00fcndete TZG ist eine 100%ige Tochter des Rhein-Kreises Neuss. Das Kerngesch\u00e4ft ist die Erwachsenenbildung in Form von Weiterbildungen, Seminaren, Lehrg\u00e4ngen und individuellen Coaching-Angeboten f\u00fcr Privatpersonen und Unternehmen. Die Akademie-Standorte sind Glehn, B\u00fcttgen, Neuss und M\u00f6nchengladbach. Weitere Informationen gibt es unter dem Link <a href=\"http:\/\/www.tzg-akademie.de\">www.tzg-akademie.de<\/a>.<\/p>\n\n\n\n<p>Quelle: <a href=\"http:\/\/www.rhein-kreis-neuss.de\">Rhein-Kreis Neuss<\/a><\/p>\n\n\n<figure class=\"wp-block-post-featured-image\"><img loading=\"lazy\" decoding=\"async\" width=\"2560\" height=\"2034\" src=\"https:\/\/standort-niederrhein.de\/wp-content\/uploads\/2024\/07\/2024-06-Business-Fruehstueck-in-der-TZG-Akademie-scaled.jpg\" class=\"attachment-post-thumbnail size-post-thumbnail wp-post-image\" alt=\"\" style=\"object-fit:cover;\" srcset=\"https:\/\/standort-niederrhein.de\/wp-content\/uploads\/2024\/07\/2024-06-Business-Fruehstueck-in-der-TZG-Akademie-scaled.jpg 2560w, https:\/\/standort-niederrhein.de\/wp-content\/uploads\/2024\/07\/2024-06-Business-Fruehstueck-in-der-TZG-Akademie-1280x1017.jpg 1280w, https:\/\/standort-niederrhein.de\/wp-content\/uploads\/2024\/07\/2024-06-Business-Fruehstueck-in-der-TZG-Akademie-980x779.jpg 980w, https:\/\/standort-niederrhein.de\/wp-content\/uploads\/2024\/07\/2024-06-Business-Fruehstueck-in-der-TZG-Akademie-480x381.jpg 480w\" sizes=\"(min-width: 0px) and (max-width: 480px) 480px, (min-width: 481px) and (max-width: 980px) 980px, (min-width: 981px) and (max-width: 1280px) 1280px, (min-width: 1281px) 2560px, 100vw\" \/><\/figure>\n\n\n<p>Referent Patrick Wenke (l.), Stephan Moritz (Leiter Kreisverband des Bundesverbandes mittelst\u00e4ndische Wirtschaft) und Raimund Franzen (r.), Gesch\u00e4ftsf\u00fchrer der TZG GmbH und der Gemeinn\u00fctzigen Besch\u00e4ftigungsf\u00f6rderungsgesellschaft (bfg) | Foto: TZG Akademie<\/p>\n","protected":false},"excerpt":{"rendered":"<p>Rhein-Kreis Neuss. Das Thema \u201eResilienz als Erfolgsfaktor im Unternehmen\u201c stand jetzt im Mittelpunkt eines Business-Fr\u00fchst\u00fccks f\u00fcr regionale Unternehmen in der TZG Akademie. Organisator war Stephan Moritz, Leiter des Kreisverbandes des Bundesverbandes mittelst\u00e4ndische Wirtschaft. Als Referent zu Gast war Patrik Wenke, der sich selbst als Happyloge bezeichnet und das menschliche Gl\u00fcck erforscht. \u201eDie derzeitigen Sorgenkinder der [&hellip;]<\/p>\n","protected":false},"author":3,"featured_media":4463,"comment_status":"closed","ping_status":"closed","sticky":false,"template":"","format":"standard","meta":{"_et_pb_use_builder":"","_et_pb_old_content":"","_et_gb_content_width":"","footnotes":""},"categories":[1],"tags":[],"class_list":["post-4462","post","type-post","status-publish","format-standard","has-post-thumbnail","hentry","category-allgemein"],"_links":{"self":[{"href":"https:\/\/standort-niederrhein.de\/en\/wp-json\/wp\/v2\/posts\/4462","targetHints":{"allow":["GET"]}}],"collection":[{"href":"https:\/\/standort-niederrhein.de\/en\/wp-json\/wp\/v2\/posts"}],"about":[{"href":"https:\/\/standort-niederrhein.de\/en\/wp-json\/wp\/v2\/types\/post"}],"author":[{"embeddable":true,"href":"https:\/\/standort-niederrhein.de\/en\/wp-json\/wp\/v2\/users\/3"}],"replies":[{"embeddable":true,"href":"https:\/\/standort-niederrhein.de\/en\/wp-json\/wp\/v2\/comments?post=4462"}],"version-history":[{"count":1,"href":"https:\/\/standort-niederrhein.de\/en\/wp-json\/wp\/v2\/posts\/4462\/revisions"}],"predecessor-version":[{"id":4464,"href":"https:\/\/standort-niederrhein.de\/en\/wp-json\/wp\/v2\/posts\/4462\/revisions\/4464"}],"wp:featuredmedia":[{"embeddable":true,"href":"https:\/\/standort-niederrhein.de\/en\/wp-json\/wp\/v2\/media\/4463"}],"wp:attachment":[{"href":"https:\/\/standort-niederrhein.de\/en\/wp-json\/wp\/v2\/media?parent=4462"}],"wp:term":[{"taxonomy":"category","embeddable":true,"href":"https:\/\/standort-niederrhein.de\/en\/wp-json\/wp\/v2\/categories?post=4462"},{"taxonomy":"post_tag","embeddable":true,"href":"https:\/\/standort-niederrhein.de\/en\/wp-json\/wp\/v2\/tags?post=4462"}],"curies":[{"name":"wp","href":"https:\/\/api.w.org\/{rel}","templated":true}]}}