{"id":4459,"date":"2024-07-02T06:00:00","date_gmt":"2024-07-02T04:00:00","guid":{"rendered":"https:\/\/invest-in-niederrhein.de\/?p=4459"},"modified":"2024-07-01T10:33:16","modified_gmt":"2024-07-01T08:33:16","slug":"seit-25-jahren-am-ruder-der-wfmg","status":"publish","type":"post","link":"https:\/\/standort-niederrhein.de\/en\/2024\/07\/02\/seit-25-jahren-am-ruder-der-wfmg\/","title":{"rendered":"Seit 25 Jahren am Ruder der WFMG"},"content":{"rendered":"\n<p><strong>M\u00f6nchengladbach.<\/strong> Im Juli 1999 wurde noch mit D-Mark bezahlt, die Welt sorgte sich wegen des \u201eMillennium-Bugs\u201c und die Borussia startete in die erste Zweitligasaison ihrer Clubgeschichte. Bei der Wirtschaftsf\u00f6rderung M\u00f6nchengladbach GmbH wiederum trat ein damals 39-J\u00e4hriger sein neues Amt als Gesch\u00e4ftsf\u00fchrer an. Seitdem ist ein Vierteljahrhundert vergangen, auch der Wirtschaftsstandort M\u00f6nchengladbach und die WFMG haben sich immens weiterentwickelt. Und wohl mit kaum einem anderen Namen ist der Wandel so eng verkn\u00fcpft wie mit dem von Dr. Ulrich Sch\u00fcckhaus, der nach wie vor als Vorsitzender der Gesch\u00e4ftsf\u00fchrung die Geschicke der Gesellschaft leitet.<\/p>\n\n\n\n<p>1999 gab es die WFMG in ihrer heutigen Form selbst erst seit zwei Jahren \u2013 mit dem zentralen Auftrag, st\u00e4dtische Grundst\u00fccke zu ver\u00e4u\u00dfern. 25 Jahre sp\u00e4ter ist sie eine thematisch breit gef\u00e4cherte Innovations- und F\u00f6rderagentur mit einem schlagkr\u00e4ftigen, rund 30-k\u00f6pfigen Team. \u201eAus meiner Sicht eines der besten, die wir in all den Jahren hatten\u201c, wie Dr. Sch\u00fcckhaus sagt. \u201eDaher macht es mir immer noch Spa\u00df wie am ersten Tag, an der Transformation M\u00f6nchengladbachs hin zu einem zukunftsf\u00e4higen, wissensbasierten Standort zu arbeiten.\u201c<\/p>\n\n\n\n<p>1959 in Gevelsberg geboren, machte Sch\u00fcckhaus 1978 sein Abitur am Hugo-Junkers-Gymnasium. Es folgten die Bundeswehr und eine 1981 erfolgreich abgeschlossene Ausbildung zum Bankkaufmann. Nach dem Studium der Betriebswirtschaftslehre mit Abschluss zum Diplom-Kaufmann promovierte Sch\u00fcckhaus 1991 zum Dr. rer. pol. mit einem Einzelhandelsthema. Im selben Jahr trat er in die Kienbaum Unternehmensberatung GmbH als Berater f\u00fcr den \u00f6ffentlichen Sektor ein, wurde 1996 ebenda Partner und Mitglied der Gesch\u00e4ftsleitung. 1999 erfolgte schlie\u00dflich der Wechsel zur WFMG, seit 2009 ist der dreifache Vater zus\u00e4tzlich Vorsitzender der Gesch\u00e4ftsf\u00fchrung der st\u00e4dtischen Entwicklungsgesellschaft EWMG und seit 2018 auch Gesch\u00e4ftsf\u00fchrer der Flughafengesellschaft.&nbsp;<\/p>\n\n\n\n<p>\u201eUlrich Sch\u00fcckhaus ist ein Wirtschaftsf\u00f6rderer, wie er im Buche steht. Er ist ein engagierter Netzwerker, sp\u00fcrt neue Trends auf, findet immer einen Weg und ist seiner Stadt extrem verbunden. In 25 Jahren hat sich das Gesicht der Stadt gewandelt und an vielen positiven Entwicklungen hat Dr. Sch\u00fcckhaus einen gro\u00dfen Anteil\u201c, bedankt sich Oberb\u00fcrgermeister Felix Heinrichs.<\/p>\n\n\n\n<p>Quelle: <a href=\"http:\/\/www.wfmg.de\">WFMG<\/a><\/p>\n\n\n<figure class=\"wp-block-post-featured-image\"><img loading=\"lazy\" decoding=\"async\" width=\"1662\" height=\"2500\" src=\"https:\/\/standort-niederrhein.de\/wp-content\/uploads\/2024\/07\/PMWFMG-2024-07-01-Dienstjubilaeum-Dr.-Schueckhaus.jpg\" class=\"attachment-post-thumbnail size-post-thumbnail wp-post-image\" alt=\"\" style=\"object-fit:cover;\" srcset=\"https:\/\/standort-niederrhein.de\/wp-content\/uploads\/2024\/07\/PMWFMG-2024-07-01-Dienstjubilaeum-Dr.-Schueckhaus.jpg 1662w, https:\/\/standort-niederrhein.de\/wp-content\/uploads\/2024\/07\/PMWFMG-2024-07-01-Dienstjubilaeum-Dr.-Schueckhaus-1280x1925.jpg 1280w, https:\/\/standort-niederrhein.de\/wp-content\/uploads\/2024\/07\/PMWFMG-2024-07-01-Dienstjubilaeum-Dr.-Schueckhaus-980x1474.jpg 980w, https:\/\/standort-niederrhein.de\/wp-content\/uploads\/2024\/07\/PMWFMG-2024-07-01-Dienstjubilaeum-Dr.-Schueckhaus-480x722.jpg 480w\" sizes=\"(min-width: 0px) and (max-width: 480px) 480px, (min-width: 481px) and (max-width: 980px) 980px, (min-width: 981px) and (max-width: 1280px) 1280px, (min-width: 1281px) 1662px, 100vw\" \/><\/figure>\n\n\n<p>Vor genau 25 Jahren wurde Dr. Ulrich Sch\u00fcckhaus Gesch\u00e4ftsf\u00fchrer der WFMG. | Foto: WFMG<\/p>\n","protected":false},"excerpt":{"rendered":"<p>M\u00f6nchengladbach. Im Juli 1999 wurde noch mit D-Mark bezahlt, die Welt sorgte sich wegen des \u201eMillennium-Bugs\u201c und die Borussia startete in die erste Zweitligasaison ihrer Clubgeschichte. Bei der Wirtschaftsf\u00f6rderung M\u00f6nchengladbach GmbH wiederum trat ein damals 39-J\u00e4hriger sein neues Amt als Gesch\u00e4ftsf\u00fchrer an. Seitdem ist ein Vierteljahrhundert vergangen, auch der Wirtschaftsstandort M\u00f6nchengladbach und die WFMG haben [&hellip;]<\/p>\n","protected":false},"author":3,"featured_media":4460,"comment_status":"closed","ping_status":"closed","sticky":false,"template":"","format":"standard","meta":{"_et_pb_use_builder":"","_et_pb_old_content":"","_et_gb_content_width":"","footnotes":""},"categories":[1],"tags":[],"class_list":["post-4459","post","type-post","status-publish","format-standard","has-post-thumbnail","hentry","category-allgemein"],"_links":{"self":[{"href":"https:\/\/standort-niederrhein.de\/en\/wp-json\/wp\/v2\/posts\/4459","targetHints":{"allow":["GET"]}}],"collection":[{"href":"https:\/\/standort-niederrhein.de\/en\/wp-json\/wp\/v2\/posts"}],"about":[{"href":"https:\/\/standort-niederrhein.de\/en\/wp-json\/wp\/v2\/types\/post"}],"author":[{"embeddable":true,"href":"https:\/\/standort-niederrhein.de\/en\/wp-json\/wp\/v2\/users\/3"}],"replies":[{"embeddable":true,"href":"https:\/\/standort-niederrhein.de\/en\/wp-json\/wp\/v2\/comments?post=4459"}],"version-history":[{"count":1,"href":"https:\/\/standort-niederrhein.de\/en\/wp-json\/wp\/v2\/posts\/4459\/revisions"}],"predecessor-version":[{"id":4461,"href":"https:\/\/standort-niederrhein.de\/en\/wp-json\/wp\/v2\/posts\/4459\/revisions\/4461"}],"wp:featuredmedia":[{"embeddable":true,"href":"https:\/\/standort-niederrhein.de\/en\/wp-json\/wp\/v2\/media\/4460"}],"wp:attachment":[{"href":"https:\/\/standort-niederrhein.de\/en\/wp-json\/wp\/v2\/media?parent=4459"}],"wp:term":[{"taxonomy":"category","embeddable":true,"href":"https:\/\/standort-niederrhein.de\/en\/wp-json\/wp\/v2\/categories?post=4459"},{"taxonomy":"post_tag","embeddable":true,"href":"https:\/\/standort-niederrhein.de\/en\/wp-json\/wp\/v2\/tags?post=4459"}],"curies":[{"name":"wp","href":"https:\/\/api.w.org\/{rel}","templated":true}]}}