{"id":4437,"date":"2024-06-22T07:00:00","date_gmt":"2024-06-22T05:00:00","guid":{"rendered":"https:\/\/invest-in-niederrhein.de\/?p=4437"},"modified":"2024-06-27T12:38:42","modified_gmt":"2024-06-27T10:38:42","slug":"ist-die-globale-ordnung-in-gefahr","status":"publish","type":"post","link":"https:\/\/standort-niederrhein.de\/en\/2024\/06\/22\/ist-die-globale-ordnung-in-gefahr\/","title":{"rendered":"Ist die globale Ordnung in Gefahr?"},"content":{"rendered":"\n<p><strong>Mittlerer Niederrhein. <\/strong>Joe Biden versus Donald Trump \u2013 kaum ein politisches Ereignis wird im Herbst von der Welt\u00f6ffentlichkeit mit mehr Spannung verfolgt werden als das Rennen um das Wei\u00dfe Haus in den Vereinigten Staaten. Der Ausgang der Wahl kann schwerwiegende Folgen f\u00fcr die internationale Sicherheitsordnung und die globale Wirtschaft haben. Gr\u00fcnde genug, das diesj\u00e4hrige Strategieforum Au\u00dfenwirtschaft der Industrie- und Handelskammer (IHK) Mittlerer Niederrhein, des Rhein-Kreises Neuss und der Sparkasse Neuss unter die \u00dcberschrift \u201eDie USA vor den Wahlen: Sind Demokratie und globale Ordnung in Gefahr?\u201c zu stellen. Rund 300 Teilnehmerinnen und Teilnehmer waren der Einladung ins S-Forum der Sparkasse gefolgt, um Keynote-Redner Elmar Theve\u00dfen, Leiter des ZDF-Studios in Washington, und die anschlie\u00dfende Podiumsdiskussion zu erleben.<\/p>\n\n\n\n<p>Im Er\u00f6ffnungs-Talk stimmten die Gastgeber das Publikum auf das Thema ein. \u201eF\u00fcr die nordrhein-westf\u00e4lische Wirtschaft waren die USA im vergangenen Jahr der drittwichtigste Exportmarkt\u201c, erkl\u00e4rte IHK-Pr\u00e4sident Elmar te Neues. \u201eGleichzeitig sind am Mittleren Niederrhein knapp 130 Unternehmen mit US-amerikanischem Hintergrund zu Hause \u2013<\/p>\n\n\n\n<p>Platz 4 unter den ausl\u00e4ndischen Unternehmen.\u201c Dominikus Penners, Vorstandsvorsitzender der Sparkasse Neuss, rechnet mit zunehmendem Protektionismus \u2013 ganz gleich wie die Wahl ausgeht. \u201eAber Biden gilt als der verl\u00e4sslichere Partner.\u201c Landrat Hans-J\u00fcrgen Petrauschke kritisierte das Trump-Motto \u201eAmerica First\u201c: \u201eMan ist erfolgreicher, wenn man nicht nur auf sich schaut, sondern gemeinsam mit Partnern agiert.\u201c<\/p>\n\n\n\n<p>Dass ein partnerschaftliches Miteinander in den internationalen Beziehungen zunehmend zum Auslaufmodell wird, machte Theve\u00dfen, der als geb\u00fcrtiger Viersener fast ein Heimspiel hatte, in seiner Keynote sehr deutlich. \u201eIn dieser globalisierten Welt h\u00e4ngt alles mit allem zusammen\u201c, erl\u00e4uterte Theve\u00dfen. \u201eDie Aussichten \u2013 auch mit Blick auf die US-Wahl \u2013 sind d\u00fcster. Die regelbasierte Ordnung der Welt steht ein st\u00fcckweit auf dem Spiel.\u201c Theve\u00dfen beschrieb ausf\u00fchrlich, worum es der Biden-Administration au\u00dfenpolitisch und wirtschaftspolitisch geht. \u201eF\u00fcr die USA handelt es sich um eine Auseinandersetzung zwischen Demokratie und Autoritarismus.\u201c Auf der einen Seite st\u00fcnden insbesondere die Regime in Moskau und Peking, auf der anderen die USA und Europa. F\u00fcr die Vereinigten Staaten sei dabei die Konfrontation mit China die unmittelbarere Bedrohung. \u201eIm Zentrum steht der Taiwan-Konflikt\u201c, erkl\u00e4rt Theve\u00dfen. \u201eDie USA haben deutlich gemacht, dass sie die Insel gegen einen chinesischen Angriff verteidigen werden.\u201c Damit verbunden seien auch massive Wirtschaftssanktionen gegen China. \u201eDas erwarten die Amerikaner dann auch von ihren europ\u00e4ischen Verb\u00fcndeten\u201c, betonte der Keynote-Speaker. \u201eIch bin nicht sicher, ob man sich dessen in Europa bewusst ist.\u201c<\/p>\n\n\n\n<p>Neben der milit\u00e4rischen Komponente setzen die USA massiv auf wirtschaftspolitische Instrumente, um sich in der globalen Auseinandersetzung besser aufzustellen. Theve\u00dfen beschrieb, wie der Inflation Reduction Act (IRA) gigantische Steuermittel in die Wirtschaft pumpt und dadurch enorme private Mittel f\u00fcr Investitionen in Infrastruktur, erneuerbare Energien und Zukunftstechnologien wie Halbleiter und Batterien ausgel\u00f6st hat. \u201eDabei geht es vor allem darum, unabh\u00e4ngig von China zu werden\u201c, so Theve\u00dfen. Dazu passen auch die j\u00fcngsten Z\u00f6lle auf E-Autos und andere Produkte aus der Volksrepublik. Was handelspolitisch bei einer Trump-Administration auf die Wirtschaftspartner der USA zuk\u00e4me, beschrieb Theve\u00dfen ebenfalls: \u201eTrump hat bereits pauschal 10 Prozent Strafzoll auf alle Einfuhren angek\u00fcndigt \u2013 und 60 Prozent auf alle Produkte aus China.\u201c Laut Berechnungen des Instituts der deutschen Wirtschaft (IW) k\u00f6nnten diese Z\u00f6lle die deutsche Wirtschaft \u2013 gerechnet auf eine vierj\u00e4hrige Amtszeit \u2013 bis zu 150 Milliarden Euro kosten.<\/p>\n\n\n\n<p>Die Innenpolitik werde inzwischen vom Wahlkampf beherrscht. \u201eDabei steht das Alter der Kandidaten im Mittelpunkt der Debatte\u201c, berichtet der ZDF-Studioleiter. \u201eMan sorgt sich bei Biden um seinen Gesundheitszustand, und Trump wirkt oft geistig wenig \u00fcberzeugend.\u201c Trump habe die republikanische Partei inzwischen weitgehen von Gegner \u201eges\u00e4ubert\u201c. F\u00fcr die Demokraten seien die Republikaner unter Trump l\u00e4ngst eine Bedrohung f\u00fcr die Demokratie in den Vereinigten Staaten. Theve\u00dfen verwies auf \u201eProject 2025\u201c, einen Plan der Republikaner zur Umgestaltung der Exekutive der US-Bundesregierung im Fall eines Trump-Siegs. Theve\u00dfen: \u201e50.000 Regierungsmitarbeiter sollen gefeuert und gegen linientreue Trump-Anh\u00e4nger ersetzt werden \u2013 die Rekrutierungskampagne der Republikaner l\u00e4uft schon.\u201c Angesichts der tiefen Spaltung der Gesellschaft, schlie\u00dft Theve\u00dfen nicht aus, dass es je nach Wahlausgang auch zu Gewaltausbr\u00fcchen zwischen den politischen Lagern kommen kann.<\/p>\n\n\n\n<p>Angesichts der d\u00fcsteren Aussichten war die Wahl-Prognose des USA-Experten f\u00fcr viele im Publikum ein kleiner Hoffnungsschimmer: \u201eGlauben Sie nicht den Umfrageergebnissen. Die Demokraten haben in den j\u00fcngsten Wahlen deutlich besser abgeschnitten als die Republikaner. Wenn Biden gesund bleibt, die Wirtschaft stabil bleibt und Trump sein Gegenkandidat ist, wird Biden mit gr\u00f6\u00dferem Vorsprung gewinnen als bei der vergangenen Wahl.\u201c<\/p>\n\n\n\n<p>Im Anschluss an seine Keynote diskutierte Theve\u00dfen noch mit Prof. Dr. Galina Kolev-Schaefer (Technische Hochschule K\u00f6ln \/ Institut der deutschen Wirtschaft, IW), Dorothee Stamm (Medtronic GmbH, Meerbusch) und Sebastian Voss (Hager &amp; Meisinger GmbH, Neuss) \u00fcber die wirtschaftspolitischen Aspekte der US-Wahl. Beim anschlie\u00dfenden Get-together gab es reichlich Gespr\u00e4chsstoff f\u00fcr die Teilnehmer.<\/p>\n\n\n\n<p>Quelle: <a href=\"https:\/\/mittlerer-niederrhein.ihk.de\/de\/oeffentlichkeitsarbeit\/pressemitteilungen\/2024\/ist-die-globale-ordnung-in-gefahr-.html\">IHK Mittlerer Niederrhein<\/a><\/p>\n","protected":false},"excerpt":{"rendered":"<p>Mittlerer Niederrhein. Joe Biden versus Donald Trump \u2013 kaum ein politisches Ereignis wird im Herbst von der Welt\u00f6ffentlichkeit mit mehr Spannung verfolgt werden als das Rennen um das Wei\u00dfe Haus in den Vereinigten Staaten. Der Ausgang der Wahl kann schwerwiegende Folgen f\u00fcr die internationale Sicherheitsordnung und die globale Wirtschaft haben. Gr\u00fcnde genug, das diesj\u00e4hrige Strategieforum [&hellip;]<\/p>\n","protected":false},"author":3,"featured_media":0,"comment_status":"closed","ping_status":"closed","sticky":false,"template":"","format":"standard","meta":{"_et_pb_use_builder":"","_et_pb_old_content":"","_et_gb_content_width":"","footnotes":""},"categories":[1],"tags":[],"class_list":["post-4437","post","type-post","status-publish","format-standard","hentry","category-allgemein"],"_links":{"self":[{"href":"https:\/\/standort-niederrhein.de\/en\/wp-json\/wp\/v2\/posts\/4437","targetHints":{"allow":["GET"]}}],"collection":[{"href":"https:\/\/standort-niederrhein.de\/en\/wp-json\/wp\/v2\/posts"}],"about":[{"href":"https:\/\/standort-niederrhein.de\/en\/wp-json\/wp\/v2\/types\/post"}],"author":[{"embeddable":true,"href":"https:\/\/standort-niederrhein.de\/en\/wp-json\/wp\/v2\/users\/3"}],"replies":[{"embeddable":true,"href":"https:\/\/standort-niederrhein.de\/en\/wp-json\/wp\/v2\/comments?post=4437"}],"version-history":[{"count":1,"href":"https:\/\/standort-niederrhein.de\/en\/wp-json\/wp\/v2\/posts\/4437\/revisions"}],"predecessor-version":[{"id":4438,"href":"https:\/\/standort-niederrhein.de\/en\/wp-json\/wp\/v2\/posts\/4437\/revisions\/4438"}],"wp:attachment":[{"href":"https:\/\/standort-niederrhein.de\/en\/wp-json\/wp\/v2\/media?parent=4437"}],"wp:term":[{"taxonomy":"category","embeddable":true,"href":"https:\/\/standort-niederrhein.de\/en\/wp-json\/wp\/v2\/categories?post=4437"},{"taxonomy":"post_tag","embeddable":true,"href":"https:\/\/standort-niederrhein.de\/en\/wp-json\/wp\/v2\/tags?post=4437"}],"curies":[{"name":"wp","href":"https:\/\/api.w.org\/{rel}","templated":true}]}}