{"id":4410,"date":"2024-06-26T07:00:00","date_gmt":"2024-06-26T05:00:00","guid":{"rendered":"https:\/\/invest-in-niederrhein.de\/?p=4410"},"modified":"2024-06-26T10:07:32","modified_gmt":"2024-06-26T08:07:32","slug":"zukunftskongress-gibt-startschuss-fuer-das-neue-wirtschaftsfoerderungskonzept-des-rhein-kreises-neuss","status":"publish","type":"post","link":"https:\/\/standort-niederrhein.de\/en\/2024\/06\/26\/zukunftskongress-gibt-startschuss-fuer-das-neue-wirtschaftsfoerderungskonzept-des-rhein-kreises-neuss\/","title":{"rendered":"Zukunftskongress gibt Startschuss f\u00fcr das neue Wirtschaftsf\u00f6rderungskonzept des Rhein-Kreises Neuss"},"content":{"rendered":"\n<p><strong>Rhein-Kreis Neuss.<\/strong> \u201eRKNextGen: Wir f\u00f6rdern Wirtschaft und Zukunft&#8221; \u2013 so lautet der Titel des neuen Wirtschaftsf\u00f6rderungskonzeptes des Rhein-Kreises Neuss. Beim Zukunftskongress im Kraftwerk Frimmersdorf in Grevenbroich wurde es jetzt erstmals \u00f6ffentlich vorgestellt. Ausgerichtet wurde die Veranstaltung von der Kreiswirtschaftsf\u00f6rderung. Rund 180 Teilnehmer aus Wirtschaft, Wissenschaft, Gesellschaft und Politik erhielten dabei einen Einblick in das Konzept und seine Fokusthemen \u2013 und damit in den \u201eneuen Motorraum\u201c der Kreiswirtschaftsf\u00f6rderung.<\/p>\n\n\n\n<p>Vom Kreistag im M\u00e4rz mit \u00fcberw\u00e4ltigender Mehrheit beschlossen, stellte der Zukunftskongress jetzt den offiziellen Startschuss f\u00fcr die Umsetzung des neuen Wirtschaftsf\u00f6rderungskonzepts dar. Eine noch st\u00e4rker fokussierte Innovations- und Transformationsf\u00f6rderung z\u00e4hlt zu den zentralen Bestandteilen. Hinzu kommen die Start-up-F\u00f6rderung, die Positionierung als Vorreiter in der digital-\u00f6kologischen Transformation und die St\u00e4rkung der MINT- und Digitalbildung im Verbund mit den Partnern der Kreiswirtschaftsf\u00f6rderung.<\/p>\n\n\n\n<p>Landrat Hans-J\u00fcrgen Petrauschke betonte in seiner Begr\u00fc\u00dfungsrede, dass es f\u00fcr die Zukunftsfestigkeit und Attraktivit\u00e4t des Wirtschaftsstandorts Rhein-Kreis Neuss elementar ist, f\u00fcr und mit der Wirtschaft und Wissenschaft immer wieder Impulse zu setzen, die zu Fortschritt und Innovationen f\u00fchren. \u201eUnser Ziel ist es, auch bei neuen Herausforderungen einer der attraktivsten und wettbewerbsf\u00e4higsten Kreise in NRW und dar\u00fcber hinaus zu bleiben. Dazu geh\u00f6rt, langfristig Arbeits- und Ausbildungspl\u00e4tze sowie Wertsch\u00f6pfung im Rhein-Kreis Neuss zu sichern und zu erh\u00f6hen\u201c, betonte Petrauschke. \u201eDamit schaffen wir die Grundlage, um den Wohlstand der B\u00fcrgerinnen und B\u00fcrger zu erhalten und weiter zu steigern. Zugleich sichern wir damit die anerkannt hohe Lebensqualit\u00e4t im Rhein-Kreis Neuss auch f\u00fcr die nachfolgenden Generationen.\u201c<br><br>In seinem Impulsvortrag r\u00fcckte Prof. Dr. Jens S\u00fcdekum, Universit\u00e4tsprofessor f\u00fcr Internationale Volkswirtschaftslehre am D\u00fcsseldorfer Institut f\u00fcr Wettbewerbs\u00f6konomie an der Heinrich-Heine-Universit\u00e4t, in den Fokus, wie \u201eInnovationen und Transformationen als Schl\u00fcssel f\u00fcr die Wettbewerbsf\u00e4higkeit unserer Wirtschaft\u201c verstanden und gelebt werden k\u00f6nnen. \u201eEs ist der richtige Zeitpunkt, die Wirtschaftsf\u00f6rderung neu aufzustellen. Das Rheinische Revier und damit auch der Rhein-Kreis Neuss haben mit dem Ausstieg aus der Braunkohle und dem damit verbundenen Strukturst\u00e4rkungsgesetz sowie angek\u00fcndigten Finanzhilfen des Bundes f\u00fcr die Kohleregionen in Ost und West in H\u00f6he von insgesamt 40 Milliarden Euro einzigartige Voraussetzungen, um Neues entstehen zu lassen.\u201c<br><br>Michael Eyll-Vetter (RWE, Leiter Sparte Entwicklung Braunkohle) r\u00fcckte beim Zukunftskongress den Blick auf das Kraftwerk Frimmersdorf als Beispiel f\u00fcr Transformation. Christian Schoon (Prognos AG) stellte im Anschluss gemeinsam mit Robert Abts, Leiter der Kreiswirtschaftsf\u00f6rderung, das Konzept \u201eRKNextGen\u201c des Rhein-Kreises Neuss vor. Das K\u00fcrzel \u201eNextGen\u201c f\u00fcr \u201eNext Generation\u201c steht f\u00fcr die \u201en\u00e4chste Generation\u201c von Wirtschaftsf\u00f6rderung. \u201eZugleich baut das Konzept auf die vormalige Digitalisierungsstrategie Wirtschaft und die Innovationskreisstrategie des Rhein-Kreis Neuss auf und kn\u00fcpft an die erfolgreiche Arbeit der Kreiswirtschaftsf\u00f6rderung an\u201c, so Schoon.<br><br>\u201eWenn Wirtschaft und Unternehmen gehalten sind, sich in Zeiten vieler neuer Herausforderungen zu ver\u00e4ndern, so war und ist wichtig, dass auch wir uns als Dienstleistungspartner und F\u00f6rderer unserer Wirtschaft auf neue Bed\u00fcrfnisse und Anforderungen aus den Unternehmen anpassen. Unser Konzept ist hierauf die richtige und zukunftsf\u00e4hige Antwort\u201c, betont Robert Abts, Leiter der Kreiswirtschaftsf\u00f6rderung.<\/p>\n\n\n\n<p>Wof\u00fcr \u201eRKN NextGen\u201c steht, wurde in einem eigens zur Veranstaltung vom Team der Kreiswirtschaftsf\u00f6rderung gedrehten Video vorgestellt. \u201eWir gehen die Transformation an, indem wir uns strukturell, kulturell und r\u00e4umlich ver\u00e4ndern. Mit st\u00e4rker privatisierter Ausrichtung, fokussierten Services wie einem One-Stop-Service f\u00fcr Unternehmer, dem Ausbau des Innovations- und Gr\u00fcnder\u00f6kosystems und neuem Branding, das gerade entwickelt wird, k\u00f6nnen wir flexibler und gezielter mit der Wirtschaft und Unternehmen interagieren. Wir wollen selbst innovativ sein und Elemente in Unternehmen st\u00e4rken, die Innovation ausl\u00f6sen oder verst\u00e4rken\u201c, erkl\u00e4rte Abts.<\/p>\n\n\n\n<p>Die Leistungen der Kreiswirtschaftsf\u00f6rderung werden in den Schwerpunkten Innovation, Start-up und Gr\u00fcndung, der digital-technischen Nachwuchsf\u00f6rderung und beim Querschnittsthema Transformation ausgebaut. Vorgesehen ist auch eine noch intensivere Zusammenarbeit mit den kommunalen Wirtschaftsf\u00f6rderungen, den Kammern und anderen Akteuren, die die Wirtschaft und die Unternehmen im Rhein-Kreis Neuss unterst\u00fctzen.<\/p>\n\n\n\n<p>Viele Leistungen des heutigen Beratungs- und Dienstleistungsangebotes zahlen bereits auf das neue Zielbild der Kreiswirtschaftsf\u00f6rderung ein. Das wurde auch in der Talkrunde zum Thema \u201eWirtschaftsf\u00f6rderung im Wandel: Sind Transformation und ein starkes Innovations-\u00d6kosystem der Weg zu einem zukunftsorientierten Wirtschaftsstandort?\u201c deutlich.<\/p>\n\n\n\n<p>Moderiert wurde der Zukunftskongress von Anna-Lena K\u00fcmpel. An der Podiumsdiskussion nahmen neben Robert Abts und Michael Eyll-Vetter auch Michael Bison (Gesch\u00e4ftsf\u00fchrer Stadtmarketing- und Wirtschaftsf\u00f6rderungsgesellschaft Dormagen mbH), Benjamin K\u00fcsters (Gesch\u00e4ftsf\u00fchrer Gartenhof K\u00fcsters GmbH) und Florian Kriependorf (ScrapBees GmbH) teil. Alle waren auch schon bei der Erstellung des Konzeptes als Beteiligte aus der Wirtschaft und aus den Kommunen dabei. Die Podiumsrunde unterstrich die vielen neuen Ideen und Impulse, die das Konzept in sich tr\u00e4gt, und dass der Rhein-Kreis Neuss mit seiner Ausrichtung einer zukunftsorientierten Wirtschaftsf\u00f6rderung erneut innovativer Vorreiter ist.<\/p>\n\n\n\n<p>Quelle: <a href=\"http:\/\/www.rhein-kreis-neuss.de\">Rhein-Kreis Neuss<\/a><\/p>\n\n\n<figure class=\"wp-block-post-featured-image\"><img loading=\"lazy\" decoding=\"async\" width=\"2560\" height=\"1703\" src=\"https:\/\/standort-niederrhein.de\/wp-content\/uploads\/2024\/06\/RKN-RKNextGen-Zukunftskongress-67454-scaled.jpg\" class=\"attachment-post-thumbnail size-post-thumbnail wp-post-image\" alt=\"\" style=\"object-fit:cover;\" srcset=\"https:\/\/standort-niederrhein.de\/wp-content\/uploads\/2024\/06\/RKN-RKNextGen-Zukunftskongress-67454-scaled.jpg 2560w, https:\/\/standort-niederrhein.de\/wp-content\/uploads\/2024\/06\/RKN-RKNextGen-Zukunftskongress-67454-1280x852.jpg 1280w, https:\/\/standort-niederrhein.de\/wp-content\/uploads\/2024\/06\/RKN-RKNextGen-Zukunftskongress-67454-980x652.jpg 980w, https:\/\/standort-niederrhein.de\/wp-content\/uploads\/2024\/06\/RKN-RKNextGen-Zukunftskongress-67454-480x319.jpg 480w\" sizes=\"(min-width: 0px) and (max-width: 480px) 480px, (min-width: 481px) and (max-width: 980px) 980px, (min-width: 981px) and (max-width: 1280px) 1280px, (min-width: 1281px) 2560px, 100vw\" \/><\/figure>\n\n\n<p>Beim Zukunftskongress im Kraftwerk Frimmersdorf (v.l.): Robert Abts (Leiter der Kreiswirtschaftsf\u00f6rderung), Prof. Dr. Jens S\u00fcdekum, Dominik Hintzen, Mirjam Steffen, Hildegard Fuhrmann, Jessica Schillings, Chiara Bacchiocchi, Johanna K\u00f6nig und Landrat Hans-J\u00fcrgen Petrauschke. | Foto: W. Walter\/ Rhein-Kreis Neuss<\/p>\n","protected":false},"excerpt":{"rendered":"<p>Rhein-Kreis Neuss. \u201eRKNextGen: Wir f\u00f6rdern Wirtschaft und Zukunft&#8221; \u2013 so lautet der Titel des neuen Wirtschaftsf\u00f6rderungskonzeptes des Rhein-Kreises Neuss. Beim Zukunftskongress im Kraftwerk Frimmersdorf in Grevenbroich wurde es jetzt erstmals \u00f6ffentlich vorgestellt. Ausgerichtet wurde die Veranstaltung von der Kreiswirtschaftsf\u00f6rderung. Rund 180 Teilnehmer aus Wirtschaft, Wissenschaft, Gesellschaft und Politik erhielten dabei einen Einblick in das Konzept [&hellip;]<\/p>\n","protected":false},"author":3,"featured_media":4411,"comment_status":"closed","ping_status":"closed","sticky":false,"template":"","format":"standard","meta":{"_et_pb_use_builder":"","_et_pb_old_content":"","_et_gb_content_width":"","footnotes":""},"categories":[1],"tags":[],"class_list":["post-4410","post","type-post","status-publish","format-standard","has-post-thumbnail","hentry","category-allgemein"],"_links":{"self":[{"href":"https:\/\/standort-niederrhein.de\/en\/wp-json\/wp\/v2\/posts\/4410","targetHints":{"allow":["GET"]}}],"collection":[{"href":"https:\/\/standort-niederrhein.de\/en\/wp-json\/wp\/v2\/posts"}],"about":[{"href":"https:\/\/standort-niederrhein.de\/en\/wp-json\/wp\/v2\/types\/post"}],"author":[{"embeddable":true,"href":"https:\/\/standort-niederrhein.de\/en\/wp-json\/wp\/v2\/users\/3"}],"replies":[{"embeddable":true,"href":"https:\/\/standort-niederrhein.de\/en\/wp-json\/wp\/v2\/comments?post=4410"}],"version-history":[{"count":1,"href":"https:\/\/standort-niederrhein.de\/en\/wp-json\/wp\/v2\/posts\/4410\/revisions"}],"predecessor-version":[{"id":4412,"href":"https:\/\/standort-niederrhein.de\/en\/wp-json\/wp\/v2\/posts\/4410\/revisions\/4412"}],"wp:featuredmedia":[{"embeddable":true,"href":"https:\/\/standort-niederrhein.de\/en\/wp-json\/wp\/v2\/media\/4411"}],"wp:attachment":[{"href":"https:\/\/standort-niederrhein.de\/en\/wp-json\/wp\/v2\/media?parent=4410"}],"wp:term":[{"taxonomy":"category","embeddable":true,"href":"https:\/\/standort-niederrhein.de\/en\/wp-json\/wp\/v2\/categories?post=4410"},{"taxonomy":"post_tag","embeddable":true,"href":"https:\/\/standort-niederrhein.de\/en\/wp-json\/wp\/v2\/tags?post=4410"}],"curies":[{"name":"wp","href":"https:\/\/api.w.org\/{rel}","templated":true}]}}