{"id":4407,"date":"2024-06-25T07:00:00","date_gmt":"2024-06-25T05:00:00","guid":{"rendered":"https:\/\/invest-in-niederrhein.de\/?p=4407"},"modified":"2024-06-25T10:21:21","modified_gmt":"2024-06-25T08:21:21","slug":"niederrhein-tourismus-feierte-20-jaehriges","status":"publish","type":"post","link":"https:\/\/standort-niederrhein.de\/en\/2024\/06\/25\/niederrhein-tourismus-feierte-20-jaehriges\/","title":{"rendered":"Niederrhein Tourismus feierte 20-J\u00e4hriges"},"content":{"rendered":"\n<p><strong>Niederrhein\/ Wesel. <\/strong>\u201eVon wundersch\u00f6nen Natur- und Kulturlandschaften \u00fcber romantische Altstadt-Gassen bis hin zu Deutschlands l\u00e4ngstem Radwegenetz gibt es am Niederrhein viel zu entdecken und erleben. Niederrhein Tourismus vermarktet dieses vielf\u00e4ltige touristische Angebot im Schulterschluss mit allen beteiligten touristischen Akteurinnen und Akteuren vor Ort seit 20 Jahren sehr erfolgreich. Dazu gratuliere ich herzlich\u201c, so Silke Krebs, Staatssekret\u00e4rin im Wirtschafts- und Klimaschutzministerium Nordrhein-Westfalen. Sie geh\u00f6rte zu den zahlreichen geladenen G\u00e4sten auf der 20-Jahr-Feier der Niederrhein Tourismus GmbH. Im Waldhotel Tannenh\u00e4uschen in Wesel standen am Freitagnachmittag (21.06.2024) R\u00fcckblicke, aber vor allem Zukunftsperspektiven auf dem Programm.<\/p>\n\n\n\n<p>Hinter der 2004 gegr\u00fcndeten Gesellschaft mit Sitz in Viersen stehen die vier Kreise Heinsberg, Kleve, Viersen und Wesel. Die Niederrhein Tourismus GmbH ist das Dach f\u00fcr alles, was mit Tourismus zu tun hat. Daf\u00fcr arbeitet sie mit den St\u00e4dten und Gemeinden und den Leistungsanbietern der Tourismusbranche eng zusammen. Davon profitieren sowohl die gesamte Region als auch die einzelnen Kommunen.<\/p>\n\n\n\n<p>Der Heinsberger Landrat Stephan Pusch, Aufsichtsratsvorsitzender Niederrhein Tourismus GmbH, betont die hohe Bedeutung der Nachhaltigkeitsaspekte f\u00fcr eine attraktive Destination. Und erg\u00e4nzt: \u201eEine gelungene Tourismusf\u00f6rderung ist eine gemeinschaftliche Aufgabe f\u00fcr die ganze Region, gemeinsam f\u00fcr den Tourismus am Niederrhein. Sie dient der besseren Standortvermarktung und steigert die Aufenthaltsqualit\u00e4t unserer B\u00fcrgerinnen und B\u00fcrger.\u201c<\/p>\n\n\n\n<p>Der Kreis Kleve hat im vergangenen Jahr 900.000 \u00dcbernachtungen gez\u00e4hlt. \u201eDer Tourismus ist im Kreis ein bedeutender Wirtschaftsfaktor\u201c, so Landrat Christoph Gerwers. Er st\u00e4rke die ans\u00e4ssige Wirtschaft durch erh\u00f6hte Ums\u00e4tze in Einzelhandel, Beherbergung, Gastronomie, Unterhaltung und Dienstleistung und trage somit zur lokalen Wertsch\u00f6pfung bei. \u201eAlle zusammen sollten wir verst\u00e4rkt in umweltfreundliche Infrastruktur, die F\u00f6rderung lokaler Produkte und nachhaltiger Praktiken sowie die Sensibilisierung von Besuchern f\u00fcr umweltbewusstes Reisen investieren.\u201c&nbsp;<\/p>\n\n\n\n<p>Insgesamt war 2023 im Hinblick auf die \u00dcbernachtungszahlen das beste Jahr f\u00fcr den Niederrhein Tourismus seit Gr\u00fcndung. Laut der Statistik des Landesbetriebs IT.NRW f\u00fcr den Zeitraum Januar bis Dezember ergab sich eine exakte Gesamtsumme von 2.416.984 \u2013 3,6 Prozent mehr als 2022 und immerhin noch 0,8 Prozent mehr als 2019.<\/p>\n\n\n\n<p>\u201eDie Zahlen zeigen es: J\u00e4hrlich kommen mehr Menschen an den Niederrhein, um hier Urlaub zu machen. Das haben wir auch dem Engagement von Niederrhein Tourismus zu verdanken, die seit nunmehr 20 Jahren f\u00fcr unsere vielf\u00e4ltige Heimat Werbung macht und Urlaubssuchenden ein attraktives Ziel bietet\u201c, sagt Dr. Andreas Coenen, Landrat des Kreises Viersen. \u201eZudem f\u00f6rdert der Niederrhein Tourismus die Vernetzung lokaler Akteure \u00fcber die Kreisgrenzen hinaus, was immer wieder zu gewinnbringenden Kooperationen und Angeboten f\u00fchrt, die wir Touristinnen und Touristen anbieten k\u00f6nnen. So gewinnen nicht nur die Urlauberinnen und Urlauber, sondern auch die Anbietenden vor Ort.\u201c&nbsp;<\/p>\n\n\n\n<p>\u201eDort, wo nachhaltiger Tourismus und Standortmarketing zusammenfinden, gewinnt unser Niederrhein-Kreis Wesel an Strahlkraft auf der touristischen Landkarte\u201c, sagt Landrat Ingo Brohl. \u201eDie \u00dcbernachtungszahlen im Kreis Wesel sind seit dem Start unserer Zusammenarbeit bis zur Corona-Pandemie um rund 47 Prozent gestiegen.\u201c Und Brohl sieht weiteres Potenzial: \u201eDer Niederrhein ist in meinen Augen eine der spannenden, zukunftsweisenden Tourismusdestinationen.\u201c&nbsp;<\/p>\n\n\n\n<p>\u201eZu den Kernthemen Radfahren und Wandern haben wir uns in den letzten Jahren eine hohe Kompetenz qualitativ erarbeitet. Nun gilt es, die Region wettbewerbsf\u00e4hig zu halten und die Themen Digitalisierung und Nachhaltigkeit mit den Akteuren der Region umzusetzen sowie die Markenf\u00fchrung ,Niederrhein &#8211; So gut. So weit.\u2019&nbsp;zu verst\u00e4rken\u201c, sagt Martina Baumg\u00e4rtner, Gesch\u00e4ftsf\u00fchrerin der Niederrhein Tourismus GmbH.<\/p>\n\n\n\n<p>\u201eIch bin sicher: Der Erfolg ist Ansporn, den Niederrhein als Tourismusregion zuk\u00fcnftig noch bekannter zu machen und dabei auch neue, nachhaltige touristische Angebote in den Blick zu nehmen\u201c, sagt NRW-Wirtschaftsstaatssekret\u00e4rin Silke Krebs.<\/p>\n\n\n\n<p>Quelle: <a href=\"https:\/\/www.niederrhein-tourismus.de\/service\/presse\/niederrhein-tourismus-feierte-20-jaehriges\">Niederrhein Tourismus<\/a><\/p>\n\n\n<figure class=\"wp-block-post-featured-image\"><img loading=\"lazy\" decoding=\"async\" width=\"752\" height=\"501\" src=\"https:\/\/standort-niederrhein.de\/wp-content\/uploads\/2024\/06\/Jubilaeum-Niederrhein-Tourismus-\u00a9Nevzet-Baran-1-752x501-1.jpg\" class=\"attachment-post-thumbnail size-post-thumbnail wp-post-image\" alt=\"\" style=\"object-fit:cover;\" srcset=\"https:\/\/standort-niederrhein.de\/wp-content\/uploads\/2024\/06\/Jubilaeum-Niederrhein-Tourismus-\u00a9Nevzet-Baran-1-752x501-1.jpg 752w, https:\/\/standort-niederrhein.de\/wp-content\/uploads\/2024\/06\/Jubilaeum-Niederrhein-Tourismus-\u00a9Nevzet-Baran-1-752x501-1-300x200.jpg 300w, https:\/\/standort-niederrhein.de\/wp-content\/uploads\/2024\/06\/Jubilaeum-Niederrhein-Tourismus-\u00a9Nevzet-Baran-1-752x501-1-480x320.jpg 480w\" sizes=\"(max-width: 752px) 100vw, 752px\" \/><\/figure>\n\n\n<p>Auf der Veranstaltung in Wesel konnte NT-Gesch\u00e4ftsf\u00fchrerin Martina Baumg\u00e4rtner (M.,r.) auch auf der B\u00fchne zahlreiche G\u00e4ste begr\u00fc\u00dfen: Neben NRW-Wirtschaftsstaatssekret\u00e4rin Silke Krebs waren (v.r.) der Kreisdirektor Ingo Schabrich aus dem Kreis Viersen (in Vertretung von Landrat Dr. Andreas Coenen) sowie die Landr\u00e4te Ingo Brohl (Kreis Wesel), Stephan Pusch (Kreis Heinsberg) und Christoph Gerwers (Kreis Kleve) gekommen. Keynote-Speaker war \u201eCirque du Soleil\u201c-Weltstar Christian Lindemann (ganz l.). | Foto: Nevzet Barana<\/p>\n","protected":false},"excerpt":{"rendered":"<p>Niederrhein\/ Wesel. \u201eVon wundersch\u00f6nen Natur- und Kulturlandschaften \u00fcber romantische Altstadt-Gassen bis hin zu Deutschlands l\u00e4ngstem Radwegenetz gibt es am Niederrhein viel zu entdecken und erleben. Niederrhein Tourismus vermarktet dieses vielf\u00e4ltige touristische Angebot im Schulterschluss mit allen beteiligten touristischen Akteurinnen und Akteuren vor Ort seit 20 Jahren sehr erfolgreich. Dazu gratuliere ich herzlich\u201c, so Silke Krebs, [&hellip;]<\/p>\n","protected":false},"author":3,"featured_media":4408,"comment_status":"closed","ping_status":"closed","sticky":false,"template":"","format":"standard","meta":{"_et_pb_use_builder":"","_et_pb_old_content":"","_et_gb_content_width":"","footnotes":""},"categories":[1],"tags":[],"class_list":["post-4407","post","type-post","status-publish","format-standard","has-post-thumbnail","hentry","category-allgemein"],"_links":{"self":[{"href":"https:\/\/standort-niederrhein.de\/en\/wp-json\/wp\/v2\/posts\/4407","targetHints":{"allow":["GET"]}}],"collection":[{"href":"https:\/\/standort-niederrhein.de\/en\/wp-json\/wp\/v2\/posts"}],"about":[{"href":"https:\/\/standort-niederrhein.de\/en\/wp-json\/wp\/v2\/types\/post"}],"author":[{"embeddable":true,"href":"https:\/\/standort-niederrhein.de\/en\/wp-json\/wp\/v2\/users\/3"}],"replies":[{"embeddable":true,"href":"https:\/\/standort-niederrhein.de\/en\/wp-json\/wp\/v2\/comments?post=4407"}],"version-history":[{"count":1,"href":"https:\/\/standort-niederrhein.de\/en\/wp-json\/wp\/v2\/posts\/4407\/revisions"}],"predecessor-version":[{"id":4409,"href":"https:\/\/standort-niederrhein.de\/en\/wp-json\/wp\/v2\/posts\/4407\/revisions\/4409"}],"wp:featuredmedia":[{"embeddable":true,"href":"https:\/\/standort-niederrhein.de\/en\/wp-json\/wp\/v2\/media\/4408"}],"wp:attachment":[{"href":"https:\/\/standort-niederrhein.de\/en\/wp-json\/wp\/v2\/media?parent=4407"}],"wp:term":[{"taxonomy":"category","embeddable":true,"href":"https:\/\/standort-niederrhein.de\/en\/wp-json\/wp\/v2\/categories?post=4407"},{"taxonomy":"post_tag","embeddable":true,"href":"https:\/\/standort-niederrhein.de\/en\/wp-json\/wp\/v2\/tags?post=4407"}],"curies":[{"name":"wp","href":"https:\/\/api.w.org\/{rel}","templated":true}]}}