{"id":4402,"date":"2024-06-28T06:00:00","date_gmt":"2024-06-28T04:00:00","guid":{"rendered":"https:\/\/invest-in-niederrhein.de\/?p=4402"},"modified":"2024-07-01T09:42:39","modified_gmt":"2024-07-01T07:42:39","slug":"wasserstoff-hub-rkn-rheinland-e-v-6-wissensforum-auf-gut-gnadental","status":"publish","type":"post","link":"https:\/\/standort-niederrhein.de\/en\/2024\/06\/28\/wasserstoff-hub-rkn-rheinland-e-v-6-wissensforum-auf-gut-gnadental\/","title":{"rendered":"Wasserstoff Hub RKN\/ Rheinland e.V. | 6. Wissensforum auf Gut Gnadental"},"content":{"rendered":"\n<p><strong>Rhein-Kreis Neuss. <\/strong>Experten sind sich einig, dass Wasserstoff \u2013 vor allem gr\u00fcner Wasserstoff \u2013 im Energie-Mix der Zukunft eine wichtige Rolle spielen wird.<\/p>\n\n\n\n<p>Jetzt trafen sich auf Einladung des 2020 gegr\u00fcndeten Wasserstoff Hub RKN\/Rheinland e.V. mehr als 80 G\u00e4ste zum Wissensaustausch und Networking auf Gut Gnadental.<\/p>\n\n\n\n<p>Moderiert wurde die Veranstaltung von Dirk Br\u00fcgge, Kreisdirektor des Rhein-Kreises Neuss. Es sprachen: Florian Lindner, Leiter Business Development H2 der Westenergie AG. Er erl\u00e4uterte in seinem Vortrag mit dem Titel \u201eHochlauf der Wasserstoffwirtschaft und Beispielprojekte\u201c die Entwicklung des Wasserstoffmarktes und pr\u00e4sentierte mehrere lokale Vorzeigeprojekte, zum Beispiel: In der Gemeinde Holzwickede bei Dortmund flie\u00dft erstmals 100&nbsp;Prozent gr\u00fcner Wasserstoff (H<sub>2<\/sub>) durch eine Leitung der \u00f6ffentlichen Erdgasversorgung.<\/p>\n\n\n\n<p>Im zweiten Vortrag \u201eAEM Flex 120 Elektrolyseur &#8211; Vom Prototypen zur Serie in 16 Wochen\u201c sprach Dennis Heimb\u00fcrger, Teamlead Clean Energy Team&nbsp;der Swagelok D\u00fcsseldorf, \u00fcber die Partnerschaft zwischen der Firma Enapter und Swagelok D\u00fcsseldorf, die in nur 16 Wochen eine Plug-&amp;-Play-L\u00f6sung hervorgebracht&nbsp;haben, die gr\u00fcnen Wasserstoff von industrieller Prozessw\u00e4rme bis zur Betankung vorantreibt.<\/p>\n\n\n\n<p>Armin Aengenheyster, Gesch\u00e4ftsf\u00fchrer der IBAA GmbH &amp; Co. KG, seit ca. 10 Jahren Generalplaner f\u00fcr H2-Tankstellen und Elektrolyseure, demonstrierte in seinem Vortrag \u201eWasserstoff-Infrastruktur: Ein Wegweiser von der Standortfindung bis zur Realisierung\u201c den Weg von der Machbarkeitsstudie \u00fcber F\u00f6rderantr\u00e4ge und Genehmigungsplanung inkl. aller Fachplaner wie Z\u00dcS, Brand-, Schall und Exschutzgutachten zur Bauleitung und Fertigstellung.<\/p>\n\n\n\n<p>Bei Sebastian Biegler vom Lehrstuhl f\u00fcr Production Engineering of E-Mobility Components, RWTH Aachen University, ging es um \u201eHerausforderungen bei der Elektrifizierung von schweren Nutzfahrzeugen mit Brennstoffzelle\u201c. F\u00fcr eine signifikante Reduktion der CO<sub>2<\/sub>-Emissionen ist die Elektrifizierung der schweren Nutzfahrzeuge erforderlich, so Biegler. Diese Kategorie ist jedoch aufgrund ihrer vielseitigen Einsatzzwecke (Langstrecke, Kurzstrecke, mit K\u00fchleinheit oder Sonderenergieabnehmern, etc.) sehr vielseitig und nicht einheitlich mit einer Konfiguration zu elektrifizieren.<\/p>\n\n\n\n<p>Nach den anregenden Vortr\u00e4gen gab es lebhafte Diskussionen zwischen Publikum und Experten. Jutta Z\u00fclow, Initiatorin und Mitgr\u00fcnderin des Wasserstoff Hub RKN\/Rheinland e.V., bilanzierte: \u201eUns geht es darum, Wissenschaft und Forschung und die Verbindung von Forschung und Unternehmen zu f\u00f6rdern. Wir wollen und m\u00fcssen auf den Klimawandel kluge ideologiefreie Antworten finden.\u201c<\/p>\n\n\n\n<p>Unter den G\u00e4sten war auch Hans-J\u00fcrgen Petrauschke, Landrat des Rhein-Kreises Neuss .<\/p>\n\n\n\n<p>Am 1. Oktober 2024 findet auf Gut Gnadental zum zweiten Mal der Tag des Wasserstoffs statt.<\/p>\n\n\n\n<p><strong>Wasserstoff Hub RKN\/Rheinland e.V.<\/strong><br>Der Wasserstoff Hub RKN\/Rheinland e.V. ist kompetenter Ansprechpartner f\u00fcr Unternehmen, Wissenschaft und Forschung, Politik und Verwaltung und B\u00fcrger, in Bezug auf Wasserstofftechnologien und Wasserstoffinfrastruktur sowie die Anwendung und Herstellung von Wasserstoff. Mit der Einbindung von Forschung und Wissenschaft gestaltet der Verein den Strukturwandel und den Erhalt von Besch\u00e4ftigung sowie der Wertsch\u00f6pfung der Region im Hinblick auf Umwelt- und Klimaschutz. Als Vorstandsvorsitzender fungiert der promovierte Physiker und Gesch\u00e4ftsf\u00fchrer der Neusser neoxid group Dr. Dieter Ostermann. Schirmherr ist Hans-J\u00fcrgen Petrauschke, Landrat des Rhein-Kreises Neuss. Weitere Infos unter: <a href=\"https:\/\/www.h2-hub-rheinland.de\/\">https:\/\/www.h2-hub-rheinland.de\/<\/a><\/p>\n\n\n\n<p>Quelle: J\u00f6rg Schwarz | Journalismus, PR &amp; Lyrik<\/p>\n\n\n<figure class=\"wp-block-post-featured-image\"><img loading=\"lazy\" decoding=\"async\" width=\"941\" height=\"832\" src=\"https:\/\/standort-niederrhein.de\/wp-content\/uploads\/2024\/06\/Foto-1.jpg\" class=\"attachment-post-thumbnail size-post-thumbnail wp-post-image\" alt=\"\" style=\"object-fit:cover;\" srcset=\"https:\/\/standort-niederrhein.de\/wp-content\/uploads\/2024\/06\/Foto-1.jpg 941w, https:\/\/standort-niederrhein.de\/wp-content\/uploads\/2024\/06\/Foto-1-480x424.jpg 480w\" sizes=\"(min-width: 0px) and (max-width: 480px) 480px, (min-width: 481px) 941px, 100vw\" \/><\/figure>\n\n\n<p>Von links:\u00a0 Florian Lindner (westenergie), Sebastian Biegler (PEM RWTH Aachen University), Katharina Leuffen (Gesch\u00e4ftsf\u00fchrerin Wasserstoff Hub RKN\/Rheinland e.V.), Dirk Br\u00fcgge (Kreisdirektor Rhein-Kreis Neuss), Jutta Z\u00fclow (Z\u00fclow AG), Dieter Ostermann (neoxid GmbH), Armin Aengenheyster (Ingenieurb\u00fcro Armin Aengenheyster) und Dennis Heimb\u00fcrger (Swagelok)\u00a0| Foto: Wasserstoff Hub RKN\/ Rheinland e.V.<\/p>\n","protected":false},"excerpt":{"rendered":"<p>Rhein-Kreis Neuss. Experten sind sich einig, dass Wasserstoff \u2013 vor allem gr\u00fcner Wasserstoff \u2013 im Energie-Mix der Zukunft eine wichtige Rolle spielen wird. Jetzt trafen sich auf Einladung des 2020 gegr\u00fcndeten Wasserstoff Hub RKN\/Rheinland e.V. mehr als 80 G\u00e4ste zum Wissensaustausch und Networking auf Gut Gnadental. Moderiert wurde die Veranstaltung von Dirk Br\u00fcgge, Kreisdirektor des [&hellip;]<\/p>\n","protected":false},"author":3,"featured_media":4403,"comment_status":"closed","ping_status":"closed","sticky":false,"template":"","format":"standard","meta":{"_et_pb_use_builder":"","_et_pb_old_content":"","_et_gb_content_width":"","footnotes":""},"categories":[1],"tags":[],"class_list":["post-4402","post","type-post","status-publish","format-standard","has-post-thumbnail","hentry","category-allgemein"],"_links":{"self":[{"href":"https:\/\/standort-niederrhein.de\/en\/wp-json\/wp\/v2\/posts\/4402","targetHints":{"allow":["GET"]}}],"collection":[{"href":"https:\/\/standort-niederrhein.de\/en\/wp-json\/wp\/v2\/posts"}],"about":[{"href":"https:\/\/standort-niederrhein.de\/en\/wp-json\/wp\/v2\/types\/post"}],"author":[{"embeddable":true,"href":"https:\/\/standort-niederrhein.de\/en\/wp-json\/wp\/v2\/users\/3"}],"replies":[{"embeddable":true,"href":"https:\/\/standort-niederrhein.de\/en\/wp-json\/wp\/v2\/comments?post=4402"}],"version-history":[{"count":3,"href":"https:\/\/standort-niederrhein.de\/en\/wp-json\/wp\/v2\/posts\/4402\/revisions"}],"predecessor-version":[{"id":4456,"href":"https:\/\/standort-niederrhein.de\/en\/wp-json\/wp\/v2\/posts\/4402\/revisions\/4456"}],"wp:featuredmedia":[{"embeddable":true,"href":"https:\/\/standort-niederrhein.de\/en\/wp-json\/wp\/v2\/media\/4403"}],"wp:attachment":[{"href":"https:\/\/standort-niederrhein.de\/en\/wp-json\/wp\/v2\/media?parent=4402"}],"wp:term":[{"taxonomy":"category","embeddable":true,"href":"https:\/\/standort-niederrhein.de\/en\/wp-json\/wp\/v2\/categories?post=4402"},{"taxonomy":"post_tag","embeddable":true,"href":"https:\/\/standort-niederrhein.de\/en\/wp-json\/wp\/v2\/tags?post=4402"}],"curies":[{"name":"wp","href":"https:\/\/api.w.org\/{rel}","templated":true}]}}