{"id":4396,"date":"2024-06-26T06:00:00","date_gmt":"2024-06-26T04:00:00","guid":{"rendered":"https:\/\/invest-in-niederrhein.de\/?p=4396"},"modified":"2024-06-25T09:50:12","modified_gmt":"2024-06-25T07:50:12","slug":"social-media-kampagne-leben-und-arbeiten-im-kreis-kleve","status":"publish","type":"post","link":"https:\/\/standort-niederrhein.de\/en\/2024\/06\/26\/social-media-kampagne-leben-und-arbeiten-im-kreis-kleve\/","title":{"rendered":"Social-Media-Kampagne \u201eLeben und Arbeiten im Kreis Kleve\u201c"},"content":{"rendered":"\n<p><strong>Kreis Kleve\/ Emmerich am Rhein. <\/strong>Die Social-Media-Kampagne \u201eLeben und Arbeiten im Kreis Kleve\u201c geht mit Embricana \u2013 Sauna und Freizeitbad aus Emmerich am Rhein \u2013 in die n\u00e4chste und zugleich letzte Runde. Die Initiative der Wirtschaftsf\u00f6rderung Kreis Kleve, gef\u00f6rdert durch die Sparkassen und Volksbanken der Region, pr\u00e4sentiert acht Social-Media-Clips, die in regelm\u00e4\u00dfigen Abst\u00e4nden ausgespielt werden. Ziel der Kreis-WfG ist es, das Standortmarketing auszubauen, gemeinsam mit den hiesigen Unternehmen die vielf\u00e4ltigen Berufsm\u00f6glichkeiten darzustellen, die Menschen f\u00fcr den Kreis Kleve zu begeistern und somit zur Fachkr\u00e4ftegewinnung beizutragen.\u00a0<\/p>\n\n\n\n<p>Das Embricana in Emmerich am Rhein ist ein Freizeit- und Sportbad mit einer der modernsten Saunalandschaften am Niederrhein. Auf mehr als 1000 Quadratmetern Wasserfl\u00e4che bietet es bei jedem Wetter Bade- und Schwimmvergn\u00fcgen f\u00fcr Jung und Alt. Die Saunalandschaft verf\u00fcgt \u00fcber f\u00fcnf Saunen, davon eine Eventsauna, sowie ein Dampfbad. Eingebettet in die sch\u00f6ne niederrheinische Landschaft ist das Embricana der perfekte Ort zum Entspannen und Wohlf\u00fchlen.<\/p>\n\n\n\n<p>Der Kurzfilm ist auf den Social-Media-Kan\u00e4len Facebook, Instagram und LinkedIn der Wirtschaftsf\u00f6rderung Kreis Kleve abrufbar. \u00a0<\/p>\n\n\n\n<p>Quelle: <a href=\"http:\/\/www.wfg-kreis-kleve.de\">WFG Kreis Kleve<\/a><\/p>\n\n\n<figure class=\"wp-block-post-featured-image\"><img loading=\"lazy\" decoding=\"async\" width=\"2250\" height=\"1500\" src=\"https:\/\/standort-niederrhein.de\/wp-content\/uploads\/2024\/06\/Embricana_PI.jpg\" class=\"attachment-post-thumbnail size-post-thumbnail wp-post-image\" alt=\"\" style=\"object-fit:cover;\" srcset=\"https:\/\/standort-niederrhein.de\/wp-content\/uploads\/2024\/06\/Embricana_PI.jpg 2250w, https:\/\/standort-niederrhein.de\/wp-content\/uploads\/2024\/06\/Embricana_PI-1280x853.jpg 1280w, https:\/\/standort-niederrhein.de\/wp-content\/uploads\/2024\/06\/Embricana_PI-980x653.jpg 980w, https:\/\/standort-niederrhein.de\/wp-content\/uploads\/2024\/06\/Embricana_PI-480x320.jpg 480w\" sizes=\"(min-width: 0px) and (max-width: 480px) 480px, (min-width: 481px) and (max-width: 980px) 980px, (min-width: 981px) and (max-width: 1280px) 1280px, (min-width: 1281px) 2250px, 100vw\" \/><\/figure>\n\n\n<p>Das Embricana ist der perfekte Ort zum Entspannen und Wohlf\u00fchlen. | Foto: WFG Kreis Kleve<\/p>\n","protected":false},"excerpt":{"rendered":"<p>Kreis Kleve\/ Emmerich am Rhein. Die Social-Media-Kampagne \u201eLeben und Arbeiten im Kreis Kleve\u201c geht mit Embricana \u2013 Sauna und Freizeitbad aus Emmerich am Rhein \u2013 in die n\u00e4chste und zugleich letzte Runde. Die Initiative der Wirtschaftsf\u00f6rderung Kreis Kleve, gef\u00f6rdert durch die Sparkassen und Volksbanken der Region, pr\u00e4sentiert acht Social-Media-Clips, die in regelm\u00e4\u00dfigen Abst\u00e4nden ausgespielt werden. [&hellip;]<\/p>\n","protected":false},"author":3,"featured_media":4397,"comment_status":"closed","ping_status":"closed","sticky":false,"template":"","format":"standard","meta":{"_et_pb_use_builder":"","_et_pb_old_content":"","_et_gb_content_width":"","footnotes":""},"categories":[1],"tags":[],"class_list":["post-4396","post","type-post","status-publish","format-standard","has-post-thumbnail","hentry","category-allgemein"],"_links":{"self":[{"href":"https:\/\/standort-niederrhein.de\/en\/wp-json\/wp\/v2\/posts\/4396","targetHints":{"allow":["GET"]}}],"collection":[{"href":"https:\/\/standort-niederrhein.de\/en\/wp-json\/wp\/v2\/posts"}],"about":[{"href":"https:\/\/standort-niederrhein.de\/en\/wp-json\/wp\/v2\/types\/post"}],"author":[{"embeddable":true,"href":"https:\/\/standort-niederrhein.de\/en\/wp-json\/wp\/v2\/users\/3"}],"replies":[{"embeddable":true,"href":"https:\/\/standort-niederrhein.de\/en\/wp-json\/wp\/v2\/comments?post=4396"}],"version-history":[{"count":1,"href":"https:\/\/standort-niederrhein.de\/en\/wp-json\/wp\/v2\/posts\/4396\/revisions"}],"predecessor-version":[{"id":4398,"href":"https:\/\/standort-niederrhein.de\/en\/wp-json\/wp\/v2\/posts\/4396\/revisions\/4398"}],"wp:featuredmedia":[{"embeddable":true,"href":"https:\/\/standort-niederrhein.de\/en\/wp-json\/wp\/v2\/media\/4397"}],"wp:attachment":[{"href":"https:\/\/standort-niederrhein.de\/en\/wp-json\/wp\/v2\/media?parent=4396"}],"wp:term":[{"taxonomy":"category","embeddable":true,"href":"https:\/\/standort-niederrhein.de\/en\/wp-json\/wp\/v2\/categories?post=4396"},{"taxonomy":"post_tag","embeddable":true,"href":"https:\/\/standort-niederrhein.de\/en\/wp-json\/wp\/v2\/tags?post=4396"}],"curies":[{"name":"wp","href":"https:\/\/api.w.org\/{rel}","templated":true}]}}