{"id":4388,"date":"2024-06-10T06:00:00","date_gmt":"2024-06-10T04:00:00","guid":{"rendered":"https:\/\/invest-in-niederrhein.de\/?p=4388"},"modified":"2024-06-21T11:39:16","modified_gmt":"2024-06-21T09:39:16","slug":"ihk-feiert-100-jaehriges-bestehen-im-kreis-kleve","status":"publish","type":"post","link":"https:\/\/standort-niederrhein.de\/en\/2024\/06\/10\/ihk-feiert-100-jaehriges-bestehen-im-kreis-kleve\/","title":{"rendered":"IHK feiert 100-j\u00e4hriges Bestehen im Kreis Kleve"},"content":{"rendered":"\n<p><strong>Duisburg\/ Kreis Kleve.<\/strong> &#8220;Wir alle profitieren von einem starken Europa. Deshalb ist es wichtig, am Sonntag zur Wahl zu gehen und die pro-europ\u00e4ischen Kr\u00e4fte zu st\u00e4rken\u201c, appellierte Werner Schaurte-K\u00fcppers, Pr\u00e4sident der Niederrheinischen IHK, an die G\u00e4ste beim IHK-Sommerempfang am 6. Juni. Mit dabei waren unter anderem NRW-Ministerin Silke Gori\u00dfen, Christoph Gerwers, Landrat des Kreises Kleve, und Hubert Bruls, B\u00fcrgermeister der Stadt Nijmegen. In der Stadthalle Kleve feierte die IHK ihr 100-j\u00e4hriges Bestehen im Kreis Kleve.<\/p>\n\n\n\n<p>Europa ist der drittgr\u00f6\u00dfte Wirtschaftsraum der Welt. Er erleichtert Handel und Austausch \u00fcber Landesgrenzen hinweg. So st\u00e4rkt der Zusammenschluss den Wohlstand und Wissenstransfer. Gleichzeitig erinnerte Schaurte-K\u00fcppers an die \u00fcberbordende B\u00fcrokratie: \u201eWenn wir in Europa an Digitalisierung denken, f\u00e4llt uns die Datenschutz-Grundverordnung ein. Die EU-Kommission schafft es, uns alle mit fest getackerten Deckeln an Plastikflaschen zu nerven. Ihr gelingt es aber nicht, die gezielte Zuwanderung nach Europa zu steuern.\u201c Diese ist laut IHK ein wichtiger Faktor f\u00fcr den angespannten Arbeitsmarkt, denn Deutschland fehlen Fachkr\u00e4fte. Zus\u00e4tzlich sollte sich Europa auf eine gemeinsame Au\u00dfenpolitik und Au\u00dfenhandelsstrategie konzentrieren.<\/p>\n\n\n\n<p><strong>100 Jahre Wirtschaft im Kreis Kleve<\/strong><br>Seit 100 Jahren begleitet die Niederrheinische IHK die Wirtschaft im Kreis Kleve mit ihrer Zweigstelle. Dieses Jubil\u00e4um nahm die IHK zum Anlass, auf die Unternehmen der Region zu schauen, die die Region zukunftsf\u00e4hig und lebenswert machen. Auch dabei spielte schon fr\u00fch der internationale Austausch eine gro\u00dfe Rolle: 1832 wurde in Emmerich die van G\u00fclpen Kaffee-R\u00f6sterei gegr\u00fcndet. 1924 entstand die Margarinemarke Rama in Goch \u2013 auf Initiative niederl\u00e4ndische Unternehmen. In beiden F\u00e4llen konnten Einfuhrz\u00f6lle gespart werden. Der Kreis Kleve steht neben zahlreichen namhaften Betrieben auch f\u00fcr seine idyllische Landschaft, die verschiedenste Besucher an unseren Niederrhein einl\u00e4dt und den Tourismus befl\u00fcgelt.<\/p>\n\n\n\n<p>Quelle: <a href=\"https:\/\/www.ihk.de\/niederrhein\/topnavigation\/presse\/pressemitteilungen\/pressemitteilungen2024\/pm-sommerempfang-6171052\">Niederrheinische Industrie- und Handelskammer Duisburg-Wesel-Kleve zu Duisburg<\/a><\/p>\n\n\n<figure class=\"wp-block-post-featured-image\"><img loading=\"lazy\" decoding=\"async\" width=\"1280\" height=\"853\" src=\"https:\/\/standort-niederrhein.de\/wp-content\/uploads\/2024\/06\/pm-sommerempfang-bu1-c-hendrik-grzebatzki-data.jpg\" class=\"attachment-post-thumbnail size-post-thumbnail wp-post-image\" alt=\"\" style=\"object-fit:cover;\" srcset=\"https:\/\/standort-niederrhein.de\/wp-content\/uploads\/2024\/06\/pm-sommerempfang-bu1-c-hendrik-grzebatzki-data.jpg 1280w, https:\/\/standort-niederrhein.de\/wp-content\/uploads\/2024\/06\/pm-sommerempfang-bu1-c-hendrik-grzebatzki-data-980x653.jpg 980w, https:\/\/standort-niederrhein.de\/wp-content\/uploads\/2024\/06\/pm-sommerempfang-bu1-c-hendrik-grzebatzki-data-480x320.jpg 480w\" sizes=\"(min-width: 0px) and (max-width: 480px) 480px, (min-width: 481px) and (max-width: 980px) 980px, (min-width: 981px) 1280px, 100vw\" \/><\/figure>\n\n\n<p>Beim IHK-Sommerempfang trugen sich NRW-Ministerin Silke Gori\u00dfen und Hubert Bruls (2.v.l), B\u00fcrgermeister der Stadt Nijmegen ins Goldene Buch ein. Mit dabei Pr\u00e4sident Werner Schaurte-K\u00fcppers (r.) und Hauptgesch\u00e4ftsf\u00fchrer Dr. Stefan Dietzfelbinger. | Foto: Niederrheinische IHK Duisburg-Wesel-Kleve zu Duisburg<\/p>\n","protected":false},"excerpt":{"rendered":"<p>Duisburg\/ Kreis Kleve. &#8220;Wir alle profitieren von einem starken Europa. Deshalb ist es wichtig, am Sonntag zur Wahl zu gehen und die pro-europ\u00e4ischen Kr\u00e4fte zu st\u00e4rken\u201c, appellierte Werner Schaurte-K\u00fcppers, Pr\u00e4sident der Niederrheinischen IHK, an die G\u00e4ste beim IHK-Sommerempfang am 6. Juni. Mit dabei waren unter anderem NRW-Ministerin Silke Gori\u00dfen, Christoph Gerwers, Landrat des Kreises Kleve, [&hellip;]<\/p>\n","protected":false},"author":3,"featured_media":4389,"comment_status":"closed","ping_status":"closed","sticky":false,"template":"","format":"standard","meta":{"_et_pb_use_builder":"","_et_pb_old_content":"","_et_gb_content_width":"","footnotes":""},"categories":[1],"tags":[],"class_list":["post-4388","post","type-post","status-publish","format-standard","has-post-thumbnail","hentry","category-allgemein"],"_links":{"self":[{"href":"https:\/\/standort-niederrhein.de\/en\/wp-json\/wp\/v2\/posts\/4388","targetHints":{"allow":["GET"]}}],"collection":[{"href":"https:\/\/standort-niederrhein.de\/en\/wp-json\/wp\/v2\/posts"}],"about":[{"href":"https:\/\/standort-niederrhein.de\/en\/wp-json\/wp\/v2\/types\/post"}],"author":[{"embeddable":true,"href":"https:\/\/standort-niederrhein.de\/en\/wp-json\/wp\/v2\/users\/3"}],"replies":[{"embeddable":true,"href":"https:\/\/standort-niederrhein.de\/en\/wp-json\/wp\/v2\/comments?post=4388"}],"version-history":[{"count":1,"href":"https:\/\/standort-niederrhein.de\/en\/wp-json\/wp\/v2\/posts\/4388\/revisions"}],"predecessor-version":[{"id":4390,"href":"https:\/\/standort-niederrhein.de\/en\/wp-json\/wp\/v2\/posts\/4388\/revisions\/4390"}],"wp:featuredmedia":[{"embeddable":true,"href":"https:\/\/standort-niederrhein.de\/en\/wp-json\/wp\/v2\/media\/4389"}],"wp:attachment":[{"href":"https:\/\/standort-niederrhein.de\/en\/wp-json\/wp\/v2\/media?parent=4388"}],"wp:term":[{"taxonomy":"category","embeddable":true,"href":"https:\/\/standort-niederrhein.de\/en\/wp-json\/wp\/v2\/categories?post=4388"},{"taxonomy":"post_tag","embeddable":true,"href":"https:\/\/standort-niederrhein.de\/en\/wp-json\/wp\/v2\/tags?post=4388"}],"curies":[{"name":"wp","href":"https:\/\/api.w.org\/{rel}","templated":true}]}}