{"id":4385,"date":"2024-06-17T07:00:00","date_gmt":"2024-06-17T05:00:00","guid":{"rendered":"https:\/\/invest-in-niederrhein.de\/?p=4385"},"modified":"2024-06-21T10:12:44","modified_gmt":"2024-06-21T08:12:44","slug":"wie-die-neusser-wirtschaft-von-der-laga-profitieren-kann","status":"publish","type":"post","link":"https:\/\/standort-niederrhein.de\/en\/2024\/06\/17\/wie-die-neusser-wirtschaft-von-der-laga-profitieren-kann\/","title":{"rendered":"Wie die Neusser Wirtschaft von der LaGa profitieren kann"},"content":{"rendered":"\n<p><strong>Mittlerer Niederrhein\/ Neuss.<\/strong> Annette Nothnagel bezeichnet ihre Aufgabe als \u201eein Geschenk\u201c. Entsprechend begeistert erl\u00e4utert die Gesch\u00e4ftsf\u00fchrerin der Landesgartenschau Neuss 2026 GmbH (LaGa GmbH) die Pl\u00e4ne und die damit verbundenen \u201ebl\u00fchenden Perspektiven f\u00fcr die gesamte Stadt Neuss\u201c. Nothnagel war eine der Expertinnen und Experten, die beim Regionalforum Rhein-Kreis Neuss der Industrie- und Handelskammer (IHK) Mittlerer Niederrhein die Frage beantworteten, wie die Neusser Wirtschaft von der LaGa 2026 profitieren kann.<\/p>\n\n\n\n<p>Bei einem Rundgang \u00fcber das ehemalige Rennbahngel\u00e4nde durften die Teilnehmerinnen und Teilnehmer zun\u00e4chst ein wenig \u201eLaGa-Luft\u201c schnuppern: Nothnagel und Christoph H\u00f6lters, Beigeordneter der Stadt Neuss und Gesch\u00e4ftsf\u00fchrer der LaGa GmbH, stellten die Pl\u00e4ne f\u00fcr das 38 Hektar gro\u00dfe Gel\u00e4nde vor, das sich bis 2026 zu einem B\u00fcrgerpark entwickeln wird, sowie die Neustrukturierung des Gebiets Hammfeld I, in dem rund 1.500 Wohnungen entstehen sollen.<\/p>\n\n\n\n<p>\u201eAus Sicht der Neusser Unternehmen ist es eine gro\u00dfartige Sache, dass auf diesem riesigen Areal etwas passiert und Leben in die Bude kommt\u201c, erkl\u00e4rte Christoph Buchbender, Sprecher der Regionalforums. Er begr\u00fc\u00dfte die rund 50 Teilnehmerinnen und Teilnehmer nach der Rennbahnf\u00fchrung im IHK-Pop-up-Store Ausbildung am Markt. \u201eWir m\u00fcssen alle Neusserinnen und Neusser von diesem Projekt \u00fcberzeugen und brauchen daf\u00fcr ein entsprechend gutes Marketing\u201c, appellierte Buchbender.<\/p>\n\n\n\n<p>IHK-Hauptgesch\u00e4ftsf\u00fchrer J\u00fcrgen Steinmetz stimmte ihm zu: \u201eUm 2026 am Ziel sein zu k\u00f6nnen, gilt es nun, das Projekt mit allen Kr\u00e4ften voranzutreiben und gleichzeitig immer wieder die Chancen und Vorteile der LaGa in den Mittelpunkt zu r\u00fccken.\u201c Image, Wirtschaftsst\u00e4rke und Stadtentwicklung seien dabei wesentliche Aspekte.<\/p>\n\n\n\n<p>In ihrem Impulsvortrag \u201eDie Landesgartenschau Neuss 2026 \u2013 Chancen f\u00fcr die regionale Wirtschaft\u201c betonte Nothnagel: \u201eDie Verwirklichung der LaGa bringt Geld in die Region. Wir reden von 60 Millionen Euro, die hier investiert werden.\u201c Dies sei f\u00fcr regionale Unternehmen \u2013 trotz erforderlicher europaweiter Ausschreibungen \u2013 eine gro\u00dfe Chance. Mit dem Start der LaGa rechnet sie mit Gewinnen vor allem f\u00fcr den Handel, die Gastronomie und Hotellerie. \u201eWir gehen von insgesamt etwa 700.000 Besuchern aus\u201c, sagte Nothnagel. \u201eErfahrungswerte besagen, dass jeder Besucher zirka 20 Euro abseits der Landesgartenschau ausgibt.\u201c Um diese zus\u00e4tzliche Kaufkraft abzusch\u00f6pfen, lohne es sich f\u00fcr die Unternehmen, sich auf dieses Event einzurichten.<\/p>\n\n\n\n<p>Dar\u00fcber hinaus sorge die LaGa f\u00fcr eine nachhaltige Image-Steigerung des Standorts Neuss. \u201eWir wollen f\u00fcr eine \u00fcberregionale Strahlkraft sorgen.\u201c Und das touristische Interesse wecken. \u201eDas touristische Marketing soll durch die LaGa befeuert werden und neben dem Stammpublikum auch junge Menschen ansprechen.\u201c Dar\u00fcber hinaus hoffe man auf Marketing-Partnerschaften.<\/p>\n\n\n\n<p>\u201eDie Zeit rennt. Bald rollen die Bagger, und wir laden Sie herzlich dazu ein, sich zum Beispiel als Veranstalter, Sponsor oder Aussteller einzubringen\u201c, animierte Nothnagel ihre Zuh\u00f6rinnen und Zuh\u00f6rer. \u201eSchlie\u00dflich ist die LaGa ein echtes Team-Event.\u201c Zum Mitmachen riefen auch Sandra Breuer und Marcus Longerich, die Vorsitzenden des Vereins Gr\u00fcnes Herz \u2013 B\u00fcrgerpark Neuss, auf. So gebe es viele Ideen, wie Unternehmen und deren Mitarbeiterinnen und Mitarbeiter am B\u00fcrgerpark partizipieren k\u00f6nnen: Sportangebote im Park, Neusser Produkte bei der Landesgartenschau oder die Pr\u00e4sentation der Geschichte der Hafen- und Lebensmittelindustrie zum Beispiel.<\/p>\n\n\n\n<p>\u201eWas wir hier bauen, ist ein Magnet\u201c, betonte Dennis Niederhagen, CEO der DigitalValley GmbH, im Rahmen des Diskussions-Panels mit Steinmetz, H\u00f6lters und Christoph Napp-Saarbourg (Einhorn-Apotheke Victor Napp) unter dem Titel \u201ePotenziale f\u00fcr die lokale Wirtschaftsentwicklung\u201c. \u201eWir m\u00fcssen die LaGa als Plattform f\u00fcr Innovationen nutzen und neue Innovationsunternehmen anlocken.\u201c Napp-Saarbourg geht davon aus, dass die Gastronomie am Markt sicherlich profitieren werde. Allerdings bezweifelt er, dass die Innenstadt viel mehr Frequenz verzeichnen k\u00f6nne. \u201eEs fehlt noch Konkretes\u201c, betonte er. So bereite die Parksituation den H\u00e4ndlern zum Beispiel Sorgen. Nichtdestrotz freue man sich, dass es die LaGa Neuss geben wird.<\/p>\n\n\n\n<p>\u201eWir haben die Chance, \u00fcber Innovationen Wirtschaftskraft und Wertsch\u00f6pfung zu generieren\u201c, erkl\u00e4rte Steinmetz. \u201eAngelehnt an das Sommerm\u00e4rchen 2006, hoffe ich auf ein Sommerm\u00e4rchen 2026 im regionalen Kontext \u2013 das sich dann jeden Sommer wiederholt.<\/p>\n\n\n\n<p>Quelle: <a href=\"https:\/\/mittlerer-niederrhein.ihk.de\/de\/oeffentlichkeitsarbeit\/pressemitteilungen\/2024\/wie-die-neusser-wirtschaft-von-der-laga-profitieren-kann.html\">IHK Mittlerer Niederrhein<\/a><\/p>\n\n\n<figure class=\"wp-block-post-featured-image\"><img loading=\"lazy\" decoding=\"async\" width=\"987\" height=\"392\" src=\"https:\/\/standort-niederrhein.de\/wp-content\/uploads\/2024\/06\/pm136_regionalforum_rhein_kreis_neuss2-artikel2.jpg\" class=\"attachment-post-thumbnail size-post-thumbnail wp-post-image\" alt=\"\" style=\"object-fit:cover;\" srcset=\"https:\/\/standort-niederrhein.de\/wp-content\/uploads\/2024\/06\/pm136_regionalforum_rhein_kreis_neuss2-artikel2.jpg 987w, https:\/\/standort-niederrhein.de\/wp-content\/uploads\/2024\/06\/pm136_regionalforum_rhein_kreis_neuss2-artikel2-980x389.jpg 980w, https:\/\/standort-niederrhein.de\/wp-content\/uploads\/2024\/06\/pm136_regionalforum_rhein_kreis_neuss2-artikel2-480x191.jpg 480w\" sizes=\"(min-width: 0px) and (max-width: 480px) 480px, (min-width: 481px) and (max-width: 980px) 980px, (min-width: 981px) 987px, 100vw\" \/><\/figure>\n\n\n<p>Annette Nothnagel (Gesch\u00e4ftsf\u00fchrerin der LaGa GmbH, r.) sprach \u00fcber das Thema \u201eDie Landesgartenschau Neuss 2026 \u2013 Chancen f\u00fcr die regionale Wirtschaft\u201c. Tatjana Otto moderierte das Regionalforum. | Foto: IHK Mittlerer Niederrhein<\/p>\n","protected":false},"excerpt":{"rendered":"<p>Mittlerer Niederrhein\/ Neuss. Annette Nothnagel bezeichnet ihre Aufgabe als \u201eein Geschenk\u201c. Entsprechend begeistert erl\u00e4utert die Gesch\u00e4ftsf\u00fchrerin der Landesgartenschau Neuss 2026 GmbH (LaGa GmbH) die Pl\u00e4ne und die damit verbundenen \u201ebl\u00fchenden Perspektiven f\u00fcr die gesamte Stadt Neuss\u201c. Nothnagel war eine der Expertinnen und Experten, die beim Regionalforum Rhein-Kreis Neuss der Industrie- und Handelskammer (IHK) Mittlerer Niederrhein [&hellip;]<\/p>\n","protected":false},"author":3,"featured_media":4386,"comment_status":"closed","ping_status":"closed","sticky":false,"template":"","format":"standard","meta":{"_et_pb_use_builder":"","_et_pb_old_content":"","_et_gb_content_width":"","footnotes":""},"categories":[1],"tags":[],"class_list":["post-4385","post","type-post","status-publish","format-standard","has-post-thumbnail","hentry","category-allgemein"],"_links":{"self":[{"href":"https:\/\/standort-niederrhein.de\/en\/wp-json\/wp\/v2\/posts\/4385","targetHints":{"allow":["GET"]}}],"collection":[{"href":"https:\/\/standort-niederrhein.de\/en\/wp-json\/wp\/v2\/posts"}],"about":[{"href":"https:\/\/standort-niederrhein.de\/en\/wp-json\/wp\/v2\/types\/post"}],"author":[{"embeddable":true,"href":"https:\/\/standort-niederrhein.de\/en\/wp-json\/wp\/v2\/users\/3"}],"replies":[{"embeddable":true,"href":"https:\/\/standort-niederrhein.de\/en\/wp-json\/wp\/v2\/comments?post=4385"}],"version-history":[{"count":1,"href":"https:\/\/standort-niederrhein.de\/en\/wp-json\/wp\/v2\/posts\/4385\/revisions"}],"predecessor-version":[{"id":4387,"href":"https:\/\/standort-niederrhein.de\/en\/wp-json\/wp\/v2\/posts\/4385\/revisions\/4387"}],"wp:featuredmedia":[{"embeddable":true,"href":"https:\/\/standort-niederrhein.de\/en\/wp-json\/wp\/v2\/media\/4386"}],"wp:attachment":[{"href":"https:\/\/standort-niederrhein.de\/en\/wp-json\/wp\/v2\/media?parent=4385"}],"wp:term":[{"taxonomy":"category","embeddable":true,"href":"https:\/\/standort-niederrhein.de\/en\/wp-json\/wp\/v2\/categories?post=4385"},{"taxonomy":"post_tag","embeddable":true,"href":"https:\/\/standort-niederrhein.de\/en\/wp-json\/wp\/v2\/tags?post=4385"}],"curies":[{"name":"wp","href":"https:\/\/api.w.org\/{rel}","templated":true}]}}