{"id":4380,"date":"2024-06-24T06:00:00","date_gmt":"2024-06-24T04:00:00","guid":{"rendered":"https:\/\/invest-in-niederrhein.de\/?p=4380"},"modified":"2024-06-21T09:41:43","modified_gmt":"2024-06-21T07:41:43","slug":"begruenungsarbeiten-am-hbf-rheydt-fuer-ein-besseres-mikroklima","status":"publish","type":"post","link":"https:\/\/standort-niederrhein.de\/en\/2024\/06\/24\/begruenungsarbeiten-am-hbf-rheydt-fuer-ein-besseres-mikroklima\/","title":{"rendered":"Begr\u00fcnungsarbeiten am Hbf. Rheydt f\u00fcr ein besseres Mikroklima"},"content":{"rendered":"\n<p><strong>M\u00f6nchengladbach.<\/strong> Rund 200 Quadratmeter Gr\u00fcnfassade, 1.340 Quadratmeter Dachbegr\u00fcnung. Der Neubau am Hbf. Rheydt punktet mit Ma\u00dfnahmen f\u00fcr das Mikroklima und besondere Aufenthaltsqualit\u00e4t. Die Begr\u00fcnungsarbeiten sind inzwischen fast abgeschlossen. Heute wurde noch ein gro\u00dfer Eisenholzbaum per Autokran im Innenhof gepflanzt.<\/p>\n\n\n\n<p>Die Bilder der j\u00fcngsten Hochwasserkatastrophe in Bayern und Baden-W\u00fcrttemberg sind noch pr\u00e4sent. Sie zeigen einmal mehr, wie wichtig lokale Klimaanpassung und \u00dcberflutungsschutz sind. Am Hbf. Rheydt sind entsprechende Ma\u00dfnahmen bereits bei der Planung eingeflossen. Gro\u00dffl\u00e4chige Dach- und Fassadenbegr\u00fcnung schaffen nicht nur erholsame K\u00fchle an hei\u00dfen Sommertagen, die Begr\u00fcnung auf dem Dach sorgt mit erh\u00f6htem Wasserr\u00fcckhalt und stark gedrosselten \u00dcberl\u00e4ufen auch daf\u00fcr, das \u00dcberflutungsrisiko zu mindern. So ist sichergestellt, dass selbst bei Starkregenereignissen nur noch wenig bis kein Regenwasser von den D\u00e4chern in die Kanalisation abgegeben wird, die so entlastet wird. Das Risiko von \u00dcberflutungen sinkt. \u201eDies sind nicht nur Leitplanken f\u00fcr ein nachhaltiges Geb\u00e4ude, sondern auch f\u00fcr Aufenthaltsqualit\u00e4t und Wirtschaftlichkeit\u201c erl\u00e4utert so Dr. Ulrich Sch\u00fcckhaus, Vorsitzender der Entwicklungsgesellschaft der Stadt M\u00f6nchengladbach, Bauherrin des Neubaus. \u201eVor dem Hintergrund von zunehmend hei\u00dfen Sommern und vermehrten Starkregenereignissen sind K\u00fchlung und Versickerungsfl\u00e4chen kein Luxus, sondern essentiell f\u00fcr die Nutzung und den Bestand der Investition. Wir zeigen am Hauptbahnhof Rheydt, wie Klimaanpassung in M\u00f6nchengladbach gehen kann.\u201c<\/p>\n\n\n\n<p>Der erh\u00f6hte Wasserr\u00fcckhalt erm\u00f6glicht es, auch bei zunehmender sommerlicher Hitze und langer Trockenheit noch verdunstungsstarke und biodiversere Pflanzen einzusetzen. Zusammen mit insgesamt ca. 10.000 Pflanzen in der Fassadenbegr\u00fcnung ergibt dies eine sp\u00fcrbare Abk\u00fchlung an Hitzetagen, die der Gesundheit und dem Wohlbefinden von Reisenden, Besucherinnen und Besuchern sowie den Besch\u00e4ftigten am Hbf. Rheydt zugutekommt. \u201eBei der Auswahl der Pflanzen haben wir darauf geachtet, heimische, verdunstungsstarke und insektenfreundliche Pflanzen einzusetzen\u201c, sagt Peter K\u00fcsters, Urban Climate Architect vom Planungsb\u00fcro K\u00fcsters Gr\u00fcn.Stadt.Klima. Die Bew\u00e4sserungsanlage f\u00fcr die Fassadenbegr\u00fcnung arbeitet sensorgesteuert und ist damit besonders wassersparsam. \u201eEs geht uns darum, im Sommer eine maximale Verdunstungsk\u00fchlung zu erzeugen und gleichzeitig den Pflegeaufwand und die Unterhaltskosten m\u00f6glichst niedrig zu halten.\u201c<\/p>\n\n\n\n<p>Auch bei den Dachbegr\u00fcnung wurde fortschrittliche Technologie mit maximalen \u00d6kosystemleistungen und Wirtschaftlichkeit eingesetzt. \u201eAnstelle von einfachen extensiven Dachbegr\u00fcnungen, wie sie auf gro\u00dfen Industriehallend\u00e4chern vorkommen, haben wir am Hauptbahnhof Rheydt Retentionsdachbegr\u00fcnungen mit gedrosseltem Regenwasserabl\u00e4ufen eingesetzt. Damit senken wir nicht nur das \u00dcberflutungsrisiko und Folgekosten, sondern erh\u00f6hen gleichzeitig die K\u00fchlleistung und Biodiversit\u00e4t. Und das kostet unterm Strich keinen Cent, sondern spart Kosten f\u00fcr R\u00fcckstaukan\u00e4le und sch\u00fctzt vor Gesundheitsrisiken in den zunehmend hei\u00dfen Sommern\u201c, erl\u00e4utert K\u00fcsters.<\/p>\n\n\n\n<p>Im Innenhof wurde heute, als letzte gro\u00dfe Begr\u00fcnungsma\u00dfnahme, ein gro\u00dfer Eisenholzbaum eingesetzt. Eisenholzb\u00e4ume sind in Fachkreisen als \u201eZukunftsb\u00e4ume\u201c bekannt, da sie nicht nur stadtklimafest sind, sondern auch eine hohe K\u00fchlleistung haben.<\/p>\n\n\n\n<p><strong>Wegweisender Neubau<\/strong> <br>Die EWMG investiert am Hauptbahnhof in Rheydt einen zweistelligen Millionenbetrag \u2013 f\u00fcr Rheydt und die Gesamtstadt. Im April 2023 feierte sie mit allen Mitstreitern des neuen Empfangsgeb\u00e4udes Richtfest. Inzwischen ist das Geb\u00e4ude \u2013 sowohl die neue moderne Polizeiwache als auch die Fl\u00e4chen f\u00fcr Handel und B\u00fcronutzer \u2013 kurz vor Fertigstellung. Die Er\u00f6ffnung ist f\u00fcr nach den Sommerferien geplant. Der Neubau \u00fcberzeugt gleicherma\u00dfen mit st\u00e4dtebaulicher Qualit\u00e4t wie mit funktionalen Aspekten. Zusammen mit den Begr\u00fcnungsma\u00dfnahmen zahlen Fotovoltaik und der Einsatz von kreislauff\u00e4higen Materialien auf die Nachhaltigkeit des Geb\u00e4udes ein.<\/p>\n\n\n\n<p>Quelle: <a href=\"http:\/\/www.ewmg.de\">EWMG<\/a><\/p>\n\n\n<figure class=\"wp-block-post-featured-image\"><img loading=\"lazy\" decoding=\"async\" width=\"907\" height=\"1293\" src=\"https:\/\/standort-niederrhein.de\/wp-content\/uploads\/2024\/06\/Begruenung-Fassade_\u00a9Kuesters-Gruen.Stadt_.Klima_.jpg\" class=\"attachment-post-thumbnail size-post-thumbnail wp-post-image\" alt=\"\" style=\"object-fit:cover;\" srcset=\"https:\/\/standort-niederrhein.de\/wp-content\/uploads\/2024\/06\/Begruenung-Fassade_\u00a9Kuesters-Gruen.Stadt_.Klima_.jpg 907w, https:\/\/standort-niederrhein.de\/wp-content\/uploads\/2024\/06\/Begruenung-Fassade_\u00a9Kuesters-Gruen.Stadt_.Klima_-210x300.jpg 210w, https:\/\/standort-niederrhein.de\/wp-content\/uploads\/2024\/06\/Begruenung-Fassade_\u00a9Kuesters-Gruen.Stadt_.Klima_-718x1024.jpg 718w, https:\/\/standort-niederrhein.de\/wp-content\/uploads\/2024\/06\/Begruenung-Fassade_\u00a9Kuesters-Gruen.Stadt_.Klima_-768x1095.jpg 768w, https:\/\/standort-niederrhein.de\/wp-content\/uploads\/2024\/06\/Begruenung-Fassade_\u00a9Kuesters-Gruen.Stadt_.Klima_-480x684.jpg 480w\" sizes=\"(max-width: 907px) 100vw, 907px\" \/><\/figure>\n\n\n<p>\u00a9 K\u00fcsters Gr\u00fcn.Stadt.Klima<\/p>\n","protected":false},"excerpt":{"rendered":"<p>M\u00f6nchengladbach. Rund 200 Quadratmeter Gr\u00fcnfassade, 1.340 Quadratmeter Dachbegr\u00fcnung. Der Neubau am Hbf. Rheydt punktet mit Ma\u00dfnahmen f\u00fcr das Mikroklima und besondere Aufenthaltsqualit\u00e4t. Die Begr\u00fcnungsarbeiten sind inzwischen fast abgeschlossen. Heute wurde noch ein gro\u00dfer Eisenholzbaum per Autokran im Innenhof gepflanzt. Die Bilder der j\u00fcngsten Hochwasserkatastrophe in Bayern und Baden-W\u00fcrttemberg sind noch pr\u00e4sent. Sie zeigen einmal mehr, [&hellip;]<\/p>\n","protected":false},"author":3,"featured_media":4381,"comment_status":"closed","ping_status":"closed","sticky":false,"template":"","format":"standard","meta":{"_et_pb_use_builder":"","_et_pb_old_content":"","_et_gb_content_width":"","footnotes":""},"categories":[1],"tags":[],"class_list":["post-4380","post","type-post","status-publish","format-standard","has-post-thumbnail","hentry","category-allgemein"],"_links":{"self":[{"href":"https:\/\/standort-niederrhein.de\/en\/wp-json\/wp\/v2\/posts\/4380","targetHints":{"allow":["GET"]}}],"collection":[{"href":"https:\/\/standort-niederrhein.de\/en\/wp-json\/wp\/v2\/posts"}],"about":[{"href":"https:\/\/standort-niederrhein.de\/en\/wp-json\/wp\/v2\/types\/post"}],"author":[{"embeddable":true,"href":"https:\/\/standort-niederrhein.de\/en\/wp-json\/wp\/v2\/users\/3"}],"replies":[{"embeddable":true,"href":"https:\/\/standort-niederrhein.de\/en\/wp-json\/wp\/v2\/comments?post=4380"}],"version-history":[{"count":1,"href":"https:\/\/standort-niederrhein.de\/en\/wp-json\/wp\/v2\/posts\/4380\/revisions"}],"predecessor-version":[{"id":4382,"href":"https:\/\/standort-niederrhein.de\/en\/wp-json\/wp\/v2\/posts\/4380\/revisions\/4382"}],"wp:featuredmedia":[{"embeddable":true,"href":"https:\/\/standort-niederrhein.de\/en\/wp-json\/wp\/v2\/media\/4381"}],"wp:attachment":[{"href":"https:\/\/standort-niederrhein.de\/en\/wp-json\/wp\/v2\/media?parent=4380"}],"wp:term":[{"taxonomy":"category","embeddable":true,"href":"https:\/\/standort-niederrhein.de\/en\/wp-json\/wp\/v2\/categories?post=4380"},{"taxonomy":"post_tag","embeddable":true,"href":"https:\/\/standort-niederrhein.de\/en\/wp-json\/wp\/v2\/tags?post=4380"}],"curies":[{"name":"wp","href":"https:\/\/api.w.org\/{rel}","templated":true}]}}