{"id":4373,"date":"2024-06-22T06:00:00","date_gmt":"2024-06-22T04:00:00","guid":{"rendered":"https:\/\/invest-in-niederrhein.de\/?p=4373"},"modified":"2024-06-18T13:50:40","modified_gmt":"2024-06-18T11:50:40","slug":"neue-analyse-zeigt-potenzial-fuer-52-freiflaechen-photovoltaikanlagen","status":"publish","type":"post","link":"https:\/\/standort-niederrhein.de\/en\/2024\/06\/22\/neue-analyse-zeigt-potenzial-fuer-52-freiflaechen-photovoltaikanlagen\/","title":{"rendered":"Neue Analyse zeigt Potenzial f\u00fcr 52 Freifl\u00e4chen-Photovoltaikanlagen"},"content":{"rendered":"\n<p><strong>Krefeld. <\/strong>Eine neue Fl\u00e4chenpotenzialanalyse zeigt auf, welche Gebiete in Krefeld f\u00fcr Photovoltaik-Freifl\u00e4chenanlagen besonders geeignet sind. Dazu geh\u00f6ren etwa Fl\u00e4chen rund um die Autobahn 57 im n\u00f6rdlichen Stadtgebiet sowie entlang der Autobahn 44 in Richtung Westen. Auch \u00f6stlich des Elfrather Sees, entlang der Bahnlinien nach Kempen und Viersen sowie Meerbusch gibt es ein Fl\u00e4chenpotenzial. In den n\u00f6rdlichen Stadtteilen kommen weitere Einzelfl\u00e4chen f\u00fcr die Errichtung von Photovoltaik-Freifl\u00e4chenanlagen in Betracht. Die Detail-Ergebnisse dieser Analyse wird das mit der Studie beauftragte Gutachterb\u00fcro Bosch und Partner in der n\u00e4chsten Sitzung des Ausschusses f\u00fcr Umwelt, Klima, Nachhaltigkeit und Landwirtschaft im Detail vorstellen.<\/p>\n\n\n\n<p>Hervorgegangen ist die Studie aus dem Integrierten Klimaschutzkonzept KrefeldKlimaNeutral 2035, das eine intensive Nutzung regenerativer Energien in Krefeld vorsieht. Krefelds Umweltdezernentin Sabine Lauxen sagt: \u201eDie Ergebnisse der beauftragten Analyse zeigen, dass wir in Krefeld viele Fl\u00e4chen haben, die sich zur Gewinnung von Photovoltaik-Energie nutzen lassen. Der Umbau auf mehr regenerative Energien bietet f\u00fcr unsere Stadt gro\u00dfe Potenziale. Die sollten wir nicht ungenutzt lassen. Die Sonne schickt keine Rechnung, auch wirtschaftlich ist die Investition in PV-Anlagen sinnvoll. Und ich bin fest davon \u00fcberzeugt: Eine gelungene Energiewende ist gut f\u00fcr unser Land. Wir machen sie nicht nur f\u00fcr uns, sondern besonders f\u00fcr unsere Kinder und Enkel.\u201c<\/p>\n\n\n\n<p>Die Gutachter haben die Analyse mithilfe des Geoinformationssytems erstellt. Das Modell der Fl\u00e4chenpotenzialanalyse wurde von Bosch &amp; Partner gemeinsam mit dem Fraunhofer Institut f\u00fcr Energiewirtschaft und Energiesystemtechnik entwickelt und kommt in Krefeld auf regionaler Ebene zur Anwendung. Das Modell basiert auf einer urspr\u00fcnglich deutschlandweit erstellten Kriterien-Datenbank und wurde auf Krefeld \u00fcbertragen. Die Gutachter untersuchten anhand von vorliegenden Daten, welche Fl\u00e4chen im Stadtgebiet in Betracht kommen und welche aus bestimmten stadtplanerischen Gr\u00fcnden oder beispielsweise Umweltaspekten ungeeignet sind. Unter Ber\u00fccksichtigung dieser Aspekte wurde zun\u00e4chst eine gro\u00dfe Anzahl von gr\u00f6\u00dferen und kleineren Potenzialfl\u00e4chen ermittelt. In einem n\u00e4chsten Schritt haben die Gutachter Kriterien wie Fl\u00e4chenmindestgr\u00f6\u00dfe oder die Zusammenlegung mehrerer Potenzialfl\u00e4chen untersucht. Mehrere weitere Ausschlusskriterien kamen zum Tragen: So wurden Freifl\u00e4chenanlagen auf Ackerfl\u00e4chen mit hoher Ertragsf\u00e4higkeit ausgeschlossen \u2013 ab einer Bodenwertzahl gr\u00f6\u00dfer als 55.<\/p>\n\n\n\n<p>Im Ergebnis sind insgesamt 52 Fl\u00e4chen mit Potenzial f\u00fcr klassische Photovoltaik-Freifl\u00e4chenanlagen ermittelt worden. Hinzu kommt eine geringe Anzahl an Potenzialfl\u00e4chen f\u00fcr Agri-PV sowie Biotop-PV. Agri-PV bedeutet, dass auf einer Fl\u00e4che gleichzeitig Landwirtschaft betrieben werden kann und PV-Anlagen installiert werden. Die Pflanzen wachsen dann beispielsweise unter der PV-Anlage. \u00c4hnlich wie beim Konzept zur Nutzung von Windenenergie in Krefeld wurden auch diese Fl\u00e4chen mit Priorit\u00e4ten versehen. Die h\u00f6chste Priorit\u00e4t haben Freifl\u00e4chen-PV-Anlagen entlang von Autobahnen und zweigleisigen Eisenbahnstrecken. In die Kategorie 2 und 3 fallen die Fl\u00e4chen in st\u00e4dtischem beziehungsweise privatem Besitz. Mit Priorit\u00e4t 4 werden die Agri-PV-Fl\u00e4chen bewertet, Priorit\u00e4t 5 gilt f\u00fcr Biotop-PV-Fl\u00e4chen. Wenn die Politik im Klimaausschuss ihre Zustimmung erteilt, wird die Verwaltung in einem n\u00e4chsten Schritt auf die entsprechenden Eigent\u00fcmer der Fl\u00e4chen zugehen und \u00fcber die Potenziale der Fl\u00e4chen informieren.<\/p>\n\n\n\n<p>Quelle: <a href=\"http:\/\/www.krefeld.de\">Stadt Krefeld<\/a><\/p>\n","protected":false},"excerpt":{"rendered":"<p>Krefeld. Eine neue Fl\u00e4chenpotenzialanalyse zeigt auf, welche Gebiete in Krefeld f\u00fcr Photovoltaik-Freifl\u00e4chenanlagen besonders geeignet sind. Dazu geh\u00f6ren etwa Fl\u00e4chen rund um die Autobahn 57 im n\u00f6rdlichen Stadtgebiet sowie entlang der Autobahn 44 in Richtung Westen. Auch \u00f6stlich des Elfrather Sees, entlang der Bahnlinien nach Kempen und Viersen sowie Meerbusch gibt es ein Fl\u00e4chenpotenzial. In den [&hellip;]<\/p>\n","protected":false},"author":3,"featured_media":0,"comment_status":"closed","ping_status":"closed","sticky":false,"template":"","format":"standard","meta":{"_et_pb_use_builder":"","_et_pb_old_content":"","_et_gb_content_width":"","footnotes":""},"categories":[1],"tags":[],"class_list":["post-4373","post","type-post","status-publish","format-standard","hentry","category-allgemein"],"_links":{"self":[{"href":"https:\/\/standort-niederrhein.de\/en\/wp-json\/wp\/v2\/posts\/4373","targetHints":{"allow":["GET"]}}],"collection":[{"href":"https:\/\/standort-niederrhein.de\/en\/wp-json\/wp\/v2\/posts"}],"about":[{"href":"https:\/\/standort-niederrhein.de\/en\/wp-json\/wp\/v2\/types\/post"}],"author":[{"embeddable":true,"href":"https:\/\/standort-niederrhein.de\/en\/wp-json\/wp\/v2\/users\/3"}],"replies":[{"embeddable":true,"href":"https:\/\/standort-niederrhein.de\/en\/wp-json\/wp\/v2\/comments?post=4373"}],"version-history":[{"count":1,"href":"https:\/\/standort-niederrhein.de\/en\/wp-json\/wp\/v2\/posts\/4373\/revisions"}],"predecessor-version":[{"id":4374,"href":"https:\/\/standort-niederrhein.de\/en\/wp-json\/wp\/v2\/posts\/4373\/revisions\/4374"}],"wp:attachment":[{"href":"https:\/\/standort-niederrhein.de\/en\/wp-json\/wp\/v2\/media?parent=4373"}],"wp:term":[{"taxonomy":"category","embeddable":true,"href":"https:\/\/standort-niederrhein.de\/en\/wp-json\/wp\/v2\/categories?post=4373"},{"taxonomy":"post_tag","embeddable":true,"href":"https:\/\/standort-niederrhein.de\/en\/wp-json\/wp\/v2\/tags?post=4373"}],"curies":[{"name":"wp","href":"https:\/\/api.w.org\/{rel}","templated":true}]}}